{"id":314209,"date":"2025-12-30T17:22:10","date_gmt":"2025-12-30T17:22:10","guid":{"rendered":"https:\/\/www.europesays.com\/es\/314209\/"},"modified":"2025-12-30T17:22:10","modified_gmt":"2025-12-30T17:22:10","slug":"10-bandas-que-tomaron-su-nombre-de-una-cancion","status":"publish","type":"post","link":"https:\/\/www.europesays.com\/es\/314209\/","title":{"rendered":"10 bandas que tomaron su nombre de una canci\u00f3n"},"content":{"rendered":"<p>Encontrar un nombre que defina a una banda no es tarea f\u00e1cil. Mientras que muchos optan por crear algo desde cero, otros eligen su nombre en base a algo que ya existe. <strong>Varias agrupaciones de rock tomaron su nombre de una canci\u00f3n. A continuaci\u00f3n, 10 ejemplos<\/strong>. <\/p>\n<p>The Rolling Stones &#8211; Muddy Waters: \u00abRollin\u2019 Stone\u00bb<\/p>\n<p>En 1962, <strong><a href=\"https:\/\/indiehoy.com\/noticias\/jim-morrison-brian-jones-teorias-coincidencias-tragedias-rock-3-julio\/\" target=\"_blank\" rel=\"noreferrer noopener nofollow\">Brian Jones<\/a><\/strong> <strong>sugiri\u00f3 el nombre The Rolling Stones tras ver el single \u201cRollin\u2019 Stone\u201d de<\/strong> <strong>Muddy Waters<\/strong> tirado en su casa. La banda brit\u00e1nica adopt\u00f3 el nombre, rindiendo homenaje a su pasi\u00f3n por el blues.<\/p>\n<p>Radiohead &#8211; Talking Heads: \u00abRadio Head\u00bb<\/p>\n<p>Antes conocida como On a Friday, en 1991 <strong>cambiaron su nombre por Radiohead tras escuchar el tema \u201cRadio Head\u201d de <a href=\"https:\/\/indiehoy.com\/noticias\/talking-heads-estrena-por-primera-vez-el-videoclip-de-psycho-killer\/\" target=\"_blank\" rel=\"noreferrer noopener nofollow\">Talking Heads<\/a><\/strong>. El nombre reflej\u00f3 el lado experimental y cerebral de <strong><a href=\"https:\/\/indiehoy.com\/historias\/como-se-vincula-creep-de-radiohead-con-frank-sinatra-thom-yorke-lo-explica\/\" target=\"_blank\" rel=\"noreferrer noopener nofollow\">Thom Yorke<\/a><\/strong> y compa\u00f1\u00eda.<\/p>\n<p>Judas Priest &#8211; Bob Dylan: \u00abThe Ballad of Frankie Lee and Judas Priest\u00bb<\/p>\n<p>El nombre<strong> <a href=\"https:\/\/indiehoy.com\/historias\/3-canciones-que-tienen-gritos-memorables-beatles-judas-priest-guns-n-roses\/\" target=\"_blank\" rel=\"noreferrer noopener nofollow\">Judas Priest<\/a><\/strong> fue elegido por el bajista original <strong>Bruno Stapenhill<\/strong> tras <strong>inspirarse en la canci\u00f3n \u00abThe Ballad of Frankie Lee and Judas Priest\u00bb de <a href=\"https:\/\/indiehoy.com\/noticias\/bob-dylan-lanzara-un-libro-con-mas-de-100-dibujos\/\" target=\"_blank\" rel=\"noreferrer noopener nofollow\">Bob Dylan<\/a> de 1967<\/strong>. Este nombre encarn\u00f3 la fuerza que buscaron proyectar en su heavy metal.<\/p>\n<p>Deep Purple &#8211; Larry Clinton: \u00abDeep Purple\u00bb<\/p>\n<p><strong><a href=\"https:\/\/indiehoy.com\/historias\/5-mejores-bandas-70-segun-ritchie-blackmore\/\" target=\"_blank\" rel=\"noreferrer noopener nofollow\">Ritchie Blackmore<\/a><\/strong> <strong>sac\u00f3 el nombre de \u00abDeep Purple\u00bb, tema de jazz de 1933 que sol\u00eda gustarle a su abuela<\/strong>. La banda pas\u00f3 por varios nombres hasta decidir mantener <a href=\"https:\/\/indiehoy.com\/historias\/5-datos-tragicos-sobre-deep-purple\/\" target=\"_blank\" rel=\"noreferrer noopener nofollow\"><strong>Deep<\/strong> <strong>Purple<\/strong><\/a>, que luego se convertir\u00eda en un sin\u00f3nimo del hard rock cl\u00e1sico.<\/p>\n<p>Mot\u00f6rhead &#8211; Hawkwind: \u00abMotorhead\u00bb<\/p>\n<p><a href=\"https:\/\/indiehoy.com\/noticias\/lemmy-kilmister-estatua-ciudad-natal-50-anos-motorhead\/\" target=\"_blank\" rel=\"noreferrer noopener nofollow\"><strong>Lemmy<\/strong>\u00a0<strong>Kilmister<\/strong><\/a> fund\u00f3 su banda bajo un nombre propio: <strong>tom\u00f3 el t\u00edtulo de \u00abMotorhead\u00bb, canci\u00f3n que \u00e9l mismo hab\u00eda escrito para Hawkwind<\/strong>. As\u00ed, el nombre lo acompa\u00f1\u00f3 hasta consagrarse como s\u00edmbolo del rock pesado.<\/p>\n<p>Queensr\u00ffche &#8211; Chris DeGarmo: \u00abQueen of the Reich\u00bb<\/p>\n<p>El grupo estadounidense comenz\u00f3 como un tributo conceptual, <strong>inspirados directamente por el tema \u201cQueen of the Reich\u201d creado por su guitarrista DeGarmo<\/strong>. De ah\u00ed deriv\u00f3 <strong>Queensr\u00ffche<\/strong>.<\/p>\n<p>The Cure &#8211; <strong>Lol Tolhurst<\/strong>: \u00abThe Easy Cure\u00bb<\/p>\n<p>La banda pas\u00f3 por varios nombres, entre ellos Easy Cure, <strong>tomado del tema hom\u00f3nimo escrito por el baterista<\/strong> <strong>Lol Tolhurst<\/strong>. Con el tiempo, decidieron acortar el nombre y pas\u00f3 a ser simplemente <strong><a href=\"https:\/\/indiehoy.com\/historias\/10-bandas-y-artistas-que-odian-sus-propios-discos-the-beatles-pink-floyd-mas\/\" target=\"_blank\" rel=\"noreferrer noopener nofollow\">The Cure<\/a>.<\/strong><\/p>\n<p>Butthole Surfers &#8211; \u00abButthole Surfer\u00bb<\/p>\n<p>Aunque surgi\u00f3 por accidente durante un show en San Antonio, <strong>el nombre sali\u00f3 de una canci\u00f3n propia llamada \u201cButthole Surfer\u201d<\/strong>. El locutor, sin recordar el nombre del grupo, lo present\u00f3 con ese t\u00edtulo y el nombre qued\u00f3 para siempre.<\/p>\n<p>Bad Brains &#8211; Ramones: \u00abBad Brain\u00bb<\/p>\n<p><strong>Bad Brains<\/strong> <strong>tom\u00f3 su nombre de la canci\u00f3n \u201cBad Brain\u201d del \u00e1lbum Road to Ruin (1978) de los<\/strong> <strong><a href=\"https:\/\/indiehoy.com\/historias\/4-canciones-esenciales-de-los-ramones\/\" target=\"_blank\" rel=\"noreferrer noopener nofollow\">Ramones<\/a><\/strong>. Su elecci\u00f3n reflej\u00f3 su energ\u00eda punk-hardcore y fue un homenaje al grupo neoyorquino.<\/p>\n<p>Electric Wizard &#8211; Black Sabbath: \u00abElectric Funeral\u00bb + \u00abThe Wizard\u00bb<\/p>\n<p>El nombre es <strong>una combinaci\u00f3n de dos temas de <a href=\"https:\/\/indiehoy.com\/noticias\/black-sabbath-comenzo-los-ensayos-para-su-show-final-la-foto-que-emociono-a-los-fans\/\" target=\"_blank\" rel=\"noreferrer noopener nofollow\">Black Sabbath<\/a>: \u201cElectric Funeral\u201d y \u201cThe Wizard\u201d<\/strong>. Esta dualidad sonora reflej\u00f3 el gusto del grupo por los riffs pesados y las atm\u00f3sferas oscuras.<\/p>\n","protected":false},"excerpt":{"rendered":"Encontrar un nombre que defina a una banda no es tarea f\u00e1cil. Mientras que muchos optan por crear&hellip;\n","protected":false},"author":2,"featured_media":314210,"comment_status":"","ping_status":"","sticky":false,"template":"","format":"standard","meta":{"footnotes":""},"categories":[170],"tags":[64234,62124,146,147,25,24,478,27208,184,185,3529,23,19306,6962],"class_list":{"0":"post-314209","1":"post","2":"type-post","3":"status-publish","4":"format-standard","5":"has-post-thumbnail","7":"category-musica","8":"tag-bad-brains","9":"tag-deep-purple","10":"tag-entertainment","11":"tag-entretenimiento","12":"tag-es","13":"tag-espana","14":"tag-judas-priest","15":"tag-motorhead","16":"tag-music","17":"tag-musica","18":"tag-radiohead","19":"tag-spain","20":"tag-the-cure","21":"tag-the-rolling-stones"},"share_on_mastodon":{"url":"https:\/\/pubeurope.com\/@es\/115809677729906709","error":""},"_links":{"self":[{"href":"https:\/\/www.europesays.com\/es\/wp-json\/wp\/v2\/posts\/314209","targetHints":{"allow":["GET"]}}],"collection":[{"href":"https:\/\/www.europesays.com\/es\/wp-json\/wp\/v2\/posts"}],"about":[{"href":"https:\/\/www.europesays.com\/es\/wp-json\/wp\/v2\/types\/post"}],"author":[{"embeddable":true,"href":"https:\/\/www.europesays.com\/es\/wp-json\/wp\/v2\/users\/2"}],"replies":[{"embeddable":true,"href":"https:\/\/www.europesays.com\/es\/wp-json\/wp\/v2\/comments?post=314209"}],"version-history":[{"count":0,"href":"https:\/\/www.europesays.com\/es\/wp-json\/wp\/v2\/posts\/314209\/revisions"}],"wp:featuredmedia":[{"embeddable":true,"href":"https:\/\/www.europesays.com\/es\/wp-json\/wp\/v2\/media\/314210"}],"wp:attachment":[{"href":"https:\/\/www.europesays.com\/es\/wp-json\/wp\/v2\/media?parent=314209"}],"wp:term":[{"taxonomy":"category","embeddable":true,"href":"https:\/\/www.europesays.com\/es\/wp-json\/wp\/v2\/categories?post=314209"},{"taxonomy":"post_tag","embeddable":true,"href":"https:\/\/www.europesays.com\/es\/wp-json\/wp\/v2\/tags?post=314209"}],"curies":[{"name":"wp","href":"https:\/\/api.w.org\/{rel}","templated":true}]}}