{"id":314216,"date":"2025-12-30T17:26:14","date_gmt":"2025-12-30T17:26:14","guid":{"rendered":"https:\/\/www.europesays.com\/es\/314216\/"},"modified":"2025-12-30T17:26:14","modified_gmt":"2025-12-30T17:26:14","slug":"campanadas-encuesta-en-que-cadena-de-tv-vas-a-ver-las-campanadas-2025-2026","status":"publish","type":"post","link":"https:\/\/www.europesays.com\/es\/314216\/","title":{"rendered":"Campanadas: ENCUESTA | \u00bfEn qu\u00e9 cadena de TV vas a ver las Campanadas 2025-2026?"},"content":{"rendered":"<p class=\"article-text\">\n        Ya est\u00e1 todo listo para la retransmisi\u00f3n televisiva m\u00e1s esperada del a\u00f1o: las <strong>Campanadas<\/strong>. Una cita que re\u00fane cada<strong> 31 de diciembre <\/strong>a millones de personas frente al televisor, y para la que todas las cadenas, las nacionales y las auton\u00f3micas, ya han elegido a sus <a href=\"https:\/\/www.eldiario.es\/vertele\/noticias\/campanadas-2025-2026-tv-guia-presentadores-presentadoras-daran-uvas-nochevieja-nacional-autonomico-chenoa-estopa-pedroche-chicote_1_12875079.html\" target=\"_blank\" data-mrf-recirculation=\"links-noticia\" class=\"link\" rel=\"nofollow noopener\">presentadores y presentadoras<\/a>.\n    <\/p>\n<p class=\"article-text\">\n        <strong>Chenoa y Estopa<\/strong> encabezan la apuesta musical de <strong>RTVE <\/strong>para esta Nochevieja desde la Puerta del Sol, mientras que <strong>Atresmedia <\/strong>unifica por primera vez sus uvas con <strong>Cristina Pedroche y Alberto Chicote<\/strong> por partida doble en <strong>Antena 3 y laSexta<\/strong>.\n    <\/p>\n<p class=\"article-text\">\n        Mediaset, por su parte, vuelve a hacer las maletas y conectar\u00e1 desde Formigal con <strong>Sandra Barneda y Xuso Jones<\/strong>, y las auton\u00f3micas se reparten por la geograf\u00eda con especial atenci\u00f3n a las de <strong>TV3<\/strong> con <strong>Miki N\u00fa\u00f1ez y Laura Escanes<\/strong>.\n    <\/p>\n<p>    <a href=\"https:\/\/www.eldiario.es\/vertele\/noticias\/campanadas-2025-2026-tv-guia-presentadores-presentadoras-daran-uvas-nochevieja-nacional-autonomico-chenoa-estopa-pedroche-chicote_1_12875079.html\" data-mrf-recirculation=\"saber-mas-abajo\" data-dl-event=\"saber-mas-abajo\" rel=\"nofollow noopener\" target=\"_blank\"><\/p>\n<p class=\"know-more__title\">Campanadas 2025-2026 en TV: la gu\u00eda de los presentadores que dar\u00e1n las uvas a nivel nacional y auton\u00f3mico\n<\/p>\n<p>            <img decoding=\"async\" class=\"lazy\" loading=\"lazy\" data-src=\"https:\/\/static.eldiario.es\/clip\/9fa68f4f-8aba-4cc6-bf44-6dbeb5b78b46_16-9-aspect-ratio_default_0.jpg\" src=\"data:image\/svg+xml,%3Csvg xmlns=\" http:=\"\" viewbox=\"0 0 880 495\" alt=\"Campanadas 2025-2026 en TV: la gu\u00eda de los presentadores que dar\u00e1n las uvas a nivel nacional y auton\u00f3mico\"\/><\/p>\n<p>                        <\/a><\/p>\n<p class=\"article-text\">\n        Antes de que llegue el gran momento, queremos preguntarte:\u00a0<strong>\u00bfCon qui\u00e9n vas a ver las Campanadas 2025-2026 en TV?<\/strong>\n    <\/p>\n","protected":false},"excerpt":{"rendered":"Ya est\u00e1 todo listo para la retransmisi\u00f3n televisiva m\u00e1s esperada del a\u00f1o: las Campanadas. Una cita que re\u00fane&hellip;\n","protected":false},"author":2,"featured_media":314217,"comment_status":"","ping_status":"","sticky":false,"template":"","format":"standard","meta":{"footnotes":""},"categories":[91],"tags":[45,3076,151,7280,19680,48603,17945,38680,553,146,147,25,24,7670,955,32459,518,23,214,16365,809,73678],"class_list":{"0":"post-314216","1":"post","2":"type-post","3":"status-publish","4":"format-standard","5":"has-post-thumbnail","7":"category-entretenimiento","8":"tag-45","9":"tag-3076","10":"tag-atresmedia","11":"tag-barneda","12":"tag-cadena","13":"tag-campanadas","14":"tag-chenoa","15":"tag-chicote","16":"tag-encuesta","17":"tag-entertainment","18":"tag-entretenimiento","19":"tag-es","20":"tag-espana","21":"tag-estopa","22":"tag-mediaset","23":"tag-pedroche","24":"tag-rtve","25":"tag-spain","26":"tag-tv","27":"tag-vas","28":"tag-ver","29":"tag-xusojones"},"share_on_mastodon":{"url":"https:\/\/pubeurope.com\/@es\/115809693613789256","error":""},"_links":{"self":[{"href":"https:\/\/www.europesays.com\/es\/wp-json\/wp\/v2\/posts\/314216","targetHints":{"allow":["GET"]}}],"collection":[{"href":"https:\/\/www.europesays.com\/es\/wp-json\/wp\/v2\/posts"}],"about":[{"href":"https:\/\/www.europesays.com\/es\/wp-json\/wp\/v2\/types\/post"}],"author":[{"embeddable":true,"href":"https:\/\/www.europesays.com\/es\/wp-json\/wp\/v2\/users\/2"}],"replies":[{"embeddable":true,"href":"https:\/\/www.europesays.com\/es\/wp-json\/wp\/v2\/comments?post=314216"}],"version-history":[{"count":0,"href":"https:\/\/www.europesays.com\/es\/wp-json\/wp\/v2\/posts\/314216\/revisions"}],"wp:featuredmedia":[{"embeddable":true,"href":"https:\/\/www.europesays.com\/es\/wp-json\/wp\/v2\/media\/314217"}],"wp:attachment":[{"href":"https:\/\/www.europesays.com\/es\/wp-json\/wp\/v2\/media?parent=314216"}],"wp:term":[{"taxonomy":"category","embeddable":true,"href":"https:\/\/www.europesays.com\/es\/wp-json\/wp\/v2\/categories?post=314216"},{"taxonomy":"post_tag","embeddable":true,"href":"https:\/\/www.europesays.com\/es\/wp-json\/wp\/v2\/tags?post=314216"}],"curies":[{"name":"wp","href":"https:\/\/api.w.org\/{rel}","templated":true}]}}