{"id":314245,"date":"2025-12-30T17:48:09","date_gmt":"2025-12-30T17:48:09","guid":{"rendered":"https:\/\/www.europesays.com\/es\/314245\/"},"modified":"2025-12-30T17:48:09","modified_gmt":"2025-12-30T17:48:09","slug":"para-la-ciencia-mantener-la-hipertension-bajo-control-podria-reducir-la-demencia-aun-con-genes-de-riesgo","status":"publish","type":"post","link":"https:\/\/www.europesays.com\/es\/314245\/","title":{"rendered":"Para la ciencia, mantener la hipertensi\u00f3n bajo control podr\u00eda reducir la demencia, aun con genes de riesgo"},"content":{"rendered":"<p><img alt=\"El control de la hipertensi\u00f3n\" class=\"global-image\" decoding=\"async\" fetchpriority=\"high\" height=\"768\" loading=\"eager\" src=\"https:\/\/www.europesays.com\/es\/wp-content\/uploads\/2025\/12\/AATNZH4FMZHVZM3IWWNFALWXBM.png\" width=\"1408\"\/>El control de la hipertensi\u00f3n arterial reduce el riesgo de demencia, incluso en personas con predisposici\u00f3n gen\u00e9tica al Alzheimer (Imagen Ilustrativa Infobae)<\/p>\n<p class=\"paragraph\"><b>El riesgo de desarrollar demencia va mucho m\u00e1s all\u00e1 de la herencia gen\u00e9tica.<\/b> Una investigaci\u00f3n reciente de la <b>Universidad de Yale<\/b> revela que cuidar la salud vascular, y en particular controlar la <a href=\"https:\/\/www.infobae.com\/salud\/2025\/12\/09\/11-estrategias-avaladas-por-la-ciencia-para-reducir-la-presion-arterial\/\" target=\"_blank\" rel=\"noreferrer nofollow noopener\" title=\"https:\/\/www.infobae.com\/salud\/2025\/12\/09\/11-estrategias-avaladas-por-la-ciencia-para-reducir-la-presion-arterial\/\"><b>hipertensi\u00f3n arterial<\/b><\/a>, puede reducir de manera significativa la probabilidad de sufrir deterioro cognitivo, incluso en personas que tienen predisposici\u00f3n gen\u00e9tica a enfermedades neurodegenerativas. <\/p>\n<p class=\"paragraph\">Los hallazgos aportan un mensaje optimista:<b> la prevenci\u00f3n y la atenci\u00f3n a factores modificables se consolidan como recursos clave para preservar la funci\u00f3n cerebral y mejorar la calidad de vida a largo plazo. <\/b><\/p>\n<p class=\"paragraph\">La demencia, y en particular la enfermedad de Alzheimer, representa uno de los grandes retos de la medicina actual. Si bien la influencia de los genes, como la variante \u03b54 del gen <b>APOE<\/b>, est\u00e1 bien documentada, la ciencia ha demostrado que las lesiones vasculares del cerebro tienen un papel relevante en el desarrollo del deterioro cognitivo. <\/p>\n<p class=\"paragraph\">El equipo de la Facultad de Medicina de Yale investig\u00f3 c\u00f3mo interact\u00faan estos dos caminos: <b>la predisposici\u00f3n gen\u00e9tica y el da\u00f1o cerebral causado por factores vasculares.<\/b><\/p>\n<p class=\"paragraph\">Para ello, los investigadores analizaron la presencia de la variante \u03b54 del gen APOE y el da\u00f1o cerebral conocido como hiperintensidad de la sustancia blanca (HSB). Esta lesi\u00f3n, identificable mediante resonancia magn\u00e9tica, suele relacionarse con la <b>hipertensi\u00f3n persistente<\/b> y el da\u00f1o progresivo de los peque\u00f1os vasos sangu\u00edneos del cerebro. La HSB se considera un marcador importante de vulnerabilidad a la demencia, ya que incrementa el riesgo de deterioro cognitivo.<\/p>\n<p><img alt=\"Un estudio de la Universidad\" class=\"global-image\" decoding=\"async\" fetchpriority=\"low\" height=\"768\" loading=\"lazy\" src=\"https:\/\/www.europesays.com\/es\/wp-content\/uploads\/2025\/12\/4ODNYN6QEJE3DEYE6GGO7J5UTE.png\" width=\"1408\"\/>Un estudio de la Universidad de Yale demuestra que la salud vascular es fundamental para prevenir el deterioro cognitivo y mejorar la calidad de vida (Imagen Ilustrativa Infobae)<\/p>\n<p class=\"paragraph\">Seg\u00fan <b>Adam de Havenon<\/b>, profesor asociado de neurolog\u00eda y autor principal del estudio, la investigaci\u00f3n busc\u00f3 determinar si el riesgo de demencia aumentaba de forma aditiva o multiplicativa al combinar ambos factores. \u201cIncluso si has tenido una mala suerte gen\u00e9tica con APOE \u03b54, no est\u00e1s destinado a padecer demencia. El componente vascular es modificable\u201d, afirm\u00f3 Adam de Havenon.<\/p>\n<p class=\"paragraph\">El <a href=\"https:\/\/onlinelibrary.wiley.com\/doi\/10.1002\/ana.78103\" target=\"_blank\" rel=\"noreferrer nofollow noopener\" title=\"https:\/\/onlinelibrary.wiley.com\/doi\/10.1002\/ana.78103\">estudio<\/a> utiliz\u00f3 datos de grandes cohortes, como el <b>estudio sobre el riesgo de aterosclerosis en comunidades<\/b> y el <b>Biobanco del Reino Unido<\/b>, lo que permiti\u00f3 analizar la informaci\u00f3n de decenas de miles de personas a lo largo de varios a\u00f1os. Los resultados mostraron que quienes presentaban tanto altos niveles de HSB como la variante APOE \u03b54 ten\u00edan una probabilidad significativamente mayor de desarrollar demencia, comparados con quienes carec\u00edan de ambos factores.<\/p>\n<p class=\"paragraph\">Sin embargo, la Universidad de Yale destac\u00f3 que los efectos de la gen\u00e9tica y el da\u00f1o vascular son independientes: \u201cCada factor suma a su propio riesgo, en lugar de multiplicarse entre s\u00ed\u201d, explic\u00f3 Adam de Havenon. Esto significa que, aunque la predisposici\u00f3n gen\u00e9tica eleva la vulnerabilidad, <b>la <\/b><a href=\"https:\/\/www.infobae.com\/salud\/2025\/11\/10\/diez-claves-respaldadas-por-la-ciencia-para-proteger-la-salud-cardiovascular\/\" target=\"_blank\" rel=\"noreferrer nofollow noopener\" title=\"https:\/\/www.infobae.com\/salud\/2025\/11\/10\/diez-claves-respaldadas-por-la-ciencia-para-proteger-la-salud-cardiovascular\/\"><b>salud vascular<\/b><\/a><b> sigue siendo un aspecto modificable y esencial para la prevenci\u00f3n<\/b>.<\/p>\n<p><img alt=\"El control m\u00e9dico regular, h\u00e1bitos\" class=\"global-image\" decoding=\"async\" fetchpriority=\"low\" height=\"816\" loading=\"lazy\" src=\"https:\/\/www.europesays.com\/es\/wp-content\/uploads\/2025\/12\/SH6Q7PBWU5ACHI7VEWMQLIBJFY.jpg\" width=\"1456\"\/>El control m\u00e9dico regular, h\u00e1bitos saludables y la prevenci\u00f3n cardiovascular surgen como herramientas eficaces para proteger la funci\u00f3n cerebral a largo plazo (Imagen Ilustrativa Infobae)<\/p>\n<p class=\"paragraph\">El estudio resalta la relevancia de atender condiciones habituales y prevenibles, como la presi\u00f3n arterial elevada y la diabetes, que influyen directamente en la aparici\u00f3n y progresi\u00f3n de lesiones cerebrales asociadas a la demencia. <b>El control m\u00e9dico regular y el tratamiento oportuno permiten reducir o retrasar el da\u00f1o neurol\u00f3gico<\/b>, incluso en personas con antecedentes familiares de la enfermedad.<\/p>\n<p class=\"paragraph\">Las revisiones peri\u00f3dicas, una dieta equilibrada, la actividad f\u00edsica y evitar el tabaco son estrategias fundamentales para mantener la salud del cerebro. De Havenon se\u00f1al\u00f3: <b>\u201cSi tienes APOE \u03b54 y no cuidas tu salud vascular, est\u00e1s en un grupo de alto riesgo. Sin embargo, tener el genotipo APOE \u03b54 no implica necesariamente desarrollar demencia\u201d.<\/b><\/p>\n<p class=\"paragraph\">El diagn\u00f3stico temprano de la hiperintensidad de la sustancia blanca, posible gracias a las resonancias magn\u00e9ticas, ofrece una <b>ventana de oportunidad para intervenir antes de que aparezcan s\u00edntomas cognitivos<\/b>. Este avance permite dise\u00f1ar estrategias de prevenci\u00f3n personalizadas y aumentar las posibilidades de retrasar el deterioro.<\/p>\n<p class=\"paragraph\">La principal conclusi\u00f3n del estudio de la Universidad de Yale es que la demencia no es un destino inalterable. <b>El control de los factores vasculares depende de cada persona<\/b> y puede modificar de manera significativa el riesgo de deterioro cognitivo. <b>Las estrategias de prevenci\u00f3n cardiovascular se consolidan como herramientas eficaces para proteger la funci\u00f3n cerebral a largo plazo<\/b>, sobre todo en quienes conocen su susceptibilidad gen\u00e9tica.<\/p>\n<p><img alt=\"El diagn\u00f3stico temprano con resonancia\" class=\"global-image\" decoding=\"async\" fetchpriority=\"low\" height=\"768\" loading=\"lazy\" src=\"https:\/\/www.europesays.com\/es\/wp-content\/uploads\/2025\/12\/D5J3UQWJ4JFZ5HCUSUMVIZP4D4.png\" width=\"1408\"\/>El diagn\u00f3stico temprano con resonancia magn\u00e9tica facilita la intervenci\u00f3n preventiva antes de la aparici\u00f3n de s\u00edntomas cognitivos relacionados con la demencia (Imagen Ilustrativa Infobae)<\/p>\n<p class=\"paragraph\"><b>Cuidar la presi\u00f3n arterial, controlar la diabetes y mantener h\u00e1bitos saludables son acciones que pueden marcar la diferencia.<\/b> Estos hallazgos refuerzan la idea de que, frente al riesgo de demencia, la prevenci\u00f3n sigue estando al alcance y no todo est\u00e1 escrito en los genes.<\/p>\n<p class=\"paragraph\">Los especialistas insisten en la necesidad de promover el control de la presi\u00f3n arterial y otros factores vasculares desde edades tempranas. La investigaci\u00f3n de Yale impulsa nuevas perspectivas para <b>anticipar, retrasar y reducir el impacto<\/b> de las enfermedades neurodegenerativas, recordando que la salud cerebral se construye d\u00eda a d\u00eda y que la ciencia contin\u00faa ofreciendo herramientas para un envejecimiento m\u00e1s saludable y aut\u00f3nomo.<\/p>\n","protected":false},"excerpt":{"rendered":"El control de la hipertensi\u00f3n arterial reduce el riesgo de demencia, incluso en personas con predisposici\u00f3n gen\u00e9tica al&hellip;\n","protected":false},"author":2,"featured_media":314246,"comment_status":"","ping_status":"","sticky":false,"template":"","format":"standard","meta":{"footnotes":""},"categories":[92],"tags":[4250,4251,62555,3939,25,24,61705,165,681,29840,597,166,23,73683],"class_list":{"0":"post-314245","1":"post","2":"type-post","3":"status-publish","4":"format-standard","5":"has-post-thumbnail","7":"category-salud","8":"tag-autocuidado","9":"tag-bienestar","10":"tag-chequeo-medico","11":"tag-enfermedades-cardiovasculares","12":"tag-es","13":"tag-espana","14":"tag-estilo-de-vida-saludable","15":"tag-health","16":"tag-medicina","17":"tag-presion-arterial","18":"tag-prevencion","19":"tag-salud","20":"tag-spain","21":"tag-tensiometro-digital"},"share_on_mastodon":{"url":"https:\/\/pubeurope.com\/@es\/115809780043982933","error":""},"_links":{"self":[{"href":"https:\/\/www.europesays.com\/es\/wp-json\/wp\/v2\/posts\/314245","targetHints":{"allow":["GET"]}}],"collection":[{"href":"https:\/\/www.europesays.com\/es\/wp-json\/wp\/v2\/posts"}],"about":[{"href":"https:\/\/www.europesays.com\/es\/wp-json\/wp\/v2\/types\/post"}],"author":[{"embeddable":true,"href":"https:\/\/www.europesays.com\/es\/wp-json\/wp\/v2\/users\/2"}],"replies":[{"embeddable":true,"href":"https:\/\/www.europesays.com\/es\/wp-json\/wp\/v2\/comments?post=314245"}],"version-history":[{"count":0,"href":"https:\/\/www.europesays.com\/es\/wp-json\/wp\/v2\/posts\/314245\/revisions"}],"wp:featuredmedia":[{"embeddable":true,"href":"https:\/\/www.europesays.com\/es\/wp-json\/wp\/v2\/media\/314246"}],"wp:attachment":[{"href":"https:\/\/www.europesays.com\/es\/wp-json\/wp\/v2\/media?parent=314245"}],"wp:term":[{"taxonomy":"category","embeddable":true,"href":"https:\/\/www.europesays.com\/es\/wp-json\/wp\/v2\/categories?post=314245"},{"taxonomy":"post_tag","embeddable":true,"href":"https:\/\/www.europesays.com\/es\/wp-json\/wp\/v2\/tags?post=314245"}],"curies":[{"name":"wp","href":"https:\/\/api.w.org\/{rel}","templated":true}]}}