{"id":314298,"date":"2025-12-30T18:26:15","date_gmt":"2025-12-30T18:26:15","guid":{"rendered":"https:\/\/www.europesays.com\/es\/314298\/"},"modified":"2025-12-30T18:26:15","modified_gmt":"2025-12-30T18:26:15","slug":"jamahl-mosley-entrenador-de-los-orlando-magic-admite-haber-robado-jugadas-de-alex-mumbru-en-el-eurobasket","status":"publish","type":"post","link":"https:\/\/www.europesays.com\/es\/314298\/","title":{"rendered":"Jamahl Mosley, entrenador de los Orlando Magic, admite haber \u00abrobado\u00bb jugadas de \u00c1lex Mumbr\u00fa en el Eurobasket"},"content":{"rendered":"<p><strong>Jamahl Mosley<\/strong>, entrenador de los Orlando Magic, reconoci\u00f3 p\u00fablicamente haber incorporado conceptos t\u00e1cticos de <strong>\u00c1lex Mumbr\u00fa<\/strong> en su trabajo con la franquicia de Florida, en concreto con la utilizaci\u00f3n de Franz Wagner.<\/p>\n<p>Las declaraciones, recogidas por <a href=\"https:\/\/www.mundodeportivo.com\/baloncesto\/nba\/20251230\/1002593559\/alex-mumbru-entrenador-aprende-nba-robe-jugadas.html\" rel=\"nofollow noopener\" target=\"_blank\">Mundo Deportivo<\/a>, llegaron en la previa del partido ante Toronto Raptors y dejaron una escena tan distendida como reveladora sobre el impacto del t\u00e9cnico catal\u00e1n en el EuroBasket, donde Alemania se proclam\u00f3 campeona de Europa.<\/p>\n<p>El t\u00e9cnico de los Magic admiti\u00f3, entre risas, que justamente hab\u00eda \u201crobado\u201d una jugada de la selecci\u00f3n alemana tras tiempo muerto durante el torneo continental para aplicarla con su equipo. Wagner, por su parte, sigue recuper\u00e1ndose de su lesi\u00f3n de tobillo que le tiene apartado de las pistas. <\/p>\n<p>\u00abTe estoy mirando ahora mismo porque justo le dije a Franz [Wagner] que <strong>rob\u00e9 uno de sus ATO<\/strong> (jugada tras tiempo muerto) de Alemania. Iba a utilizarla como primera jugada esta noche. Estoy contento de que hagas esta pregunta\u00bb, respondi\u00f3 Mosley.<\/p>\n<p>Mosley ten\u00eda motivos de sobra para seguir a Alemania durante el Eurobasket 2025, no solo por la presencia de Franz Wagner, sino tambi\u00e9n por la de <strong>Tristan da Silva<\/strong>, otro jugador de los Magic integrado en el combinado alem\u00e1n, adem\u00e1s de un lesionado Mo Wagner que no pudo participar en el torneo.<\/p>\n<p>\t\t\t\t\t\t<a href=\"https:\/\/www.gigantes.com\/tienda\/hemeroteca\/hugo-no-1-564-enero-2026\/\" target=\"_blank\" rel=\"noopener nofollow\"><br \/>\n\t\t\t\t\t\t\t<img decoding=\"async\" src=\"https:\/\/www.europesays.com\/es\/wp-content\/uploads\/2025\/12\/1766870532_383_HUGO-GONZALEZ-HUGO-DEF-copia-scaled.jpg\" alt=\"Revista Gigantes\"\/><br \/>\n\t\t\t\t\t\t<\/a><\/p>\n<p class=\"magazine-meta\">\n\t\t\t\t\t\t\t\t\t\t\t\t\t\t\t\t\t1.564\n\t\t\t\t\t\t\t\t\t\t\t\t\t\t\t\t\t\t\t\t\t\t\t\t\t\t\t\t\t\t\t<\/p>\n<p class=\"magazine-description\">Hambre y competitividad con una camiseta legendaria. Aura. Hugo Gonz\u00e1lez est\u00e1 haciendo historia en los Boston Celtics. Y nos lo cuenta en su primera entrevista en Gigantes<\/p>\n<p>\t\t\t\t\t<a href=\"https:\/\/www.gigantes.com\/tienda\/hemeroteca\/hugo-no-1-564-enero-2026\/\" class=\"btn-primary\" target=\"_blank\" rel=\"noopener nofollow\">Comprar<\/a><\/p>\n<p><img decoding=\"async\" src=\"https:\/\/www.europesays.com\/es\/wp-content\/uploads\/2025\/12\/1767119175_286_mtracking.gif\" alt=\"Etiquetas de Mautic\" style=\"display:none;\"\/><\/p>\n","protected":false},"excerpt":{"rendered":"Jamahl Mosley, entrenador de los Orlando Magic, reconoci\u00f3 p\u00fablicamente haber incorporado conceptos t\u00e1cticos de \u00c1lex Mumbr\u00fa en su&hellip;\n","protected":false},"author":2,"featured_media":314299,"comment_status":"","ping_status":"","sticky":false,"template":"","format":"standard","meta":{"footnotes":""},"categories":[269],"tags":[1660,299,298,168,25,24,1725,64140,23,167],"class_list":{"0":"post-314298","1":"post","2":"type-post","3":"status-publish","4":"format-standard","5":"has-post-thumbnail","7":"category-baloncesto","8":"tag-alemania","9":"tag-baloncesto","10":"tag-basketball","11":"tag-deportes","12":"tag-es","13":"tag-espana","14":"tag-nba","15":"tag-orlando-magic","16":"tag-spain","17":"tag-sports"},"share_on_mastodon":{"url":"https:\/\/pubeurope.com\/@es\/115809929432786925","error":""},"_links":{"self":[{"href":"https:\/\/www.europesays.com\/es\/wp-json\/wp\/v2\/posts\/314298","targetHints":{"allow":["GET"]}}],"collection":[{"href":"https:\/\/www.europesays.com\/es\/wp-json\/wp\/v2\/posts"}],"about":[{"href":"https:\/\/www.europesays.com\/es\/wp-json\/wp\/v2\/types\/post"}],"author":[{"embeddable":true,"href":"https:\/\/www.europesays.com\/es\/wp-json\/wp\/v2\/users\/2"}],"replies":[{"embeddable":true,"href":"https:\/\/www.europesays.com\/es\/wp-json\/wp\/v2\/comments?post=314298"}],"version-history":[{"count":0,"href":"https:\/\/www.europesays.com\/es\/wp-json\/wp\/v2\/posts\/314298\/revisions"}],"wp:featuredmedia":[{"embeddable":true,"href":"https:\/\/www.europesays.com\/es\/wp-json\/wp\/v2\/media\/314299"}],"wp:attachment":[{"href":"https:\/\/www.europesays.com\/es\/wp-json\/wp\/v2\/media?parent=314298"}],"wp:term":[{"taxonomy":"category","embeddable":true,"href":"https:\/\/www.europesays.com\/es\/wp-json\/wp\/v2\/categories?post=314298"},{"taxonomy":"post_tag","embeddable":true,"href":"https:\/\/www.europesays.com\/es\/wp-json\/wp\/v2\/tags?post=314298"}],"curies":[{"name":"wp","href":"https:\/\/api.w.org\/{rel}","templated":true}]}}