{"id":314319,"date":"2025-12-30T18:38:12","date_gmt":"2025-12-30T18:38:12","guid":{"rendered":"https:\/\/www.europesays.com\/es\/314319\/"},"modified":"2025-12-30T18:38:12","modified_gmt":"2025-12-30T18:38:12","slug":"el-euribor-sube-en-diciembre-encadena-cinco-meses-al-alza-y-encarecera-las-hipotecas-que-se-revisan-cada-semestre","status":"publish","type":"post","link":"https:\/\/www.europesays.com\/es\/314319\/","title":{"rendered":"El eur\u00edbor sube en diciembre, encadena cinco meses al alza y encarecer\u00e1 las hipotecas que se revisan cada semestre"},"content":{"rendered":"<p class=\"article-text\">\n        El <a href=\"https:\/\/www.eldiario.es\/temas\/euribor\/\" data-mrf-recirculation=\"links-noticia\" class=\"link\" rel=\"nofollow noopener\" target=\"_blank\">eur\u00edbor<\/a> a un a\u00f1o, el principal indicador al que est\u00e1n referencias las hipotecas variables en Espa\u00f1a, cierra diciembre en el 2,27%, una bajada en relaci\u00f3n con la tasa del a\u00f1o pasado (2,436%), lo que asegura un abaramiento de los pr\u00e9stamos que se revisen anualmente. Pero la referencia encadena cinco meses de subidas, por lo que aquellas hipotecas que se actualicen semestralmente ya se est\u00e1n encareciendo.\n    <\/p>\n<p>    <a href=\"https:\/\/www.eldiario.es\/economia\/ipc-cierra-ano-2-9-decima-gracias-bajada-precio-carburantes_1_12876465.html\" data-mrf-recirculation=\"saber-mas\" data-dl-event=\"saber-mas\" rel=\"nofollow noopener\" target=\"_blank\"><\/p>\n<p class=\"know-more__title\">El IPC cierra el a\u00f1o en el 2,9%, una d\u00e9cima menos, gracias a la bajada del precio de los carburantes<\/p>\n<p>            <img decoding=\"async\" class=\"lazy\" loading=\"lazy\" data-src=\"https:\/\/static.eldiario.es\/clip\/f2097ab2-ceec-475d-ae69-e6d158cd5c36_16-9-aspect-ratio_default_0.jpg\" src=\"data:image\/svg+xml,%3Csvg xmlns=\" http:=\"\" viewbox=\"0 0 880 495\" alt=\"El IPC cierra el a\u00f1o en el 2,9%, una d\u00e9cima menos, gracias a la bajada del precio de los carburantes\"\/><\/p>\n<p>                        <\/a><\/p>\n<p class=\"article-text\">\n        Seg\u00fan c\u00e1lculos recogidos por EFE, una hipoteca media de 150.000 euros a 25 a\u00f1os podr\u00eda ahorrarse algo m\u00e1s de 12 euros al mes, lo que supone unos 150 euros al a\u00f1o. En el caso de un pr\u00e9stamo de 300.000 euros, el ahorro se sit\u00faa en torno a los 25 euros al mes o unos 300 al a\u00f1o.\n    <\/p>\n<p class=\"article-text\">\n        La referencia se encuentra dos puntos por debajo del pico que registr\u00f3 en 2023, en pleno endurecimiento de la pol\u00edtica monetaria del Banco Central Europeo (BCE) para atajar la crisis inflacionaria, pero ha ido repuntando en los \u00faltimos meses, conforme el supervisor ha estabilizado el precio del dinero.\n    <\/p>\n<p>    A la espera del BCE<\/p>\n<p class=\"article-text\">\n        De acuerdo con los datos del comparador Kelisto, en enero el eur\u00edbor se situ\u00f3 de media en el 2,53%, m\u00e1s de un punto por debajo de la referencia del mismo mes de 2024 (3,64%). Sin embargo, con el avance del a\u00f1o la brecha se ha ido achatando hasta representar solo unas cent\u00e9simas en diciembre. El eur\u00edbor alcanz\u00f3 su m\u00ednimo en julio, cuando se situ\u00f3 en el 2,08%.\n    <\/p>\n<p class=\"article-text\">\n        El BCE decidi\u00f3 <a href=\"https:\/\/www.eldiario.es\/economia\/incertidumbre-lleva-bce-nuevo-tipos-interes-2_1_12852667.html\" data-mrf-recirculation=\"links-noticia\" class=\"link\" rel=\"nofollow noopener\" target=\"_blank\">mantener sin cambios los tipos de inter\u00e9s<\/a> en la zona euro en la reuni\u00f3n de diciembre, encadenando cuatro citas sin cambios en el precio del dinero. Esto tiene su repercusi\u00f3n en la evoluci\u00f3n del eur\u00edbor, que previsiblemente se mantendr\u00e1 estable en los pr\u00f3ximos meses.\n    <\/p>\n<p>    <a href=\"https:\/\/www.eldiario.es\/economia\/incertidumbre-lleva-bce-nuevo-tipos-interes-2_1_12852667.html\" data-mrf-recirculation=\"saber-mas-abajo\" data-dl-event=\"saber-mas-abajo\" rel=\"nofollow noopener\" target=\"_blank\"><\/p>\n<p class=\"know-more__title\">La incertidumbre lleva al BCE a dejar de nuevo los tipos de inter\u00e9s en el 2%<\/p>\n<p>            <img decoding=\"async\" class=\"lazy\" loading=\"lazy\" data-src=\"https:\/\/static.eldiario.es\/clip\/a5472c51-1d4a-48f2-9693-2084c5f09280_16-9-aspect-ratio_default_0.jpg\" src=\"data:image\/svg+xml,%3Csvg xmlns=\" http:=\"\" viewbox=\"0 0 880 495\" alt=\"La incertidumbre lleva al BCE a dejar de nuevo los tipos de inter\u00e9s en el 2%\"\/><\/p>\n<p>                        <\/a><\/p>\n<p class=\"article-text\">\n        La presidenta del BCE, Christine Lagarde, explic\u00f3 en la rueda de prensa su decisi\u00f3n de pol\u00edtica monetaria, ya que la entidad \u201cest\u00e1 en un buen lugar\u201d con los tipos de inter\u00e9s en el 2%, pero que esta posici\u00f3n no es est\u00e1tica y decidir\u00e1 qu\u00e9 hacer seg\u00fan la evoluci\u00f3n de la econom\u00eda. Nuevas bajadas para estimular la econom\u00eda previsiblemente presionar\u00edan el eur\u00edbor a la baja, pero incrementos para seguir enfriando la inflaci\u00f3n en la zona euro podr\u00edan disparar la referencia y acabar con el ciclo de rebajas.\n    <\/p>\n","protected":false},"excerpt":{"rendered":"El eur\u00edbor a un a\u00f1o, el principal indicador al que est\u00e1n referencias las hipotecas variables en Espa\u00f1a, cierra&hellip;\n","protected":false},"author":2,"featured_media":314320,"comment_status":"","ping_status":"","sticky":false,"template":"","format":"standard","meta":{"footnotes":""},"categories":[80],"tags":[7429,82,5810,35329,95,94,29914,73067,25,24,10584,7186,1140,73691,6919,23,7247],"class_list":{"0":"post-314319","1":"post","2":"type-post","3":"status-publish","4":"format-standard","5":"has-post-thumbnail","7":"category-economia","8":"tag-alza","9":"tag-business","10":"tag-cinco","11":"tag-diciembre","12":"tag-economia","13":"tag-economy","14":"tag-encadena","15":"tag-encarecera","16":"tag-es","17":"tag-espana","18":"tag-euribor","19":"tag-hipotecas","20":"tag-meses","21":"tag-revisan","22":"tag-semestre","23":"tag-spain","24":"tag-sube"},"share_on_mastodon":{"url":"https:\/\/pubeurope.com\/@es\/115809976689096342","error":""},"_links":{"self":[{"href":"https:\/\/www.europesays.com\/es\/wp-json\/wp\/v2\/posts\/314319","targetHints":{"allow":["GET"]}}],"collection":[{"href":"https:\/\/www.europesays.com\/es\/wp-json\/wp\/v2\/posts"}],"about":[{"href":"https:\/\/www.europesays.com\/es\/wp-json\/wp\/v2\/types\/post"}],"author":[{"embeddable":true,"href":"https:\/\/www.europesays.com\/es\/wp-json\/wp\/v2\/users\/2"}],"replies":[{"embeddable":true,"href":"https:\/\/www.europesays.com\/es\/wp-json\/wp\/v2\/comments?post=314319"}],"version-history":[{"count":0,"href":"https:\/\/www.europesays.com\/es\/wp-json\/wp\/v2\/posts\/314319\/revisions"}],"wp:featuredmedia":[{"embeddable":true,"href":"https:\/\/www.europesays.com\/es\/wp-json\/wp\/v2\/media\/314320"}],"wp:attachment":[{"href":"https:\/\/www.europesays.com\/es\/wp-json\/wp\/v2\/media?parent=314319"}],"wp:term":[{"taxonomy":"category","embeddable":true,"href":"https:\/\/www.europesays.com\/es\/wp-json\/wp\/v2\/categories?post=314319"},{"taxonomy":"post_tag","embeddable":true,"href":"https:\/\/www.europesays.com\/es\/wp-json\/wp\/v2\/tags?post=314319"}],"curies":[{"name":"wp","href":"https:\/\/api.w.org\/{rel}","templated":true}]}}