{"id":314321,"date":"2025-12-30T18:39:06","date_gmt":"2025-12-30T18:39:06","guid":{"rendered":"https:\/\/www.europesays.com\/es\/314321\/"},"modified":"2025-12-30T18:39:06","modified_gmt":"2025-12-30T18:39:06","slug":"unrwa-califica-de-indignante-la-nueva-ley-israeli-que-restringe-sus-operaciones","status":"publish","type":"post","link":"https:\/\/www.europesays.com\/es\/314321\/","title":{"rendered":"UNRWA califica de \u201cindignante\u201d la nueva ley israel\u00ed que restringe sus operaciones"},"content":{"rendered":"<p>El Comisionado General de la Agencia para los Refugiados de Palestina (<a href=\"https:\/\/www.unrwa.org\/\" rel=\"nofollow noopener\" target=\"_blank\">UNRWA<\/a>), Philippe Lazzarini, calific\u00f3 de \u201cindignante\u201d la nueva legislaci\u00f3n aprobada por el Parlamento israel\u00ed contra la Agencia, al considerar que vulnera el derecho internacional, socava el mandato otorgado por la <a href=\"https:\/\/www.un.org\/es\/ga\/about\/index.shtml\" rel=\"nofollow noopener\" target=\"_blank\">Asamblea General<\/a> y contradice las conclusiones de la <a href=\"https:\/\/www.icj-cij.org\/es\" rel=\"nofollow noopener\" target=\"_blank\">Corte Internacional de Justicia<\/a> (<a href=\"https:\/\/www.icj-cij.org\/es\" rel=\"nofollow noopener\" target=\"_blank\">CIJ<\/a>).<\/p>\n<p>En una\u00a0<a href=\"https:\/\/www.unrwa.org\/newsroom\/official-statements\/unrwa-commissioner-general-new-anti%E2%80%91unrwa-legislation-passed-israeli-Parliament\" rel=\"nofollow noopener\" target=\"_blank\">contundente declaraci\u00f3n<\/a>, Lazzarini afirm\u00f3 que la ley <strong>representa \u201cun ataque directo al sistema multilateral\u201d<\/strong> y una \u201crechazo inaceptable\u201d de las obligaciones de Israel como Estado miembro de las Naciones Unidas.<\/p>\n<p>La legislaci\u00f3n retira la inmunidad diplom\u00e1tica a la Agencia, autoriza el corte de suministros esenciales, como agua, electricidad, combustible y comunicaciones, a UNRWA, y otorga al Gobierno israel\u00ed la facultad de expropiar propiedades de la ONU en Jerusal\u00e9n Oriental, incluidas la sede de la Agencia y su principal centro de formaci\u00f3n profesional.<\/p>\n<p><strong>\u201cEsto constituye una clara violaci\u00f3n de las obligaciones del Estado de Israel en virtud del derecho internacional\u201d,<\/strong> se\u00f1al\u00f3.<\/p>\n<p>El pleno de la Kn\u00e9set (Parlamento israel\u00ed) aprob\u00f3 el lunes en segunda y tercera lecturas una enmienda al proyecto de ley que entr\u00f3 en vigor en enero 2025, que prohibi\u00f3 las operaciones de la UNRWA en Jerusal\u00e9n Oriental ocupada y suspendi\u00f3 todo contacto entre funcionarios israel\u00edes y la Agencia, alegando una supuesta conexi\u00f3n entre sus trabajadores y Ham\u00e1s.\u00a0<\/p>\n<p>La nueva enmienda fue obtuvo <strong>59 votos a favor y 7 en contra<\/strong>.\u00a0<\/p>\n<p>Las autoridades israel\u00edes\u00a0<a href=\"https:\/\/www.unrwa.org\/resources\/reports\/unrwa-situation-report-202-situation-gaza-strip-and-west-bank-including-east-jerusalem\" rel=\"nofollow noopener\" target=\"_blank\">han impedido a la Agencia<\/a> llevar directamente cualquier tipo de ayuda humanitaria a <a href=\"https:\/\/news.un.org\/es\/events\/israel-palestina\" rel=\"nofollow noopener\" target=\"_blank\">Gaza<\/a>, incluidos alimentos, durante casi diez meses (desde el 2 de marzo de 2025) y no han concedido al personal internacional de UNRWA visados ni permisos para entrar en el territorio palestino ocupado, incluida <a href=\"https:\/\/news.un.org\/es\/events\/israel-palestina\" rel=\"nofollow noopener\" target=\"_blank\">Gaza<\/a>, desde finales de enero de 2025.<\/p>\n<p>Campa\u00f1a para desacreditar a UNRWA<\/p>\n<p>\u201cLa nueva legislaci\u00f3n supone un nuevo golpe al sistema multilateral\u201d, dijo Lazzarini, denunciando que forma parte de una \u201ccampa\u00f1a sistem\u00e1tica y continua para desacreditar a la UNRWA\u201d y, con ello, obstaculizar la prestaci\u00f3n de asistencia a millones de refugiados palestinos.\u00a0<\/p>\n<p>La Corte Internacional de Justicia determin\u00f3 en octubre <strong>que Israel no ha fundamentado sus alegaciones\u00a0<\/strong>de que una parte significativa de los empleados de la UNRWA son miembros de Ham\u00e1s, ni tampoco ha demostrado la presunta falta de neutralidad de la Agencia.<\/p>\n<p>El Comisionado General record\u00f3 que ese tribunal reiter\u00f3 que Israel est\u00e1 obligado a facilitar las operaciones de la UNRWA, no a obstaculizarlas. \u201cEsta nueva legislaci\u00f3n supone un rechazo inaceptable de las conclusiones de la CIJ\u201d, subray\u00f3.<\/p>\n<p>La Agencia est\u00e1 obligada por una resoluci\u00f3n de la Asamblea General a <strong>proporcionar educaci\u00f3n, atenci\u00f3n sanitaria y otros servicios a unos seis millones de refugiados<\/strong> palestinos registrados que se encuentran en los territorios ocupados de Gaza y Cisjordania, as\u00ed como en Jordania, Siria y L\u00edbano. Est\u00e1 financiada por los Estados miembros de las Naciones Unidas y donantes privados.<\/p>\n<p>Lazzarini denunci\u00f3 tambi\u00e9n acciones recientes sobre el terreno que, a su juicio, evidencian <strong>un \u201cdesprecio reiterado\u201d por el derecho internacional<\/strong>. Entre ellas, mencion\u00f3 el asalto por parte de autoridades israel\u00edes al complejo de UNRWA en Jerusal\u00e9n Oriental, donde fue retirada la bandera de la ONU, as\u00ed como el cierre forzoso de escuelas de la Agencia en la ciudad en mayo, privando a cientos de ni\u00f1os refugiados palestinos de su derecho a la educaci\u00f3n.<\/p>\n<p>El responsable de la Agencia insisti\u00f3 en que los derechos de los refugiados palestinos existen independientemente de la UNRWA, en virtud del derecho internacional humanitario y de los <a href=\"https:\/\/news.un.org\/es\/news\/topic\/human-rights\" rel=\"nofollow noopener\" target=\"_blank\">derechos humanos<\/a>, as\u00ed como de resoluciones de la Asamblea General, incluida la resoluci\u00f3n 194 de 1948. <strong>\u201cIncluso si la UNRWA dejara de existir, esos derechos perdurar\u00edan\u201d,<\/strong> subray\u00f3.<\/p>\n<p>\u201cUn grave precedente\u201d<\/p>\n<p>Finalmente, Lazzarini advirti\u00f3 de que la legislaci\u00f3n tambi\u00e9n contradice la obligaci\u00f3n de los Estados miembros de la ONU de respetar la independencia de la ONU y sus privilegios e inmunidades. \u201cEsto sienta un grave precedente para otras situaciones de conflicto en las que los gobiernos puedan <strong>desear eliminar la presencia inconveniente de la ONU<\/strong>\u201d.<\/p>\n<p>Por lo tanto, no solo se dirige contra la UNRWA, sino contra cualquier persona o entidad que pida el cumplimiento del derecho internacional y una soluci\u00f3n pol\u00edtica pac\u00edfica. Si no se rechazan los intentos de intimidar y socavar a la ONU en los territorios palestinos ocupados, se acabar\u00e1 comprometiendo la labor humanitaria y de derechos humanos en todo el mundo.<\/p>\n","protected":false},"excerpt":{"rendered":"El Comisionado General de la Agencia para los Refugiados de Palestina (UNRWA), Philippe Lazzarini, calific\u00f3 de \u201cindignante\u201d la&hellip;\n","protected":false},"author":2,"featured_media":314322,"comment_status":"","ping_status":"","sticky":false,"template":"","format":"standard","meta":{"footnotes":""},"categories":[42],"tags":[17,18,13,14,11,61,62,63,64,19,20,9,10,15,16,12,21,22,65,66,67],"class_list":{"0":"post-314321","1":"post","2":"type-post","3":"status-publish","4":"format-standard","5":"has-post-thumbnail","7":"category-internacional","8":"tag-breaking-news","9":"tag-breakingnews","10":"tag-featured-news","11":"tag-featurednews","12":"tag-headlines","13":"tag-internacional","14":"tag-international","15":"tag-international-news","16":"tag-internationalnews","17":"tag-latest-news","18":"tag-latestnews","19":"tag-news","20":"tag-noticias","21":"tag-noticias-destacadas","22":"tag-noticiasdestacadas","23":"tag-titulares","24":"tag-ultimas-noticias","25":"tag-ultimasnoticias","26":"tag-world","27":"tag-world-news","28":"tag-worldnews"},"share_on_mastodon":{"url":"https:\/\/pubeurope.com\/@es\/115809980493502981","error":""},"_links":{"self":[{"href":"https:\/\/www.europesays.com\/es\/wp-json\/wp\/v2\/posts\/314321","targetHints":{"allow":["GET"]}}],"collection":[{"href":"https:\/\/www.europesays.com\/es\/wp-json\/wp\/v2\/posts"}],"about":[{"href":"https:\/\/www.europesays.com\/es\/wp-json\/wp\/v2\/types\/post"}],"author":[{"embeddable":true,"href":"https:\/\/www.europesays.com\/es\/wp-json\/wp\/v2\/users\/2"}],"replies":[{"embeddable":true,"href":"https:\/\/www.europesays.com\/es\/wp-json\/wp\/v2\/comments?post=314321"}],"version-history":[{"count":0,"href":"https:\/\/www.europesays.com\/es\/wp-json\/wp\/v2\/posts\/314321\/revisions"}],"wp:featuredmedia":[{"embeddable":true,"href":"https:\/\/www.europesays.com\/es\/wp-json\/wp\/v2\/media\/314322"}],"wp:attachment":[{"href":"https:\/\/www.europesays.com\/es\/wp-json\/wp\/v2\/media?parent=314321"}],"wp:term":[{"taxonomy":"category","embeddable":true,"href":"https:\/\/www.europesays.com\/es\/wp-json\/wp\/v2\/categories?post=314321"},{"taxonomy":"post_tag","embeddable":true,"href":"https:\/\/www.europesays.com\/es\/wp-json\/wp\/v2\/tags?post=314321"}],"curies":[{"name":"wp","href":"https:\/\/api.w.org\/{rel}","templated":true}]}}