{"id":314323,"date":"2025-12-30T18:40:37","date_gmt":"2025-12-30T18:40:37","guid":{"rendered":"https:\/\/www.europesays.com\/es\/314323\/"},"modified":"2025-12-30T18:40:37","modified_gmt":"2025-12-30T18:40:37","slug":"el-ayuntamiento-de-motril-ultima-todos-los-detalles-para-vivir-la-noche-mas-magica-del-ano-con-la-cabalgata-de-reyes-magos-2026","status":"publish","type":"post","link":"https:\/\/www.europesays.com\/es\/314323\/","title":{"rendered":"El Ayuntamiento de Motril ultima todos los detalles para vivir la noche m\u00e1s m\u00e1gica del a\u00f1o con la Cabalgata de Reyes Magos 2026"},"content":{"rendered":"<p><strong>El cortejo real estar\u00e1 compuesto por m\u00e1s de 530 participantes y dispondr\u00e1 de 15.000 caramelos para su reparto, carrozas tematizadas de gran formato incluidas las reales, as\u00ed como un itinerario ampliado.<\/strong><\/p>\n<p><strong>\u00a0<\/strong><\/p>\n<p>Motril se prepara para vivir una de las noches m\u00e1s especiales del a\u00f1o. Por ello, el concejal encargado del \u00e1rea de Juventud, Fiestas y Eventos del Ayuntamiento de Motril, Gerardo Romano, ha comparecido para presentar la celebraci\u00f3n de la Cabalgata de Reyes 2026, un cortejo real en el que se ultiman los detalles para vivir con ilusi\u00f3n, pasi\u00f3n y mucha magia la llegada de SS. MM. los Reyes Magos de Oriente.<\/p>\n<p>La noche del 5 de enero es uno de los momentos m\u00e1s especiales para toda la ciudadan\u00eda y visitantes, donde los Reyes Magos de Oriente se preparan para visitar las casas de todos los ni\u00f1os y ni\u00f1as de la ciudad. Por ello, desde el Ayuntamiento de Motril, se prepara con gran detalle la realizaci\u00f3n de la Cabalgata de Reyes 2026, que este a\u00f1o ser\u00e1 m\u00e1s amplia y en la que se repartir\u00e1n m\u00e1s de 15.000 caramelos a partir de las 18:30 horas del pr\u00f3ximo lunes.<\/p>\n<p>Gerardo Romano ha subrayado la importancia de este d\u00eda para toda la ciudadan\u00eda, en la que el cortejo contar\u00e1 con \u201cuna gran participaci\u00f3n, con m\u00e1s de 530 personas que van a formar parte del convoy que va a recorrer las calles de Motril\u201d. La Cabalgata de Reyes contar\u00e1 con un recorrido ampliado debido al tama\u00f1o de las carrozas, ya que este a\u00f1o ser\u00e1n m\u00e1s de 13 y, de ellas, 9 \u2014incluidas las reales y varias tematizadas\u2014 ser\u00e1n de gran formato, lo que ha hecho necesario adaptar el itinerario para garantizar el correcto paso del cortejo real. Por ello, este a\u00f1o se incorporan espacios como la Ronda de Mediod\u00eda, calle Cuevas, Santa Ana, Manuel de Falla, Crucero Baleares, Cuartel de Simancas, 4 de Diciembre y avenida Francisco Gonz\u00e1lez Carrascosa.<\/p>\n<p>\u201cLa Cabalgata de SS. MM. los Reyes Magos de Oriente contar\u00e1 con muchas m\u00e1s novedades este a\u00f1o para que los ni\u00f1os, motrile\u00f1os y visitantes puedan disfrutar de una noche \u00fanica. En esta edici\u00f3n contaremos dentro del cortejo con 4 pasacalles que se incorporan al convoy, una banda de cornetas y tambores, diversas charangas y hasta 3 grupos de baile locales a quienes hay que aprovechar para agradecerles su aportaci\u00f3n siempre, que ser\u00e1n Heart Breakers Dance Estudio, Campanilla Dance y el Club de Gimnasia R\u00edtmica y Costa Tropical\u201d, ha resaltado el concejal.<\/p>\n<p>El itinerario completo de SS. MM. los Reyes Magos de Oriente ser\u00e1 muy amplio y especial durante toda la jornada del lunes 5 de enero. Desde las 10:30 horas, Melchor, Gaspar y Baltasar visitar\u00e1n las residencias de mayores locales y el Hospital Santa Ana de Motril, llevando la ilusi\u00f3n y la magia a estos colectivos. A partir de las 15:00 horas, desde la Lonja Pesquera, los Reyes Magos ser\u00e1n recibidos en el Real Club N\u00e1utico de Motril para su posterior embarque y desembarque, a partir de las 15:45 horas.<\/p>\n<p>Adem\u00e1s de ser m\u00e1s amplio el recorrido, contar\u00e1 con puntos especiales y de gran inter\u00e9s, entre ellos est\u00e1n el tramo sin ruido, en la Ronda de Mediod\u00eda, para todos aquellos ni\u00f1os que cuentan con necesidades diversas, as\u00ed como calles y puntos como el Parque Antonio Esc\u00e1mez (28 de febrero) o la Plaza de la Aurora, donde se habilitar\u00e1 un DJ para disfrutar antes de la llegada del cortejo, as\u00ed como espacios \u00fanicos como la calle Sant\u00edsimo 86 (junto al Supermercado Laguero), Cruces 31 o calle Nueva 57, donde los alumnos de Mercedes Mart\u00edn recibir\u00e1n la Cabalgata de forma muy especial.<\/p>\n<p>Una vez los Reyes Magos se encuentren en nuestra ciudad, las sorpresas ir\u00e1n inundando Motril en puntos muy destacados. \u201cPor primera vez en la historia, los Reyes Magos visitar\u00e1n el Santuario de Nuestra Se\u00f1ora de la Cabeza, una visita a la Patrona de Motril a la que seguir\u00e1 el tradicional Bel\u00e9n Viviente, que este a\u00f1o se trasladar\u00e1 a la Plaza de Espa\u00f1a a partir de las 17:00 horas. Una vez finalice este hist\u00f3rico ritual, Sus Majestades recibir\u00e1n las llaves de la ciudad de mano de la alcaldesa de Motril, Luisa Garc\u00eda Chamorro y, adem\u00e1s, entregar\u00e1n, como novedad, algunos regalos a los ni\u00f1os presentes, por lo que esperamos una gran afluencia durante estas actividades\u201d, ha comentado Gerardo Romano.<\/p>\n<p>Ante las posibles previsiones de lluvia, Gerardo Romano ha informado que, desde el Ayuntamiento de Motril, \u201cse est\u00e1n barajando diversos planes para que los ni\u00f1os y ni\u00f1as puedan disfrutar de esta noche tan especial, ya sea con un recorrido m\u00e1s corto u otras posibles soluciones que se informar\u00e1n cuando se acerque el d\u00eda y en funci\u00f3n de la meteorolog\u00eda\u201d, recordando que lo importante es \u201cmantener la ilusi\u00f3n y la magia que nos invade a todos cada 5 de enero\u201d.<\/p>\n<p>Por \u00faltimo, el concejal ha animado a que todos los ciudadanos \u201cdisfruten con gran ilusi\u00f3n este d\u00eda tan especial que, desde el equipo de Gobierno municipal y con el mandato de nuestra alcaldesa, hemos preparado con mucho cari\u00f1o y trabajo\u201d, recordando adem\u00e1s la importancia de seguir siempre las recomendaciones de los cuerpos y fuerzas de seguridad para que \u201ctodo transcurra con normalidad, recordando que habr\u00e1 caramelos para todos los ni\u00f1os y ni\u00f1as, por ello pedimos que los ni\u00f1os peque\u00f1os siempre vayan en brazos o de la mano de sus padres o familiares y que no invadan la calzada ni se aproximen a las carrozas\u201d.<\/p>\n","protected":false},"excerpt":{"rendered":"El cortejo real estar\u00e1 compuesto por m\u00e1s de 530 participantes y dispondr\u00e1 de 15.000 caramelos para su reparto,&hellip;\n","protected":false},"author":2,"featured_media":314324,"comment_status":"","ping_status":"","sticky":false,"template":"","format":"standard","meta":{"footnotes":""},"categories":[8],"tags":[15721,17,18,25,24,13,14,11,19,20,9,10,15,16,23,12,21,22],"class_list":{"0":"post-314323","1":"post","2":"type-post","3":"status-publish","4":"format-standard","5":"has-post-thumbnail","7":"category-espana","8":"tag-actualidad1","9":"tag-breaking-news","10":"tag-breakingnews","11":"tag-es","12":"tag-espana","13":"tag-featured-news","14":"tag-featurednews","15":"tag-headlines","16":"tag-latest-news","17":"tag-latestnews","18":"tag-news","19":"tag-noticias","20":"tag-noticias-destacadas","21":"tag-noticiasdestacadas","22":"tag-spain","23":"tag-titulares","24":"tag-ultimas-noticias","25":"tag-ultimasnoticias"},"share_on_mastodon":{"url":"https:\/\/pubeurope.com\/@es\/115809984418895405","error":""},"_links":{"self":[{"href":"https:\/\/www.europesays.com\/es\/wp-json\/wp\/v2\/posts\/314323","targetHints":{"allow":["GET"]}}],"collection":[{"href":"https:\/\/www.europesays.com\/es\/wp-json\/wp\/v2\/posts"}],"about":[{"href":"https:\/\/www.europesays.com\/es\/wp-json\/wp\/v2\/types\/post"}],"author":[{"embeddable":true,"href":"https:\/\/www.europesays.com\/es\/wp-json\/wp\/v2\/users\/2"}],"replies":[{"embeddable":true,"href":"https:\/\/www.europesays.com\/es\/wp-json\/wp\/v2\/comments?post=314323"}],"version-history":[{"count":0,"href":"https:\/\/www.europesays.com\/es\/wp-json\/wp\/v2\/posts\/314323\/revisions"}],"wp:featuredmedia":[{"embeddable":true,"href":"https:\/\/www.europesays.com\/es\/wp-json\/wp\/v2\/media\/314324"}],"wp:attachment":[{"href":"https:\/\/www.europesays.com\/es\/wp-json\/wp\/v2\/media?parent=314323"}],"wp:term":[{"taxonomy":"category","embeddable":true,"href":"https:\/\/www.europesays.com\/es\/wp-json\/wp\/v2\/categories?post=314323"},{"taxonomy":"post_tag","embeddable":true,"href":"https:\/\/www.europesays.com\/es\/wp-json\/wp\/v2\/tags?post=314323"}],"curies":[{"name":"wp","href":"https:\/\/api.w.org\/{rel}","templated":true}]}}