{"id":314325,"date":"2025-12-30T18:41:11","date_gmt":"2025-12-30T18:41:11","guid":{"rendered":"https:\/\/www.europesays.com\/es\/314325\/"},"modified":"2025-12-30T18:41:11","modified_gmt":"2025-12-30T18:41:11","slug":"zaragoza-subira-el-precio-del-autobus-y-el-tranvia-en-2026-estas-son-las-nuevas-tarifas-heraldo-es","status":"publish","type":"post","link":"https:\/\/www.europesays.com\/es\/314325\/","title":{"rendered":"Zaragoza subir\u00e1 el precio del autob\u00fas y el tranv\u00eda en 2026: estas son las nuevas tarifas &#8211; heraldo.es"},"content":{"rendered":"<ol>\n<li><a href=\"https:\/\/news.google.com\/rss\/articles\/CBMixwFBVV95cUxObENOYlhLOU5UODdfbFdoanJZd1hNSmM1VTRRU1Y3S0h1Zm5vSU1VcEdvVnNPa3I0b29FN3I5Y1dVR2gtT2FKYmNfNlZPVzFlRmZxSEJRaHc1eVhiV3c2Xy1xRUVpcEZSM1hjS2NjY1N5b1RHWk5WZnhKMnJ3ek1yRmlSbjlWTFYxOWsycHIxSzJ3Z3pUaklsa2NGdHJHb0ZHdkRsaVhCTDA5QWdKcXUzZ19QazNCSWNKRjk0eXprazlMNTJZZVlR?oc=5\" target=\"_blank\" rel=\"nofollow noopener\">Zaragoza subir\u00e1 el precio del autob\u00fas y el tranv\u00eda en 2026: estas son las nuevas tarifas<\/a>&nbsp;&nbsp;heraldo.es<\/li>\n<li><a href=\"https:\/\/news.google.com\/rss\/articles\/CBMicEFVX3lxTE5SQTkzaDJBenhRb085YzBULUtKVDdicnF1X0FvM1FVMTZmSE1GQmJLTHliNThESFZiVVFWZEZaSkFoemV0elFFZXVqWlBJR2RYZkVXSExKM0VDTy1jSDE5UEJWMnd3WFZyYjg0NVZzeDU?oc=5\" target=\"_blank\" rel=\"nofollow noopener\">Abono \u00fanico<\/a>&nbsp;&nbsp;transportes.gob.es<\/li>\n<li><a href=\"https:\/\/news.google.com\/rss\/articles\/CBMi-wFBVV95cUxPZjFBc1BUTHMtTjZJWTM4QV9YMFVteUZCQk1fekN3UWVlMEdJaUJTNVlrUVJvOHY4ME9CX2pndEkwMXVvdTBIbWpCNGhuR2lNTVhBQmZGUVdEb2Y2LVZjNHhuQzN0SG9XWnFtMjE0SWdLTHBMOWducU5DMk1NbFBLdGRjUzZ4ekFHZVhqYlZzUTltRkU2dXNuSFNkU1BTMnA3eFlOcnU3OTNScGZTMkpQZl9LcFpfalExWlYyZ2RWN1RieWJYSDZKdEdCeEstM3VJSEVEeDBNelZzdThIT3VzRDhRUmVudlJFYi11N3ZFbGlpdXRoZjBFMm1Jd9IBjwJBVV95cUxNTTJYbk5WR214emZ0Ri05Q09nSkd5WGw0WWVUdWRITHEtTmVHd1pTanY2bVdmYktuSm5SNmd4UGRFN0JtUXpMTlJnblc1eDlBMlI4LVVMcGN2cmdrbEY5TzVYUnlyLW9rNFU5M3h6NVNhd2Vjcnl2TVJEVlh4amV6RzhkbXFPYjFrU2ZZbkRRWFpMYldzemhaUkp3Q3RjTTVoSWFDV3U4cTROSUNxdVpvcFRIWkVHdjhZXzEtb0Q2aHNNN0pySlVVbzRwUkhXRnpncTMxbWVncTZMREM3dGd4RF90ajlKZmN5S1ZTWWpTRnZVRG1PUWdqdlAwUHFtYXFxVmUtekZpZjFSS19nWktz?oc=5\" target=\"_blank\" rel=\"nofollow noopener\">Todo lo que cambia a partir del 1 de enero de 2026: abono transporte \u00fanico, subida de pensiones, beneficios fiscales&#8230;<\/a>&nbsp;&nbsp;Cadena SER<\/li>\n<li><a href=\"https:\/\/news.google.com\/rss\/articles\/CBMiekFVX3lxTE5CNWJ6UWp0Vk5jQndKakJMOFM2d2tnSjdPRWFFb21sQWJKQ2JZWmowSWdwOWN4eGlhZ0VrN0dDUkFmMTNiMVFuLWYwaGtjc01TSWIySGhaeXZWeDU0Zl9MWDc5Yzl2Vi1YLUVaMjRka3FkT0FhQTMwYXBR0gF6QVVfeXFMUEdNZ1d2ZENZMmhBXy1IT085d0FVQjZBQ0xVZ2VVSnZqRmZTU1dXZVJHczc0TEN2VGlpcDN6QXJZeUhuNzdqQ1FUanZEbkhpeFN4a3Vxd0d5OUtrWjVvUE91YXpUb3pieTVlRWx2X1BaMjNaUFE4eGM3U1E?oc=5\" target=\"_blank\" rel=\"nofollow noopener\">Madrid mantiene el descuento en el transporte p\u00fablico: as\u00ed quedan las tarifas<\/a>&nbsp;&nbsp;El Mundo<\/li>\n<li><a href=\"https:\/\/news.google.com\/rss\/articles\/CBMiwwFBVV95cUxNWVFVVXJjQkRFUUM2MzNoVUtyTTRFdnRtMU0xWW0tdmJQV3FvQzNVOFljYXJJMGFOSm1wLV9hNG9EVjVoTjNwVmh2ZWJMNlRTR3p4djlWZHQyNmZoaXdyVm5ubGV5NmI4N1gwYkRheWgxeG1NVVM2eXkxV2pWSEtuYnI5N09neW9xYjBKaGhmRDVheHlsQk4tS3NiSWdzWHhJZHJQSUpUMlpWaUJPT1hsMFJpTjNpbWhMbjZSUDRobGJUTGs?oc=5\" target=\"_blank\" rel=\"nofollow noopener\">M\u00e1laga mantiene el transporte bonificado: esto es lo que costar\u00e1 viajar en metro y autob\u00fas en 2026<\/a>&nbsp;&nbsp;ABC<\/li>\n<\/ol>\n","protected":false},"excerpt":{"rendered":"Zaragoza subir\u00e1 el precio del autob\u00fas y el tranv\u00eda en 2026: estas son las nuevas tarifas&nbsp;&nbsp;heraldo.es Abono \u00fanico&nbsp;&nbsp;transportes.gob.es&hellip;\n","protected":false},"author":2,"featured_media":314326,"comment_status":"","ping_status":"","sticky":false,"template":"","format":"standard","meta":{"footnotes":""},"categories":[5],"tags":[4075,17,18,25,24,13,14,11,19,20,9,10,15,16,2860,23,12084,12,7460,21,22,491],"class_list":{"0":"post-314325","1":"post","2":"type-post","3":"status-publish","4":"format-standard","5":"has-post-thumbnail","7":"category-titulares","8":"tag-autobus","9":"tag-breaking-news","10":"tag-breakingnews","11":"tag-es","12":"tag-espana","13":"tag-featured-news","14":"tag-featurednews","15":"tag-headlines","16":"tag-latest-news","17":"tag-latestnews","18":"tag-news","19":"tag-noticias","20":"tag-noticias-destacadas","21":"tag-noticiasdestacadas","22":"tag-nuevas","23":"tag-spain","24":"tag-tarifas","25":"tag-titulares","26":"tag-tranvia","27":"tag-ultimas-noticias","28":"tag-ultimasnoticias","29":"tag-zaragoza"},"share_on_mastodon":{"url":"https:\/\/pubeurope.com\/@es\/115809988276938253","error":""},"_links":{"self":[{"href":"https:\/\/www.europesays.com\/es\/wp-json\/wp\/v2\/posts\/314325","targetHints":{"allow":["GET"]}}],"collection":[{"href":"https:\/\/www.europesays.com\/es\/wp-json\/wp\/v2\/posts"}],"about":[{"href":"https:\/\/www.europesays.com\/es\/wp-json\/wp\/v2\/types\/post"}],"author":[{"embeddable":true,"href":"https:\/\/www.europesays.com\/es\/wp-json\/wp\/v2\/users\/2"}],"replies":[{"embeddable":true,"href":"https:\/\/www.europesays.com\/es\/wp-json\/wp\/v2\/comments?post=314325"}],"version-history":[{"count":0,"href":"https:\/\/www.europesays.com\/es\/wp-json\/wp\/v2\/posts\/314325\/revisions"}],"wp:featuredmedia":[{"embeddable":true,"href":"https:\/\/www.europesays.com\/es\/wp-json\/wp\/v2\/media\/314326"}],"wp:attachment":[{"href":"https:\/\/www.europesays.com\/es\/wp-json\/wp\/v2\/media?parent=314325"}],"wp:term":[{"taxonomy":"category","embeddable":true,"href":"https:\/\/www.europesays.com\/es\/wp-json\/wp\/v2\/categories?post=314325"},{"taxonomy":"post_tag","embeddable":true,"href":"https:\/\/www.europesays.com\/es\/wp-json\/wp\/v2\/tags?post=314325"}],"curies":[{"name":"wp","href":"https:\/\/api.w.org\/{rel}","templated":true}]}}