{"id":314363,"date":"2025-12-30T19:08:16","date_gmt":"2025-12-30T19:08:16","guid":{"rendered":"https:\/\/www.europesays.com\/es\/314363\/"},"modified":"2025-12-30T19:08:16","modified_gmt":"2025-12-30T19:08:16","slug":"brooks-koepka-rompe-su-contrato-con-el-liv-golf-y-abre-la-puerta-a-un-efecto-domino","status":"publish","type":"post","link":"https:\/\/www.europesays.com\/es\/314363\/","title":{"rendered":"Brooks Koepka rompe su contrato con el LIV Golf y abre la puerta a un efecto domin\u00f3"},"content":{"rendered":"<p>El estadounidense, una de las grandes estrellas fundacionales del circuito \u00e1rabe en el a\u00f1o 2024, opta por dar marcha atr\u00e1s, dejando en el aire un posible regreso al PGA Tour<\/p>\n<p class=\"parrafo\"><strong>&#8216;O conmigo, o contra m\u00ed&#8217;<\/strong><strong>. El PGA Tour no dud\u00f3 a la hora de se\u00f1alar a todos esos golfistas que le dec\u00edan adi\u00f3s para enrolarse en el LIV Golf<\/strong>, un proyecto repleto de billetes que encandil\u00f3 a algunos de los mejores jugadores del mundo; tanto es as\u00ed que <strong>Brooks Koepka fue uno de los participantes en la edici\u00f3n inicial de 2022<\/strong>, mientras que otros como <strong>Jon Rahm<\/strong> llegaban solo un a\u00f1o despu\u00e9s. Pues bien,<strong> el estadounidense ha decidido romper su contrato con el circuito \u00e1rabe<\/strong>.<\/p>\n<p><a class=\"elementos-rel-t2\" href=\"https:\/\/www.estadiodeportivo.com\/polideportivo\/liv-golf-pone-mercado-jon-rahm-20251030-518523.html\" title=\"El LIV Golf abre su mercado de fichajes con Jon Rahm\" rel=\"nofollow noopener\" target=\"_blank\"><\/p>\n<p class=\"titular titulo-4\">El LIV Golf abre su mercado de fichajes con Jon Rahm<\/p>\n<p><img decoding=\"async\" src=\"https:\/\/www.europesays.com\/es\/wp-content\/uploads\/2025\/12\/4d9b9e8c-73b1-4bec-8432-c0eeeb5d651d_320x180.jpeg\" alt=\"El LIV Golf abre su mercado de fichajes con Jon Rahm\"\/><\/a><a class=\"elementos-rel-t2\" href=\"https:\/\/www.estadiodeportivo.com\/polideportivo\/liv-golf-mas-accesible-2026-20251103-518990.html\" title=\"El LIV Golf, m\u00e1s accesible en 2026\" rel=\"nofollow noopener\" target=\"_blank\"><\/p>\n<p class=\"titular titulo-4\">El LIV Golf, m\u00e1s accesible en 2026<\/p>\n<p><img decoding=\"async\" src=\"https:\/\/www.europesays.com\/es\/wp-content\/uploads\/2025\/12\/407be00b-c30a-4950-bc69-eb892bf9e849_320x180.jpeg\" alt=\"El LIV Golf, m\u00e1s accesible en 2026\"\/><\/a><\/p>\n<p class=\"parrafo\">A trav\u00e9s de un comunicado emitido tanto por la competici\u00f3n como por el jugador, estos se\u00f1alan que <strong>han llegado a un acuerdo para continuar sus respectivos caminos por separado<\/strong>. Para Koepka supone, por supuesto, abrir la puerta a un posible regreso al PGA Tour.<\/p>\n<p class=\"parrafo\">\u00ab<strong>Hemos acordado amistosamente y de mutuo acuerdo que Brooks Koepka ya no competir\u00e1 en la Liga de Golf LIV despu\u00e9s de la temporada 2025<\/strong>\u00ab, informa el director ejecutivo del circuito apoyado por el Fondo de Inversi\u00f3n P\u00fablica (PIF) de Arabia Saud\u00ed, Scott O&#8217;Neil.<\/p>\n<p><img decoding=\"async\" src=\"https:\/\/www.europesays.com\/es\/wp-content\/uploads\/2025\/12\/4555e00c-16cb-44d8-9e5c-575b5efe74b7_800x1000.jpeg\" loading=\"lazy\"\/><\/p>\n<p class=\"parrafo\">El ganador de cinco &#8216;Majors&#8217;, tres campeonatos de la PGA y dos ediciones del Abierto de Estados Unidos, <strong>era una de las principales caras de esta competici\u00f3n<\/strong>, que arrebat\u00f3 hace tres a\u00f1os al PGA Tour a varias de sus estrellas, incluido, como dec\u00edamos el espa\u00f1ol Jon Rahm.<\/p>\n<p>El PGA Tour tiende la mano a Koepka<\/p>\n<p class=\"parrafo\">Sin dar pistas sobre el pr\u00f3ximo paso de su carrera, <strong>los representantes de Koepka se\u00f1alaron en el comunicado que el golfista \u00absiente que este es el momento ideal para pasar m\u00e1s tiempo en casa\u00bb<\/strong> y \u00absigue apasionado por el golf y mantendr\u00e1 a la afici\u00f3n al tanto de las novedades\u00bb.<\/p>\n<p class=\"parrafo\">Inmediatamente despu\u00e9s de conocerse la decisi\u00f3n de Koepka, <strong>el PGA Tour, el principal circuito de golf estadounidense en el mundo, defini\u00f3 en X a Koepka como \u00abun profesional sumamente consumado\u00bb y le dese\u00f3 \u00abun \u00e9xito continuo\u00bb<\/strong>. Y a\u00f1ade: \u00abEl PGA Tour sigue ofreciendo a los mejores golfistas profesionales el entorno m\u00e1s competitivo, desafiante y lucrativo en el cual perseguir la grandeza\u00bb.<\/p>\n<p>Un caso sin antecedentes y las repercusiones para estrellas como Jon Rahm<\/p>\n<p class=\"parrafo\">Indagando un poco en qu\u00e9 puede ocurrir ahora, tenemos que <strong>los golfistas que abandonaban el circuito apoyado por Arabia Saud\u00ed deben cumplir una suspensi\u00f3n de un a\u00f1o tras su \u00faltimo evento del LIV<\/strong>. Sin embargo, ninguno de ellos contaba con tarjetas del PGA Tour, como Koepka.<\/p>\n<p><img decoding=\"async\" src=\"https:\/\/www.europesays.com\/es\/wp-content\/uploads\/2025\/12\/4cf94519-298c-4019-8e60-6b0136b53572_800x450.jpeg\" loading=\"lazy\"\/><\/p>\n<p class=\"parrafo\"><strong>Si logra sortear las sanciones y reintegrarse al PGA Tour (o usar el DP World Tour como puente), podr\u00eda sentar el precedente de que &#8216;se puede ir, cobrar y volver&#8217;<\/strong>. S\u00ed, a nivel de imagen igual queda da\u00f1ado, pero podr\u00eda volver al cl\u00e1sico circuito del gof profesional, haciendo que otros como Rahm \u2013cansados de ver c\u00f3mo el PGA no reconoce sus puntos para el ranking mundial\u2013 sigan su camino. Porque claro, <strong>no es lo mismo volver para pasar un a\u00f1o en blanco que para competir desde el primer d\u00eda. Toca estar atento<\/strong><strong>s<\/strong>.<\/p>\n","protected":false},"excerpt":{"rendered":"El estadounidense, una de las grandes estrellas fundacionales del circuito \u00e1rabe en el a\u00f1o 2024, opta por dar&hellip;\n","protected":false},"author":2,"featured_media":314364,"comment_status":"","ping_status":"","sticky":false,"template":"","format":"standard","meta":{"footnotes":""},"categories":[275],"tags":[33228,168,25,24,284,329,390,744,23,167],"class_list":{"0":"post-314363","1":"post","2":"type-post","3":"status-publish","4":"format-standard","5":"has-post-thumbnail","7":"category-golf","8":"tag-brooks-koepka","9":"tag-deportes","10":"tag-es","11":"tag-espana","12":"tag-estadio-deportivo","13":"tag-golf","14":"tag-jon-rahm","15":"tag-polideportivo","16":"tag-spain","17":"tag-sports"},"share_on_mastodon":{"url":"https:\/\/pubeurope.com\/@es\/115810094745583863","error":""},"_links":{"self":[{"href":"https:\/\/www.europesays.com\/es\/wp-json\/wp\/v2\/posts\/314363","targetHints":{"allow":["GET"]}}],"collection":[{"href":"https:\/\/www.europesays.com\/es\/wp-json\/wp\/v2\/posts"}],"about":[{"href":"https:\/\/www.europesays.com\/es\/wp-json\/wp\/v2\/types\/post"}],"author":[{"embeddable":true,"href":"https:\/\/www.europesays.com\/es\/wp-json\/wp\/v2\/users\/2"}],"replies":[{"embeddable":true,"href":"https:\/\/www.europesays.com\/es\/wp-json\/wp\/v2\/comments?post=314363"}],"version-history":[{"count":0,"href":"https:\/\/www.europesays.com\/es\/wp-json\/wp\/v2\/posts\/314363\/revisions"}],"wp:featuredmedia":[{"embeddable":true,"href":"https:\/\/www.europesays.com\/es\/wp-json\/wp\/v2\/media\/314364"}],"wp:attachment":[{"href":"https:\/\/www.europesays.com\/es\/wp-json\/wp\/v2\/media?parent=314363"}],"wp:term":[{"taxonomy":"category","embeddable":true,"href":"https:\/\/www.europesays.com\/es\/wp-json\/wp\/v2\/categories?post=314363"},{"taxonomy":"post_tag","embeddable":true,"href":"https:\/\/www.europesays.com\/es\/wp-json\/wp\/v2\/tags?post=314363"}],"curies":[{"name":"wp","href":"https:\/\/api.w.org\/{rel}","templated":true}]}}