{"id":314379,"date":"2025-12-30T19:19:11","date_gmt":"2025-12-30T19:19:11","guid":{"rendered":"https:\/\/www.europesays.com\/es\/314379\/"},"modified":"2025-12-30T19:19:11","modified_gmt":"2025-12-30T19:19:11","slug":"ryan-coogler-revela-como-iba-a-ser-black-panther-2-antes-de-la-muerte-de-chadwick-boseman","status":"publish","type":"post","link":"https:\/\/www.europesays.com\/es\/314379\/","title":{"rendered":"Ryan Coogler revela c\u00f3mo iba a ser \u2018Black Panther 2\u2019 antes de la muerte de Chadwick Boseman"},"content":{"rendered":"<p><strong>La muerte de <a href=\"https:\/\/www.ecartelera.com\/personas\/chadwick-boseman\/\" data-mention-type=\"persona\" data-mention-id=\"7270\" rel=\"nofollow noopener\" target=\"_blank\">Chadwick Boseman<\/a><\/strong> cambi\u00f3 por completo el rumbo de la saga &#8216;<a href=\"https:\/\/www.ecartelera.com\/peliculas\/black-panther\/\" data-mention-type=\"pelicula\" data-mention-id=\"8903\" rel=\"nofollow noopener\" target=\"_blank\">Black Panther<\/a>&#8216; y el UCM, un icono insustituible cuya tr\u00e1gica marcha marc\u00f3 a una generaci\u00f3n de espectadores que <strong>se vio reflejada por primera vez en una pel\u00edcula de dicha escala<\/strong>, realizada y protagonizada casi al completo por personas negras.<\/p>\n<p>&#8216;Black Panther&#8217; &#8211; Making of: el rey de Wakanda<\/p>\n<p><video id=\"vid-19786\" class=\"video-js vjs-default-skin\" data-title=\"'Black Panther' - Making of: el rey de Wakanda\" poster=\"https:\/\/www.ecartelera.com\/images\/videos\/19700\/19786-m.jpg\" controls=\"\" preload=\"auto\" width=\"640\" height=\"360\" playsinline=\"\" data-vtt=\"\/\/v1.ecartelera.com\/video\/19700\/19786_sprite.vtt\" data-stream=\"1\">El navegador no soporta el tag de v\u00eddeo.<\/video><\/p>\n<p>X<\/p>\n<p><a href=\"https:\/\/www.ecartelera.com\/personas\/ryan-coogler\/\" data-mention-type=\"persona\" data-mention-id=\"7857\" rel=\"nofollow noopener\" target=\"_blank\">Ryan Coogler<\/a> <strong>ha desvelado por primera vez c\u00f3mo iba a ser \u2018Black Panther 2\u2019<\/strong> antes del fallecimiento del actor, durante su participaci\u00f3n en el podcast <a href=\"https:\/\/youtu.be\/l0txrwxpGjw?si=IWKUN2RSdhEdUubV\" target=\"_blank\" rel=\"nofollow noopener\">Happy Sad Confused<\/a>. El director se encontraba desarrollando la secuela del exitoso filme de 2018 cuando Boseman muri\u00f3 en agosto de 2020 a causa de un c\u00e1ncer de colon, <strong>un golpe que oblig\u00f3 a replantear por completo la pel\u00edcula<\/strong> y que acabar\u00eda dando lugar a &#8216;<a href=\"https:\/\/www.ecartelera.com\/peliculas\/black-panther-2\/\" data-mention-type=\"pelicula\" data-mention-id=\"15696\" rel=\"nofollow noopener\" target=\"_blank\">Black Panther: Wakanda Forever<\/a>&#8216;.<\/p>\n<p>En la conversaci\u00f3n, Coogler explic\u00f3 que el guion original de la secuela giraba en torno a <strong>una aventura compartida entre T\u2019Challa y su hijo de ocho a\u00f1os<\/strong>, manteniendo a Namor como antagonista principal. El cineasta detall\u00f3 que la historia se articulaba alrededor de un ritual tradicional: \u201c<strong>Lo m\u00e1s importante del gui\u00f3n era algo llamado el Ritual de los 8<\/strong>, donde un pr\u00edncipe tiene 8 a\u00f1os y debe pasar 8 d\u00edas en el bosque con su padre\u201d.<\/p>\n<p>\t\t\t\t\t\t\t<img decoding=\"async\" loading=\"lazy\" src=\"https:\/\/www.europesays.com\/es\/wp-content\/uploads\/2025\/12\/93859_black-panther.jpg\" alt=\"'Black Panther 2' iba s girar en torno a un rito de Wakanda\" width=\"1200\" height=\"800\"\/><\/p>\n<p>\t\t\t\t\t\t&#8216;Black Panther 2&#8217; iba s girar en torno a un rito de Wakanda (Marvel Studios)<\/p>\n<p>Seg\u00fan relat\u00f3, durante ese periodo el ni\u00f1o pod\u00eda preguntar cualquier cosa y el padre estaba obligado a responder, una din\u00e1mica que <strong>se ve\u00eda interrumpida cuando Namor iniciaba un ataque<\/strong>: \u201cTen\u00eda que lidiar con alguien incre\u00edblemente peligroso, pero debido a este ritual, su hijo ten\u00eda que estar a su lado todo el tiempo o, de lo contrario, violar\u00edan este ritual que nunca se hab\u00eda roto. Era una locura.<strong> Chadwick iba a estar genial<\/strong>, pero la vida es como es\u201d.<\/p>\n<p>Coogler confirm\u00f3 que lleg\u00f3 a completar esta versi\u00f3n del guion y que intent\u00f3 hac\u00e9rsela llegar a Boseman, aunque el actor ya se encontraba demasiado enfermo para leerla. \u201c<strong>Estaba en un lugar donde eso no iba a suceder<\/strong>\u201d, explic\u00f3 el director, que tambi\u00e9n reflexion\u00f3 sobre la relaci\u00f3n personal que manten\u00edan:<\/p>\n<blockquote><p>\u201cNuestra relaci\u00f3n era muy interesante. <strong>\u00c9l significaba mucho para m\u00ed<\/strong>, pero despu\u00e9s de su muerte, su familia y sus amigos me dijeron lo mucho que yo significaba para \u00e9l. Eso me dej\u00f3 bastante mal. Me pregunto si \u00e9l sab\u00eda lo mucho que significaba para m\u00ed. S\u00ed, me lo preguntaba&#8230; Pero me encant\u00f3 ese guion.<strong> Invert\u00ed tanto en esa versi\u00f3n de la pel\u00edcula porque sent\u00ed que hab\u00eda llegado a conocer a Chadwick como actor.<\/strong> Le habl\u00e9 mucho en la primera \u00abPantera\u00bb, pero me di cuenta de que solo estaba ara\u00f1ando la superficie. Era un borrador de 180 p\u00e1ginas\u201d.<\/p><\/blockquote>\n<p>\t\t\t\t\t\t\t<img decoding=\"async\" loading=\"lazy\" src=\"https:\/\/www.europesays.com\/es\/wp-content\/uploads\/2025\/12\/250490_ryan-coogler-revela-cmo-iba-a-ser-black-panther-2-antes-de-la-muerte-de-chadwick.jpg\" alt=\"Ryan Coogler y Chadwick Boseman en el set de 'Black Panther'\" width=\"1200\" height=\"791\"\/><\/p>\n<p>\t\t\t\t\t\tRyan Coogler y Chadwick Boseman en el set de &#8216;Black Panther&#8217; (Marvel Studios)<br \/>\n\t\t\t\t\t\t\u2018Black Panther\u2019 iba a tener a Kraven<\/p>\n<p>Durante la charla, el cineasta tambi\u00e9n revel\u00f3 una idea descartada del primer &#8216;Black Panther&#8217;: <strong>su intenci\u00f3n inicial de incluir a Kraven el Cazador como villano<\/strong>, algo que no pudo materializarse por cuestiones de derechos. \u201cQuer\u00eda basarlo en la etapa de Christopher Priest en &#8216;Panther&#8217; y su etapa comienza con Panther y Kraven. Eso es lo primero. <strong>Son Ross, Panther y Kraven peleando<\/strong>\u00ab.<\/p>\n<p>Coogler relat\u00f3 adem\u00e1s su insistencia para poder utilizar al personaje, fruto de su admiraci\u00f3n por Spider-Man y sus distintas encarnaciones: \u201c<strong>Soy un gran fan de Spider-Man<\/strong>, especialmente de \u00bb<a href=\"https:\/\/www.ecartelera.com\/series\/ultimate-spider-man\/\" data-mention-type=\"serie\" data-mention-id=\"1109\" rel=\"nofollow noopener\" target=\"_blank\">Ultimate Spider-Man<\/a>\u00bb. Kraven sale en ella. Tambi\u00e9n es genial en los libros. Les dije: Oye, \u00bfpuedo tener a Kraven en la pel\u00edcula?. Me respondieron: No lo creemos, pero d\u00e9jenme comprobarlo. <strong>As\u00ed que contactaron con Sony y les respondieron: Para nada<\/strong>. No podemos hacerlo. As\u00ed que les dije: Vale\u201d.<\/p>\n","protected":false},"excerpt":{"rendered":"La muerte de Chadwick Boseman cambi\u00f3 por completo el rumbo de la saga &#8216;Black Panther&#8216; y el UCM,&hellip;\n","protected":false},"author":2,"featured_media":314380,"comment_status":"","ping_status":"","sticky":false,"template":"","format":"standard","meta":{"footnotes":""},"categories":[169],"tags":[1014,1015,1013,177,1011,146,147,25,24,782,176,1019,1016,175,753,1012,23,1017,1018],"class_list":{"0":"post-314379","1":"post","2":"type-post","3":"status-publish","4":"format-standard","5":"has-post-thumbnail","7":"category-cine","8":"tag-actores","9":"tag-actrices","10":"tag-cartelera","11":"tag-cine","12":"tag-ecartelera","13":"tag-entertainment","14":"tag-entretenimiento","15":"tag-es","16":"tag-espana","17":"tag-estrellas","18":"tag-film","19":"tag-fotogramas","20":"tag-fotos","21":"tag-movies","22":"tag-peliculas","23":"tag-pelis","24":"tag-spain","25":"tag-trailers","26":"tag-videos"},"share_on_mastodon":{"url":"https:\/\/pubeurope.com\/@es\/115810137845622091","error":""},"_links":{"self":[{"href":"https:\/\/www.europesays.com\/es\/wp-json\/wp\/v2\/posts\/314379","targetHints":{"allow":["GET"]}}],"collection":[{"href":"https:\/\/www.europesays.com\/es\/wp-json\/wp\/v2\/posts"}],"about":[{"href":"https:\/\/www.europesays.com\/es\/wp-json\/wp\/v2\/types\/post"}],"author":[{"embeddable":true,"href":"https:\/\/www.europesays.com\/es\/wp-json\/wp\/v2\/users\/2"}],"replies":[{"embeddable":true,"href":"https:\/\/www.europesays.com\/es\/wp-json\/wp\/v2\/comments?post=314379"}],"version-history":[{"count":0,"href":"https:\/\/www.europesays.com\/es\/wp-json\/wp\/v2\/posts\/314379\/revisions"}],"wp:featuredmedia":[{"embeddable":true,"href":"https:\/\/www.europesays.com\/es\/wp-json\/wp\/v2\/media\/314380"}],"wp:attachment":[{"href":"https:\/\/www.europesays.com\/es\/wp-json\/wp\/v2\/media?parent=314379"}],"wp:term":[{"taxonomy":"category","embeddable":true,"href":"https:\/\/www.europesays.com\/es\/wp-json\/wp\/v2\/categories?post=314379"},{"taxonomy":"post_tag","embeddable":true,"href":"https:\/\/www.europesays.com\/es\/wp-json\/wp\/v2\/tags?post=314379"}],"curies":[{"name":"wp","href":"https:\/\/api.w.org\/{rel}","templated":true}]}}