{"id":314383,"date":"2025-12-30T19:21:09","date_gmt":"2025-12-30T19:21:09","guid":{"rendered":"https:\/\/www.europesays.com\/es\/314383\/"},"modified":"2025-12-30T19:21:09","modified_gmt":"2025-12-30T19:21:09","slug":"la-gripe-da-un-respiro-en-alicante-los-contagios-bajan-un-30-en-la-ultima-semana","status":"publish","type":"post","link":"https:\/\/www.europesays.com\/es\/314383\/","title":{"rendered":"La gripe da un respiro en Alicante: los contagios bajan un 30% en la \u00faltima semana"},"content":{"rendered":"<p><a class=\"v-mdl-ath__fig-a\" href=\"https:\/\/www.todoalicante.es\/autor\/pau-selles-5558.html\" title=\"Pau Sell\u00e9s\" rel=\"nofollow noopener\" target=\"_blank\"><br \/>\n<img decoding=\"async\" class=\"v-mdl-ath__img\" src=\"https:\/\/www.europesays.com\/es\/wp-content\/uploads\/2025\/08\/autor-5558-foto-1.jpeg\" alt=\"Pau Sell\u00e9s\"\/><br \/>\n<\/a><\/p>\n<p class=\"v-mdl-ath__p v-mdl-ath__p--6\">\nMartes, 30 de diciembre 2025, 16:43<\/p>\n<p class=\"v-p\">Los casos de gripe contin\u00faan descendiendo en Alicante por segunda semana seguida, lo que ha provocado una reducci\u00f3n del 25,3% en la <a href=\"https:\/\/www.todoalicante.es\/sanidad\/disparada-venta-antigripales-alicante-tras-aparicion-variante-k-20251215121547-nt.html\" data-voc-vtm-id=\"in-text-traffic\" title=\"incidencia de infecciones respiratorias agudas (IRA)\" rel=\"nofollow noopener\" target=\"_blank\">incidencia de infecciones respiratorias agudas (IRA)<\/a> en toda la Comunitat. De esta forma, la incidencia se sit\u00faa en 885,9 casos por cada 100.000 habitantes, frente a los 1.186,5 registrados en el periodo previo.<\/p>\n<p class=\"v-p\">As\u00ed lo recoge el \u00faltimo informe del Sistema de Vigilancia de Infecciones Respiratorias Agudas de la Comunitat Valenciana (SiVIRA), elaborado por la Conselleria de Sanidad, correspondiente a la \u00faltima semana del a\u00f1o, la n\u00famero 52 (del 22 al 28 de diciembre).<\/p>\n<p class=\"v-p\">De este modo, el m\u00e1ximo de la actual campa\u00f1a<a href=\"https:\/\/www.todoalicante.es\/sanidad\/ola-gripe-tensiona-hospitales-alicante-esperas-escasez-20251201072500-nt.html\" data-voc-vtm-id=\"in-text-traffic\" title=\" se alcanz\u00f3 en la semana 49, cuando se contabilizaron 1.192,5 casos\" rel=\"nofollow noopener\" target=\"_blank\"> se alcanz\u00f3 en la semana 49, cuando se contabilizaron 1.192,5 casos<\/a>. La tasa registrada al cierre de 2025 es, adem\u00e1s, la m\u00e1s baja desde la semana 47 (del 17 al 23 de noviembre), cuando la incidencia era de 787,8 casos. A nivel nacional, y seg\u00fan los datos m\u00e1s recientes disponibles, correspondientes a la semana 51, la incidencia se sit\u00faa en 834,1 casos.<\/p>\n<p>Repunte de la covid<\/p>\n<p class=\"v-p\">Por patolog\u00edas, la gripe ha experimentado un descenso del 31,46%, al pasar de 333,2 a 227,7 casos por cada 100.000 habitantes. Tambi\u00e9n se ha reducido la incidencia del virus respiratorio sincitial (VRS), responsable de la bronquiolitis, que baja de 108 a 70,9 casos. En cambio, la covid registra un repunte, al aumentar de 21,4 a 26,6 casos.<\/p>\n<p class=\"v-p\">La bajada de la incidencia de los virus respiratorios se ha producido en todos los grupos de edad. <a href=\"https:\/\/www.todoalicante.es\/sanidad\/van-alicantinos-medico-20251215072329-nt.html\" data-voc-vtm-id=\"in-text-traffic\" title=\"En el segmento m\u00e1s afectado\" rel=\"nofollow noopener\" target=\"_blank\">En el segmento m\u00e1s afectado<\/a>, el de menores de cuatro a\u00f1os, los casos han disminuido de 4.282,1 a 3.114,9, mientras que entre los mayores de 65 a\u00f1os la tasa ha pasado de 981,7 a 746,9 casos. En cuanto a los ingresos hospitalarios, la incidencia ha aumentado ligeramente, de 25,3 a 25,7 casos.<\/p>\n<p>Reporta un error<\/p>\n","protected":false},"excerpt":{"rendered":"Martes, 30 de diciembre 2025, 16:43 Los casos de gripe contin\u00faan descendiendo en Alicante por segunda semana seguida,&hellip;\n","protected":false},"author":2,"featured_media":314384,"comment_status":"","ping_status":"","sticky":false,"template":"","format":"standard","meta":{"footnotes":""},"categories":[92],"tags":[2206,51740,23295,25,24,7749,165,18387,166,773,23,1885],"class_list":{"0":"post-314383","1":"post","2":"type-post","3":"status-publish","4":"format-standard","5":"has-post-thumbnail","7":"category-salud","8":"tag-alicante","9":"tag-bajan","10":"tag-contagios","11":"tag-es","12":"tag-espana","13":"tag-gripe","14":"tag-health","15":"tag-respiro","16":"tag-salud","17":"tag-semana","18":"tag-spain","19":"tag-ultima"},"share_on_mastodon":{"url":"https:\/\/pubeurope.com\/@es\/115810145814622977","error":""},"_links":{"self":[{"href":"https:\/\/www.europesays.com\/es\/wp-json\/wp\/v2\/posts\/314383","targetHints":{"allow":["GET"]}}],"collection":[{"href":"https:\/\/www.europesays.com\/es\/wp-json\/wp\/v2\/posts"}],"about":[{"href":"https:\/\/www.europesays.com\/es\/wp-json\/wp\/v2\/types\/post"}],"author":[{"embeddable":true,"href":"https:\/\/www.europesays.com\/es\/wp-json\/wp\/v2\/users\/2"}],"replies":[{"embeddable":true,"href":"https:\/\/www.europesays.com\/es\/wp-json\/wp\/v2\/comments?post=314383"}],"version-history":[{"count":0,"href":"https:\/\/www.europesays.com\/es\/wp-json\/wp\/v2\/posts\/314383\/revisions"}],"wp:featuredmedia":[{"embeddable":true,"href":"https:\/\/www.europesays.com\/es\/wp-json\/wp\/v2\/media\/314384"}],"wp:attachment":[{"href":"https:\/\/www.europesays.com\/es\/wp-json\/wp\/v2\/media?parent=314383"}],"wp:term":[{"taxonomy":"category","embeddable":true,"href":"https:\/\/www.europesays.com\/es\/wp-json\/wp\/v2\/categories?post=314383"},{"taxonomy":"post_tag","embeddable":true,"href":"https:\/\/www.europesays.com\/es\/wp-json\/wp\/v2\/tags?post=314383"}],"curies":[{"name":"wp","href":"https:\/\/api.w.org\/{rel}","templated":true}]}}