{"id":314391,"date":"2025-12-30T19:25:08","date_gmt":"2025-12-30T19:25:08","guid":{"rendered":"https:\/\/www.europesays.com\/es\/314391\/"},"modified":"2025-12-30T19:25:08","modified_gmt":"2025-12-30T19:25:08","slug":"el-incremento-del-salario-minimo-es-una-apuesta-del-gobierno-nacional-para-garantizar-ingresos-dignos-y-mejorar-la-productividad-del-pais","status":"publish","type":"post","link":"https:\/\/www.europesays.com\/es\/314391\/","title":{"rendered":"El incremento del salario m\u00ednimo es una apuesta del gobierno nacional para garantizar ingresos dignos y mejorar la productividad del pa\u00eds"},"content":{"rendered":"<p><strong>Bogot\u00e1, 30 de diciembre de 2025 (@DNP_Colombia).<\/strong> El Departamento Nacional de Planeaci\u00f3n (DNP) respalda la decisi\u00f3n del Gobierno nacional de fijar el salario m\u00ednimo legal en $1.750.905 para 2026, con un incremento del 23%. Este aumento representa un avance en la implementaci\u00f3n del salario vital, impulsado por la Organizaci\u00f3n Internacional del Trabajo (OIT), que establece que los ingresos laborales deben ser suficientes para cubrir las necesidades b\u00e1sicas de una familia como alimentaci\u00f3n, vivienda, salud y educaci\u00f3n. La decisi\u00f3n parte de un principio claro: el salario no es solo para sobrevivir, es para vivir con dignidad.<\/p>\n<p>Este c\u00e1lculo no es ideol\u00f3gico: es el resultado de un an\u00e1lisis t\u00e9cnico, participativo y basado en datos. En diciembre de 2025, la OIT present\u00f3 ante la Comisi\u00f3n Permanente de Concertaci\u00f3n un estudio para Colombia, sustentado en la Encuesta Nacional de Presupuestos de los Hogares, que estima el costo de los gastos esenciales en cuatro grandes grupos: alimentaci\u00f3n, vivienda, salud y educaci\u00f3n, y otros esenciales. Seg\u00fan este ejercicio, el gasto mensual de una familia promedio de cuatro personas en 2024 es de 2\u2019982,960 millones. Al considerar el n\u00famero promedio de trabajadores por hogar (1,5), el salario vital por persona se puede estimar en cerca de $2 millones mensuales.<\/p>\n<p>Durante los \u00faltimos cuatro a\u00f1os, el salario m\u00ednimo ha registrado incrementos reales sostenidos y significativos por encima de la inflaci\u00f3n. Esto implica un aumento de ingresos reales para los hogares. Contrario a algunos planteamientos, <strong>la inflaci\u00f3n en Colombia disminuy\u00f3 y pas\u00f3 de 13,34 % en marzo de 2023 a 5,30 % anual en noviembre de 2025<\/strong>. Adem\u00e1s, el mercado laboral completa 14 meses de reducci\u00f3n en la tasa de desempleo, 16 meses de generaci\u00f3n de empleo y 5 meses con niveles de desempleo por debajo del 9 %. <strong>La evidencia muestra que mejores salarios y la actividad productiva si pueden ir de la mano<\/strong>.<\/p>\n<p>Tambi\u00e9n es importante destacar que La literatura econ\u00f3mica de los \u00faltimos a\u00f1os respalda este enfoque. Estudios desarrollados, incluidas las tesis de varios premios nobel que han trabajado los relaciones entre aumentos del salario vs la inflaci\u00f3n o el aumento del desempleo, han demostrado que los efectos en estas dos \u00faltimas variables han sido menos que proporcionales.<\/p>\n<p>La evidencia emp\u00edrica confirma estos hallazgos tanto en Colombia, donde el salario m\u00ednimo ha aumentado cerca de 17 % en t\u00e9rminos reales en tres a\u00f1os, sin presiones inflacionarias adicionales y con la creaci\u00f3n de cerca de dos millones de empleos, como en experiencias internacionales recientes. En Espa\u00f1a, por ejemplo, se elev\u00f3 el salario en m\u00e1s de 20 % y la inflaci\u00f3n aument\u00f3 en menos de 1 %; igual sucedi\u00f3 en Ecuador, donde se presentaron aumentos sostenidos del 10 % en los salarios y la inflaci\u00f3n se elev\u00f3 muy poco. Las mismas din\u00e1micas se han observado otras econom\u00edas de la Uni\u00f3n Europea.<\/p>\n<p>Lo que s\u00ed est\u00e1 ocurriendo con estas medidas es que los aumentos en los salarios introducen elementos de modernizaci\u00f3n en las econom\u00edas permitiendo que los pa\u00edses se den cuenta de que no pueden seguir compitiendo con bajos salarios sin aumentar la productividad.<\/p>\n<p>En Colombia, la productividad ha mostrado un desempe\u00f1o negativo en las \u00faltimas d\u00e9cadas, con una variaci\u00f3n promedio cercana a \u20130,18 % en los \u00faltimos 25 a\u00f1os. En este sentido, los ajustes salariales forman parte de una estrategia m\u00e1s amplia de transformaci\u00f3n productiva orientada a elevar el crecimiento potencial del pa\u00eds.<\/p>\n<p><strong>Desde el Departamento Nacional de Planeaci\u00f3n reiteramos que impulsar una econom\u00eda para la vida implica garantizar que el trabajo permita desarrollarse, cuidar a la familia y vivir con dignidad. Ese es el sentido de esta decisi\u00f3n.<\/strong><\/p>\n<p><strong>Con dignidad cumplimos.<\/strong><\/p>\n","protected":false},"excerpt":{"rendered":"Bogot\u00e1, 30 de diciembre de 2025 (@DNP_Colombia). El Departamento Nacional de Planeaci\u00f3n (DNP) respalda la decisi\u00f3n del Gobierno&hellip;\n","protected":false},"author":2,"featured_media":314392,"comment_status":"","ping_status":"","sticky":false,"template":"","format":"standard","meta":{"footnotes":""},"categories":[42],"tags":[17,18,13,14,11,61,62,63,64,19,20,9,10,15,16,12,21,22,65,66,67],"class_list":{"0":"post-314391","1":"post","2":"type-post","3":"status-publish","4":"format-standard","5":"has-post-thumbnail","7":"category-internacional","8":"tag-breaking-news","9":"tag-breakingnews","10":"tag-featured-news","11":"tag-featurednews","12":"tag-headlines","13":"tag-internacional","14":"tag-international","15":"tag-international-news","16":"tag-internationalnews","17":"tag-latest-news","18":"tag-latestnews","19":"tag-news","20":"tag-noticias","21":"tag-noticias-destacadas","22":"tag-noticiasdestacadas","23":"tag-titulares","24":"tag-ultimas-noticias","25":"tag-ultimasnoticias","26":"tag-world","27":"tag-world-news","28":"tag-worldnews"},"share_on_mastodon":{"url":"https:\/\/pubeurope.com\/@es\/115810161396805377","error":""},"_links":{"self":[{"href":"https:\/\/www.europesays.com\/es\/wp-json\/wp\/v2\/posts\/314391","targetHints":{"allow":["GET"]}}],"collection":[{"href":"https:\/\/www.europesays.com\/es\/wp-json\/wp\/v2\/posts"}],"about":[{"href":"https:\/\/www.europesays.com\/es\/wp-json\/wp\/v2\/types\/post"}],"author":[{"embeddable":true,"href":"https:\/\/www.europesays.com\/es\/wp-json\/wp\/v2\/users\/2"}],"replies":[{"embeddable":true,"href":"https:\/\/www.europesays.com\/es\/wp-json\/wp\/v2\/comments?post=314391"}],"version-history":[{"count":0,"href":"https:\/\/www.europesays.com\/es\/wp-json\/wp\/v2\/posts\/314391\/revisions"}],"wp:featuredmedia":[{"embeddable":true,"href":"https:\/\/www.europesays.com\/es\/wp-json\/wp\/v2\/media\/314392"}],"wp:attachment":[{"href":"https:\/\/www.europesays.com\/es\/wp-json\/wp\/v2\/media?parent=314391"}],"wp:term":[{"taxonomy":"category","embeddable":true,"href":"https:\/\/www.europesays.com\/es\/wp-json\/wp\/v2\/categories?post=314391"},{"taxonomy":"post_tag","embeddable":true,"href":"https:\/\/www.europesays.com\/es\/wp-json\/wp\/v2\/tags?post=314391"}],"curies":[{"name":"wp","href":"https:\/\/api.w.org\/{rel}","templated":true}]}}