{"id":314401,"date":"2025-12-30T19:35:12","date_gmt":"2025-12-30T19:35:12","guid":{"rendered":"https:\/\/www.europesays.com\/es\/314401\/"},"modified":"2025-12-30T19:35:12","modified_gmt":"2025-12-30T19:35:12","slug":"ni-barca-ni-penarroya-jasikevicius-se-lleva-a-chris-silva","status":"publish","type":"post","link":"https:\/\/www.europesays.com\/es\/314401\/","title":{"rendered":"\u00a1Ni Bar\u00e7a ni Pe\u00f1arroya! Jasikevicius se lleva a Chris Silva"},"content":{"rendered":"<p class=\"ft-text\"><a class=\"ft-link ft-link--decoration\" href=\"https:\/\/www.sport.es\/es\/barca\/baloncesto\/\" rel=\"nofollow noopener\" target=\"_blank\"><strong>Al Bar\u00e7a<\/strong><\/a> se le aleja definitivamente la posibilidad de fichar al p\u00edvot <strong>Chris Silva.<\/strong> Tras completar un gran inicio de temporada en el <strong>AEK Atenas,<\/strong> el interior gabon\u00e9s ha llamado la atenci\u00f3n de varios de los equipos potentes del baloncesto europeo.<\/p>\n<p class=\"ft-text\">La rumorolog\u00eda de estas \u00faltimas semanas apuntaba a que el club azulgrana estaba interesado en poder incorporar a Silva. La &#8216;pelea&#8217; no se antojaba sencilla, ante rivales de la entidad de<strong> Fenerbah\u00e7e, Olympiacos o el Partiz\u00e1n de Joan Pe\u00f1arroya, <\/strong>que tambi\u00e9n se hab\u00eda posicionado en las \u00faltimas horas como posible destino para el gabon\u00e9s.<\/p>\n<p><img decoding=\"async\" src=\"https:\/\/www.europesays.com\/es\/wp-content\/uploads\/2025\/12\/3d8d8a9d-4ae4-496a-9c99-4d1c9626d0c4_alta-libre-aspect-ratio_default_0.jpg\" width=\"1200\" height=\"675\" alt=\"Chris Silva, en el partido ante Levice\" class=\"ft-helper-img-rd\" loading=\"lazy\"\/><\/p>\n<p class=\"ft-helper-fontColor-quaternary ft-helper-fontSize-body-S ft-helper-spacer-t-xxs\">Chris Silva, en el partido ante Levice  \/ BCL<\/p>\n<p>La salud econ\u00f3mica del Bar\u00e7a<\/p>\n<p class=\"ft-text\">Tal y como viene explicando SPORT en las \u00faltimas semanas, <strong>el Bar\u00e7a no es ajeno al mercado de fichajes,<\/strong> y la secretar\u00eda t\u00e9cnica sigue muy pendiente de opciones que puedan encajar en el equipo de Xavi Pascual para reforzar el actual roster. Las posiciones de &#8216;1&#8217; y &#8216;5&#8217; son las que podr\u00edan quedar apuntaladas por la situaci\u00f3n del equipo, lastrada \u00faltimamente por las lesiones.<\/p>\n<p class=\"ft-text\">Pese a esa posibilidad de reforzar al equipo, la salud econ\u00f3mica del Bar\u00e7a de basket depende del ecosistema global del club,<strong> y hasta que no se alcance la regla 1:1, es pr\u00e1cticamente imposible<\/strong> que la secci\u00f3n vaya a acometer alguna incorporaci\u00f3n o movimiento en la plantilla.<\/p>\n<p><img decoding=\"async\" src=\"https:\/\/www.europesays.com\/es\/wp-content\/uploads\/2025\/12\/45dd12a5-b697-4ab0-9e7e-25d32f597a7e_alta-libre-aspect-ratio_default_0.jpg\" width=\"1200\" height=\"675\" alt=\"Xavi Pascual, en el partido de Euroliga ante Fenerbah\u00e7e\" class=\"ft-helper-img-rd\" loading=\"lazy\"\/><\/p>\n<p class=\"ft-helper-fontColor-quaternary ft-helper-fontSize-body-S ft-helper-spacer-t-xxs\">Xavi Pascual, en el partido de Euroliga ante Fenerbah\u00e7e  \/ EFE<\/p>\n<p>&#8216;Fener&#8217; gana la puja<\/p>\n<p class=\"ft-text\">Ante esta situaci\u00f3n, <strong>el &#8216;Fener&#8217; de Sarunas Jasikevicius se ha movido r\u00e1pido, y parece haberse impuesto en la &#8216;subasta&#8217; por Silva.<\/strong> En Turqu\u00eda, el periodista Yagiz Sabuncuoglu da por hecho el acuerdo entre el club otomano y el jugador, que firmar\u00e1 hasta final de temporada, con un salario de unos 230.000 euros.<\/p>\n<p class=\"ft-text\">Un Chris Silva que, si nada se tuerce, se unir\u00e1 al vigente campe\u00f3n de la Euroliga y dejar\u00e1 a un AEK Atenas con el que ha promediado<strong> 14,8 puntos y ocho rebotes por partido en la FIBA Basketball Champions League.<\/strong><\/p>\n<p><img decoding=\"async\" src=\"https:\/\/www.europesays.com\/es\/wp-content\/uploads\/2025\/12\/d6e93247-bfeb-41e7-bb2c-ce56c3b50850_alta-libre-aspect-ratio_default_0.jpg\" width=\"1200\" height=\"675\" alt=\"Jasikevicius se proclam\u00f3 campe\u00f3n de la Euroliga con Fenerbah\u00e7e\" class=\"ft-helper-img-rd\" loading=\"lazy\"\/><\/p>\n<p class=\"ft-helper-fontColor-quaternary ft-helper-fontSize-body-S ft-helper-spacer-t-xxs\">Jasikevicius se proclam\u00f3 campe\u00f3n de la Euroliga con Fenerbah\u00e7e  \/ Twitter: @FBBasketbol<\/p>\n<p class=\"ft-text\">De esta manera, el Bar\u00e7a deber\u00e1 seguir rastreando el mercado si finalmente quiere acometer la llegada de alg\u00fan p\u00edvot, ya que Silva ha encontrado cobijo en el Fenerbah\u00e7e de <strong>Sarunas Jasikevicius.<\/strong><\/p>\n","protected":false},"excerpt":{"rendered":"Al Bar\u00e7a se le aleja definitivamente la posibilidad de fichar al p\u00edvot Chris Silva. Tras completar un gran&hellip;\n","protected":false},"author":2,"featured_media":314402,"comment_status":"","ping_status":"","sticky":false,"template":"","format":"standard","meta":{"footnotes":""},"categories":[269],"tags":[299,2296,298,2242,168,25,24,24503,50213,73701,2469,23,167],"class_list":{"0":"post-314401","1":"post","2":"type-post","3":"status-publish","4":"format-standard","5":"has-post-thumbnail","7":"category-baloncesto","8":"tag-baloncesto","9":"tag-barca","10":"tag-basketball","11":"tag-chris","12":"tag-deportes","13":"tag-es","14":"tag-espana","15":"tag-fenerbahce","16":"tag-jasikevicius","17":"tag-sarunas","18":"tag-silva","19":"tag-spain","20":"tag-sports"},"share_on_mastodon":{"url":"https:\/\/pubeurope.com\/@es\/115810200837818103","error":""},"_links":{"self":[{"href":"https:\/\/www.europesays.com\/es\/wp-json\/wp\/v2\/posts\/314401","targetHints":{"allow":["GET"]}}],"collection":[{"href":"https:\/\/www.europesays.com\/es\/wp-json\/wp\/v2\/posts"}],"about":[{"href":"https:\/\/www.europesays.com\/es\/wp-json\/wp\/v2\/types\/post"}],"author":[{"embeddable":true,"href":"https:\/\/www.europesays.com\/es\/wp-json\/wp\/v2\/users\/2"}],"replies":[{"embeddable":true,"href":"https:\/\/www.europesays.com\/es\/wp-json\/wp\/v2\/comments?post=314401"}],"version-history":[{"count":0,"href":"https:\/\/www.europesays.com\/es\/wp-json\/wp\/v2\/posts\/314401\/revisions"}],"wp:featuredmedia":[{"embeddable":true,"href":"https:\/\/www.europesays.com\/es\/wp-json\/wp\/v2\/media\/314402"}],"wp:attachment":[{"href":"https:\/\/www.europesays.com\/es\/wp-json\/wp\/v2\/media?parent=314401"}],"wp:term":[{"taxonomy":"category","embeddable":true,"href":"https:\/\/www.europesays.com\/es\/wp-json\/wp\/v2\/categories?post=314401"},{"taxonomy":"post_tag","embeddable":true,"href":"https:\/\/www.europesays.com\/es\/wp-json\/wp\/v2\/tags?post=314401"}],"curies":[{"name":"wp","href":"https:\/\/api.w.org\/{rel}","templated":true}]}}