{"id":314408,"date":"2025-12-30T19:41:08","date_gmt":"2025-12-30T19:41:08","guid":{"rendered":"https:\/\/www.europesays.com\/es\/314408\/"},"modified":"2025-12-30T19:41:08","modified_gmt":"2025-12-30T19:41:08","slug":"expulsan-a-danielle-del-grupo-k-pop-newjeans-sello-coreano-la-demanda-por-31-millones-de-dolares","status":"publish","type":"post","link":"https:\/\/www.europesays.com\/es\/314408\/","title":{"rendered":"Expulsan a Danielle del grupo k-pop NewJeans: sello coreano la demanda por 31 millones de d\u00f3lares"},"content":{"rendered":"<p><img alt=\"La salida de Danielle deja\" class=\"global-image\" decoding=\"async\" fetchpriority=\"high\" height=\"1080\" loading=\"eager\" src=\"https:\/\/www.europesays.com\/es\/wp-content\/uploads\/2025\/12\/YIWNMBVJI5CZPFRSBMOFSDI7TA.jpg\" width=\"1920\"\/>La salida de Danielle deja en suspenso el regreso de NewJeans como grupo de cinco integrantes, formato con el que debut\u00f3 en 2022. (ADOR)<\/p>\n<p class=\"paragraph\">El futuro de <a rel=\"noopener noreferrer nofollow\" href=\"https:\/\/www.infobae.com\/entretenimiento\/2024\/11\/20\/newjeans-ministerio-de-trabajo-de-corea-del-sur-desestima-acusaciones-de-maltrato-laboral-a-grupo-de-k-pop\/\" target=\"_blank\" title=\"https:\/\/www.infobae.com\/entretenimiento\/2024\/11\/20\/newjeans-ministerio-de-trabajo-de-corea-del-sur-desestima-acusaciones-de-maltrato-laboral-a-grupo-de-k-pop\/\">NewJeans<\/a>, uno de los grupos femeninos m\u00e1s influyentes del k-pop contempor\u00e1neo, sigue siendo incierto tras meses de conflicto entre sus integrantes y la agencia coreana que las form\u00f3. <\/p>\n<p class=\"paragraph\">Este 29 de diciembre, la agencia <b>ADOR<\/b>, subsidiaria del gigante surcoreano HYBE, confirm\u00f3 que <b>Danielle Marsh <\/b>no continuar\u00e1 m\u00e1s como miembro de la girlband. Asimismo, la joven enfrentar\u00e1 acciones legales por <b>aproximadamente 31 millones de d\u00f3lares<\/b> junto a un familiar y la exdirectora creativa Min Hee-jin. <\/p>\n<p class=\"paragraph\">Seg\u00fan inform\u00f3 la <b>BBC<\/b>, ADOR decidi\u00f3 poner fin a su relaci\u00f3n contractual con Danielle tras concluir que era \u201cdif\u00edcil continuar trabajando con ella\u201d como integrante de NewJeans. <\/p>\n<p class=\"paragraph\">La empresa explic\u00f3 en un comunicado que, luego del <a rel=\"noopener noreferrer nofollow\" href=\"https:\/\/www.infobae.com\/entretenimiento\/2025\/11\/14\/newjeans-regresa-con-su-sello-discografico-tras-una-larga-batalla-legal\/\" target=\"_blank\" title=\"https:\/\/www.infobae.com\/entretenimiento\/2025\/11\/14\/newjeans-regresa-con-su-sello-discografico-tras-una-larga-batalla-legal\/\">fallo judicial de octubre que oblig\u00f3 a las integrantes a respetar sus contratos vigentes hasta 2029<\/a>, mantuvo m\u00faltiples reuniones con las artistas y sus familias para evaluar el regreso del grupo a las actividades bajo la agencia.<\/p>\n<p class=\"paragraph\">Mientras algunas de esas conversaciones avanzaron, ADOR afirm\u00f3 que en el caso de Danielle se lleg\u00f3 a una conclusi\u00f3n distinta, lo que deja al grupo sin una de sus integrantes originales. <\/p>\n<p><img alt=\"ADOR responsabiliza a Danielle, a\" class=\"global-image\" decoding=\"async\" fetchpriority=\"low\" height=\"630\" loading=\"lazy\" src=\"https:\/\/www.europesays.com\/es\/wp-content\/uploads\/2025\/12\/4V4NNC3WDZC2PA3UCQINBXJHJM.jpeg\" width=\"950\"\/>ADOR responsabiliza a Danielle, a un familiar suyo y a Min Hee-jin por las tensiones entre el grupo y la empresa.(Cr\u00e9ditos: ADOR)<\/p>\n<p class=\"paragraph\">Asimismo, ADOR present\u00f3 una demanda civil ante el <b>Tribunal Central del Distrito de Se\u00fal<\/b>, reclamando cerca de <b>43.100 millones de wones<\/b>, equivalentes a unos <b>31 millones de d\u00f3lares<\/b>, en concepto de da\u00f1os y penalidades contractuales.<\/p>\n<p class=\"paragraph\">Una fuente de HYBE confirm\u00f3 a la BBC que esta acci\u00f3n legal est\u00e1 dirigida contra Danielle, un miembro de su familia y <b>Min Hee-jin<\/b>, a quienes la empresa atribuye una \u201cresponsabilidad significativa\u201d en el deterioro de la relaci\u00f3n entre la agencia y NewJeans<\/p>\n<p class=\"paragraph\">La causa fue asignada a la misma divisi\u00f3n judicial que anteriormente manej\u00f3 el enfrentamiento legal entre HYBE y Min, y hasta el momento no se ha fijado la fecha de la primera audiencia.<\/p>\n<p class=\"paragraph\">La disputa que hoy culmina con la expulsi\u00f3n de Danielle se remonta a <b>2024<\/b>, cuando <a rel=\"noopener noreferrer nofollow\" href=\"https:\/\/www.infobae.com\/entretenimiento\/2024\/11\/28\/newjeans-la-exitosa-banda-de-k-pop-abandono-su-sello-en-protesta-por-la-disputa-con-la-fundadora-del-grupo\/\" target=\"_blank\" title=\"https:\/\/www.infobae.com\/entretenimiento\/2024\/11\/28\/newjeans-la-exitosa-banda-de-k-pop-abandono-su-sello-en-protesta-por-la-disputa-con-la-fundadora-del-grupo\/\">Min Hee-jin<\/a>, entonces CEO de ADOR y principal productora creativa de NewJeans, fue apartada de su cargo. <\/p>\n<p class=\"paragraph\">Min hab\u00eda sido una figura central en la identidad del grupo desde su debut en 2022, y las integrantes la consideraban una mentora clave en su desarrollo art\u00edstico.<\/p>\n<p><img alt=\"En medio del conflicto, NewJeans\" class=\"global-image\" decoding=\"async\" fetchpriority=\"low\" height=\"1080\" loading=\"lazy\" src=\"https:\/\/www.europesays.com\/es\/wp-content\/uploads\/2025\/12\/JPREUODIPZG4BM2FUPLQ6AWP7M.png\" width=\"1920\"\/>En medio del conflicto, NewJeans sostuvo que fue v\u00edctima de mala gesti\u00f3n y decisiones que afectaron directamente su carrera art\u00edstica (Captura\/YouTube\/NewJeans)<\/p>\n<p class=\"paragraph\">Tras su salida, las cinco miembros de NewJeans acusaron a su sello discogr\u00e1fico de <b>maltrato y hostilidad<\/b>, \u201ccomunicaciones deliberadamente manipuladas\u201d y de haber quebrado la confianza que sosten\u00eda su relaci\u00f3n laboral. En ese contexto, anunciaron su intenci\u00f3n de abandonar la agencia y continuar sus carreras fuera de la empresa.<\/p>\n<p class=\"paragraph\">ADOR respondi\u00f3 con una demanda para impedir la rescisi\u00f3n de los contratos, y en <b>octubre de 2025<\/b> un tribunal fall\u00f3 a su favor, determinando que las integrantes deb\u00edan <b>honrar sus acuerdos hasta 2029<\/b>. Esa decisi\u00f3n parec\u00eda allanar el camino para el regreso del grupo completo, pero los acontecimientos posteriores demostraron lo contrario.<\/p>\n<p class=\"paragraph\">El futuro de NewJeans ahora depende de la situaci\u00f3n de las miembros restantes. <\/p>\n<p class=\"paragraph\">La declaraci\u00f3n de la empresa afirma que <b>Hanni<\/b> decidi\u00f3 permanecer con ADOR tras \u201cconversaciones prolongadas\u201d que incluyeron a su familia. <b>Haerin y Hyein<\/b> tambi\u00e9n regresaron a la agencia y tendr\u00edan intenci\u00f3n de participar en una eventual reanudaci\u00f3n de actividades.<\/p>\n<p><img alt=\"Cr\u00edticos musicales del kpop hab\u00edan\" class=\"global-image\" decoding=\"async\" fetchpriority=\"low\" height=\"1080\" loading=\"lazy\" src=\"https:\/\/www.europesays.com\/es\/wp-content\/uploads\/2025\/12\/2SI3DN7PN5D4BDKL2LZTF2QDKU.jpg\" width=\"1920\"\/>Cr\u00edticos musicales del kpop hab\u00edan denominado a NewJeans como una propuesta que transform\u00f3 el panorama del k-pop femenino despu\u00e9s de la pandemia (ADOR\/HYBE)<\/p>\n<p class=\"paragraph\">Por otro lado, El caso de <b>Minji<\/b> sigue siendo incierto. ADOR indic\u00f3 que contin\u00faa en <b>conversaciones en curso<\/b> con la artista, sin que hasta el momento se haya anunciado una resoluci\u00f3n definitiva. Esta situaci\u00f3n deja al grupo, de momento, reducido a <b>tres integrantes confirmadas<\/b>, lo que complica cualquier intento de regreso bajo el formato original.<\/p>\n<p class=\"paragraph\">Cr\u00edticos musicales citados por la BBC advirtieron que, en la industria del k-pop, los grupos de tres miembros enfrentan mayores dificultades para sostener su popularidad, especialmente cuando el atractivo del proyecto se construy\u00f3 en torno a la qu\u00edmica y la identidad de un quinteto.<\/p>\n<p class=\"paragraph\">Previo al conflicto, NewJeans hab\u00eda alcanzado importantes logros en solo tres a\u00f1os de actividad. Casi todos sus sencillos musicales, como <b>\u201cAttention\u201d, \u201cSuper Shy\u201d o \u201cDitto\u201d<\/b>, ocuparon los primeros lugares en los rankings coreanos. Asimismo, en 2023 lograron el octavo lugar entre los artistas con m\u00e1s ventas en todo el mundo, seg\u00fan IFPI. <\/p>\n","protected":false},"excerpt":{"rendered":"La salida de Danielle deja en suspenso el regreso de NewJeans como grupo de cinco integrantes, formato con&hellip;\n","protected":false},"author":2,"featured_media":235684,"comment_status":"","ping_status":"","sticky":false,"template":"","format":"standard","meta":{"footnotes":""},"categories":[170],"tags":[146,147,25,24,184,185,23],"class_list":{"0":"post-314408","1":"post","2":"type-post","3":"status-publish","4":"format-standard","5":"has-post-thumbnail","7":"category-musica","8":"tag-entertainment","9":"tag-entretenimiento","10":"tag-es","11":"tag-espana","12":"tag-music","13":"tag-musica","14":"tag-spain"},"share_on_mastodon":{"url":"https:\/\/pubeurope.com\/@es\/115810224485252706","error":""},"_links":{"self":[{"href":"https:\/\/www.europesays.com\/es\/wp-json\/wp\/v2\/posts\/314408","targetHints":{"allow":["GET"]}}],"collection":[{"href":"https:\/\/www.europesays.com\/es\/wp-json\/wp\/v2\/posts"}],"about":[{"href":"https:\/\/www.europesays.com\/es\/wp-json\/wp\/v2\/types\/post"}],"author":[{"embeddable":true,"href":"https:\/\/www.europesays.com\/es\/wp-json\/wp\/v2\/users\/2"}],"replies":[{"embeddable":true,"href":"https:\/\/www.europesays.com\/es\/wp-json\/wp\/v2\/comments?post=314408"}],"version-history":[{"count":0,"href":"https:\/\/www.europesays.com\/es\/wp-json\/wp\/v2\/posts\/314408\/revisions"}],"wp:featuredmedia":[{"embeddable":true,"href":"https:\/\/www.europesays.com\/es\/wp-json\/wp\/v2\/media\/235684"}],"wp:attachment":[{"href":"https:\/\/www.europesays.com\/es\/wp-json\/wp\/v2\/media?parent=314408"}],"wp:term":[{"taxonomy":"category","embeddable":true,"href":"https:\/\/www.europesays.com\/es\/wp-json\/wp\/v2\/categories?post=314408"},{"taxonomy":"post_tag","embeddable":true,"href":"https:\/\/www.europesays.com\/es\/wp-json\/wp\/v2\/tags?post=314408"}],"curies":[{"name":"wp","href":"https:\/\/api.w.org\/{rel}","templated":true}]}}