{"id":314410,"date":"2025-12-30T19:43:08","date_gmt":"2025-12-30T19:43:08","guid":{"rendered":"https:\/\/www.europesays.com\/es\/314410\/"},"modified":"2025-12-30T19:43:08","modified_gmt":"2025-12-30T19:43:08","slug":"cowboys-cortan-a-trevon-diggs-antes-del-cierre-de-temporada","status":"publish","type":"post","link":"https:\/\/www.europesays.com\/es\/314410\/","title":{"rendered":"Cowboys cortan a Trevon Diggs antes del cierre de temporada"},"content":{"rendered":"<p><strong>FRISCO, Texas \u2014<\/strong> Los Dallas Cowboys han tomado una decisi\u00f3n impactante al acercarse al final de su temporada 2025. Trevon Diggs, el ex esquinero All-Pro del equipo, ha sido liberado por la organizaci\u00f3n, en un movimiento que pone fin a un cap\u00edtulo turbulento entre ambas partes.<\/p>\n<p>Diggs estar\u00e1 sujeto al proceso de waivers de la NFL durante las pr\u00f3ximas 24 horas. Si ning\u00fan equipo lo reclama, ser\u00e1 libre de firmar con cualquiera de los otros 31 equipos.<\/p>\n<p>Seleccionado en la segunda ronda por los Cowboys en 2020, el ex esquinero de Alabama comenz\u00f3 con gran impacto a nivel profesional, llegando a establecer r\u00e9cords de la franquicia y convirti\u00e9ndose en l\u00edder de intercepciones de la liga en 2021, lo que le vali\u00f3 dos convocatorias al Pro Bowl y el honor de All-Pro del Primer Equipo en sus primeras dos temporadas.<\/p>\n<p>Despu\u00e9s, las lesiones lo frenaron. A sus 27 a\u00f1os, Diggs intent\u00f3 recuperar su nivel en 2025, luego de haber sufrido una lesi\u00f3n de rodilla que lo dej\u00f3 fuera de la temporada en 2023. Sin embargo, no logr\u00f3 recuperar su mismo rendimiento en 2024 y, m\u00e1s adelante en la temporada, se anunci\u00f3 que ser\u00eda colocado en la lista de reservas por lesi\u00f3n para someterse a otro procedimiento en la rodilla ya operada.<\/p>\n<p>En 2025, Diggs comenz\u00f3 la temporada con grandes expectativas, pero una conmoci\u00f3n cerebral y molestias en la rodilla afectada lo volvieron a colocar en la lista de reservas por lesi\u00f3n, permaneciendo fuera la mayor parte de la segunda mitad de la temporada antes de ser activado contra los Los Angeles Chargers en la Semana 16.<\/p>\n<p>Tambi\u00e9n jugar\u00eda contra los Washington Commanders el D\u00eda de Navidad, pero, al cerrarse el calendario de 2025, tambi\u00e9n se cierra la carrera de Diggs con los Cowboys.<\/p>\n","protected":false},"excerpt":{"rendered":"FRISCO, Texas \u2014 Los Dallas Cowboys han tomado una decisi\u00f3n impactante al acercarse al final de su temporada&hellip;\n","protected":false},"author":2,"featured_media":314411,"comment_status":"","ping_status":"","sticky":false,"template":"","format":"standard","meta":{"footnotes":""},"categories":[93],"tags":[168,25,24,30127,23,5842,167],"class_list":{"0":"post-314410","1":"post","2":"type-post","3":"status-publish","4":"format-standard","5":"has-post-thumbnail","7":"category-deportes","8":"tag-deportes","9":"tag-es","10":"tag-espana","11":"tag-news-somos-cowboys","12":"tag-spain","13":"tag-spanish","14":"tag-sports"},"share_on_mastodon":{"url":"https:\/\/pubeurope.com\/@es\/115810232413016881","error":""},"_links":{"self":[{"href":"https:\/\/www.europesays.com\/es\/wp-json\/wp\/v2\/posts\/314410","targetHints":{"allow":["GET"]}}],"collection":[{"href":"https:\/\/www.europesays.com\/es\/wp-json\/wp\/v2\/posts"}],"about":[{"href":"https:\/\/www.europesays.com\/es\/wp-json\/wp\/v2\/types\/post"}],"author":[{"embeddable":true,"href":"https:\/\/www.europesays.com\/es\/wp-json\/wp\/v2\/users\/2"}],"replies":[{"embeddable":true,"href":"https:\/\/www.europesays.com\/es\/wp-json\/wp\/v2\/comments?post=314410"}],"version-history":[{"count":0,"href":"https:\/\/www.europesays.com\/es\/wp-json\/wp\/v2\/posts\/314410\/revisions"}],"wp:featuredmedia":[{"embeddable":true,"href":"https:\/\/www.europesays.com\/es\/wp-json\/wp\/v2\/media\/314411"}],"wp:attachment":[{"href":"https:\/\/www.europesays.com\/es\/wp-json\/wp\/v2\/media?parent=314410"}],"wp:term":[{"taxonomy":"category","embeddable":true,"href":"https:\/\/www.europesays.com\/es\/wp-json\/wp\/v2\/categories?post=314410"},{"taxonomy":"post_tag","embeddable":true,"href":"https:\/\/www.europesays.com\/es\/wp-json\/wp\/v2\/tags?post=314410"}],"curies":[{"name":"wp","href":"https:\/\/api.w.org\/{rel}","templated":true}]}}