{"id":314414,"date":"2025-12-30T19:45:09","date_gmt":"2025-12-30T19:45:09","guid":{"rendered":"https:\/\/www.europesays.com\/es\/314414\/"},"modified":"2025-12-30T19:45:09","modified_gmt":"2025-12-30T19:45:09","slug":"el-teatro-juan-luis-galiardo-repleto-de-ilusion-de-los-mas-pequenos","status":"publish","type":"post","link":"https:\/\/www.europesays.com\/es\/314414\/","title":{"rendered":"El Teatro Juan Luis Galiardo, repleto de ilusi\u00f3n de los m\u00e1s peque\u00f1os"},"content":{"rendered":"<p>La Delegaci\u00f3n de Fiestas, dirigido por Abel Heredia, trajo a San Roque el espect\u00e1culo \u201cCenicienta, el Musical\u201d en el Teatro Juan Luis Galiardo este martes por la tarde. As\u00ed, la agenda teatral de este a\u00f1o 2025 ha finalizado con la representaci\u00f3n de la cl\u00e1sica historia de Charles Perrault contada como un musical repleto de m\u00fasica, baile que hizo re\u00edr y disfrutar a los vecinos de San Roque, quienes casi completaron el aforo del lugar.<\/p>\n<p>El delegado de Fiestas, Abel Heredia, junto al teniente de alcalde David Ramos y la delegada de Participaci\u00f3n Ciudadan Roc\u00edo Fern\u00e1ndez, visitaron los camerinos del teatro para saludar a los integrantes de la compa\u00f1\u00eda sevillana de teatro \u201cLa Barbarie\u201d y a sus artistas antes del comienzo de la representaci\u00f3n.<\/p>\n<p>A pesar del aplazamiento de la fecha inicial debido a la enfermedad de la int\u00e9rprete principal, el evento fue un verdadero \u00e9xito por parte de los m\u00e1s peque\u00f1os, que a\u00fan contin\u00faan en sus vacaciones de Navidad a la espera de la Fiesta Infantil y del d\u00eda de los Reyes Magos.<\/p>\n","protected":false},"excerpt":{"rendered":"La Delegaci\u00f3n de Fiestas, dirigido por Abel Heredia, trajo a San Roque el espect\u00e1culo \u201cCenicienta, el Musical\u201d en&hellip;\n","protected":false},"author":2,"featured_media":314415,"comment_status":"","ping_status":"","sticky":false,"template":"","format":"standard","meta":{"footnotes":""},"categories":[91],"tags":[1250,2193,2191,146,147,25,24,2190,2186,2189,2185,2187,23,2192,2188],"class_list":{"0":"post-314414","1":"post","2":"type-post","3":"status-publish","4":"format-standard","5":"has-post-thumbnail","7":"category-entretenimiento","8":"tag-ayuntamiento","9":"tag-cadiz","10":"tag-campamento","11":"tag-entertainment","12":"tag-entretenimiento","13":"tag-es","14":"tag-espana","15":"tag-guadiaro","16":"tag-roque","17":"tag-san-enrique","18":"tag-san-roque","19":"tag-soto-grande","20":"tag-spain","21":"tag-taraguilla","22":"tag-torreguadiaro"},"share_on_mastodon":{"url":"https:\/\/pubeurope.com\/@es\/115810240097441437","error":""},"_links":{"self":[{"href":"https:\/\/www.europesays.com\/es\/wp-json\/wp\/v2\/posts\/314414","targetHints":{"allow":["GET"]}}],"collection":[{"href":"https:\/\/www.europesays.com\/es\/wp-json\/wp\/v2\/posts"}],"about":[{"href":"https:\/\/www.europesays.com\/es\/wp-json\/wp\/v2\/types\/post"}],"author":[{"embeddable":true,"href":"https:\/\/www.europesays.com\/es\/wp-json\/wp\/v2\/users\/2"}],"replies":[{"embeddable":true,"href":"https:\/\/www.europesays.com\/es\/wp-json\/wp\/v2\/comments?post=314414"}],"version-history":[{"count":0,"href":"https:\/\/www.europesays.com\/es\/wp-json\/wp\/v2\/posts\/314414\/revisions"}],"wp:featuredmedia":[{"embeddable":true,"href":"https:\/\/www.europesays.com\/es\/wp-json\/wp\/v2\/media\/314415"}],"wp:attachment":[{"href":"https:\/\/www.europesays.com\/es\/wp-json\/wp\/v2\/media?parent=314414"}],"wp:term":[{"taxonomy":"category","embeddable":true,"href":"https:\/\/www.europesays.com\/es\/wp-json\/wp\/v2\/categories?post=314414"},{"taxonomy":"post_tag","embeddable":true,"href":"https:\/\/www.europesays.com\/es\/wp-json\/wp\/v2\/tags?post=314414"}],"curies":[{"name":"wp","href":"https:\/\/api.w.org\/{rel}","templated":true}]}}