{"id":314419,"date":"2025-12-30T19:48:10","date_gmt":"2025-12-30T19:48:10","guid":{"rendered":"https:\/\/www.europesays.com\/es\/314419\/"},"modified":"2025-12-30T19:48:10","modified_gmt":"2025-12-30T19:48:10","slug":"sudan-la-caida-de-el-fasher-empuja-a-miles-de-civiles-hambrientos-a-las-carreteras","status":"publish","type":"post","link":"https:\/\/www.europesays.com\/es\/314419\/","title":{"rendered":"Sud\u00e1n: La ca\u00edda de El Fasher empuja a miles de civiles hambrientos a las carreteras"},"content":{"rendered":"<p>Desde la toma de El Fasher a finales de octubre por los paramilitares de las Fuerzas de Apoyo R\u00e1pido (RSF), casi 20.000 sudaneses han cruzado la frontera con Chad para huir de la escalada de violencia que est\u00e1 asolando la regi\u00f3n de Darfur, en el oeste de Sud\u00e1n.<\/p>\n<p>Un \u00e9xodo diario, compuesto en gran parte por mujeres y ni\u00f1os, acent\u00faa una crisis humanitaria ya extrema y obliga a las autoridades sudanesas a extender hasta el 31 de marzo la apertura del puesto fronterizo de Adr\u00e9, que se ha convertido en un eje vital para la entrega de ayuda.<\/p>\n<p>Seg\u00fan el Alto Comisionado de las Naciones Unidas para los Refugiados (<a href=\"https:\/\/www.unhcr.org\/fr\/\" target=\"_blank\" title=\"(opens in a new window)\" rel=\"nofollow noopener\">ACNUR<\/a>), m\u00e1s de 7500 familias han sido registradas a lo largo de la frontera oriental de Chad. Entre el 22 y el 28 de diciembre, 1900 personas adicionales entraron al pa\u00eds desde Sud\u00e1n, cerca de la media semanal observada durante diciembre.<\/p>\n<p>El ritmo de llegadas no disminuye: unas 250 personas al d\u00eda. \u00abDada la <strong>vol\u00e1til e impredecible situaci\u00f3n de seguridad en Darfur<\/strong>, combinada con el deterioro econ\u00f3mico y el desplazamiento masivo, se espera que los movimientos transfronterizos hacia Chad contin\u00faen en las pr\u00f3ximas semanas\u00bb,\u00a0<a href=\"https:\/\/reliefweb.int\/report\/sudan\/flash-update-38-new-sudanese-refugee-influx-chad-29-december-2025\" target=\"_blank\" title=\"(opens in a new window)\" rel=\"nofollow noopener\">advierte ACNUR<\/a>\u00a0en su \u00faltimo informe.<\/p>\n<p>Los refugiados llegan exhaustos, a menudo traumatizados, necesitando protecci\u00f3n inmediata y ayuda vital. \u00abLos principales factores que impulsan el desplazamiento incluyen la inseguridad generalizada, la violencia sexual, el reclutamiento forzado, la extorsi\u00f3n, la delincuencia desenfrenada, las restricciones al movimiento y las tensiones \u00e9tnicas, todo agravado por el conflicto generalizado\u00bb, dijo el organismo de la ONU.<\/p>\n<p>El puesto fronterizo de Adr\u00e9, un eje humanitario<\/p>\n<p>Ante la magnitud de las necesidades, la Oficina para la Coordinaci\u00f3n de Asuntos Humanitarios (<a href=\"https:\/\/www.unocha.org\/\" target=\"_blank\" title=\"(opens in a new window)\" rel=\"nofollow noopener\">OCHA)<\/a>\u00a0ha acogido con satisfacci\u00f3n la decisi\u00f3n de las autoridades sudanesas de reubicarse de la capital, Jartum, a Puerto Sud\u00e1n, en el Mar Rojo, y la de ampliar la apertura del paso fronterizo de Adr\u00e9 que conecta Sud\u00e1n con Chad.<\/p>\n<p>\u00abCelebramos la decisi\u00f3n de Sud\u00e1n de extender el acceso humanitario a trav\u00e9s del puesto fronterizo de Adr\u00e9 con Chad durante tres meses, hasta el 31 de marzo, que es una ruta de suministro vital para la entrega de ayuda\u00bb, afirm\u00f3 la agencia en la red social X.<\/p>\n<p>Cerrado durante los primeros meses de la guerra civil, este punto de cruce fue reabierto el 15 de agosto de 2024 por un periodo inicial de tres meses. Su extensi\u00f3n sucesiva ha permitido el tr\u00e1nsito de convoyes humanitarios hacia Darfur y Kordof\u00e1n, mientras que grandes \u00e1reas siguen siendo inaccesibles debido a los combates.<\/p>\n<p>El conflicto sudan\u00e9s comenz\u00f3 en abril de 2023 a ra\u00edz de la ruptura entre el general Abdel Fattah al-Burhan, jefe del Ej\u00e9rcito sudan\u00e9s, y Mohamed Hamdan Daglo, jefe de las Fuerzas de Apoyo R\u00e1pido (RSF), un grupo paramilitar que se hab\u00eda convertido en un elemento central para el aparato de seguridad del pa\u00eds. El estallido del conflicto ha roto la transici\u00f3n que comenz\u00f3 tras la ca\u00edda del dictador Omar al-Bashir.<\/p>\n<p>Casi tres a\u00f1os de guerra han sumido a 30 millones de personas en una angustia humanitaria y han obligado a m\u00e1s de diez millones de ellas, aproximadamente la mitad ni\u00f1os, a huir de los horrores de los combates. Las RSF, en particular, han sido acusadas por varios funcionarios de la ONU de atrocidades masivas en Darfur y el vecino Kordof\u00e1n, especialmente <strong>ejecuciones motivadas por la etnia contra comunidades no \u00e1rabes<\/strong> del pa\u00eds.<\/p>\n<p>Primera misi\u00f3n a El Fasher en m\u00e1s de 500 d\u00edas<\/p>\n<p>Fue en este contexto que, tras largas negociaciones, la ONU pudo llevar a cabo una misi\u00f3n de evaluaci\u00f3n de seguridad en El Fasher el 26 de diciembre, la primera desde que las RSF capturaron la capital de Darfur del Norte tras m\u00e1s de 500 d\u00edas de asedio.<\/p>\n<p>Los equipos de la ONU pasaron varias horas sobre el terreno, incluido el hospital saud\u00ed, y hablaron con civiles atrapados en la ciudad. Han experimentado una <strong>grave falta de suministros m\u00e9dicos y servicios b\u00e1sicos<\/strong>. Los convoyes humanitarios que transportan alimentos y bienes esenciales han estado bloqueados durante meses en las afueras de la urbe.<\/p>\n<p>Cientos de miles de civiles han huido de la ciudad y sus alrededores, mientras que los actores humanitarios intentan mantener una ayuda m\u00ednima a quienes han logrado escapar.<\/p>\n<p>Registrar la desnutrici\u00f3n infantil<\/p>\n<p>Adem\u00e1s de esta espiral de violencia y desplazamiento, existe un colapso nutricional de una escala rara vez documentada. Una encuesta nutricional exhaustiva realizada por el <a href=\"https:\/\/www.unicef.org\/es\" rel=\"nofollow noopener\" target=\"_blank\">Fondo de las Naciones Unidas para la Infancia<\/a> (<a href=\"https:\/\/www.unicef.org\/fr\/\" target=\"_blank\" title=\"(opens in a new window)\" rel=\"nofollow noopener\">UNICEF)<\/a>\u00a0en Um Baru, Darfur del Norte, revela que <strong>m\u00e1s de la mitad de los ni\u00f1os menores de cinco a\u00f1os sufren de desnutrici\u00f3n aguda<\/strong>, una condici\u00f3n potencialmente mortal que puede llevar a la muerte en pocas semanas sin tratamiento.<\/p>\n<p>Realizada entre el 19 y el 23 de diciembre con casi 500 ni\u00f1os, la encuesta estableci\u00f3 una tasa global de desnutrici\u00f3n aguda del 53%. Casi una quinta parte de los ni\u00f1os observados sufr\u00eda desnutrici\u00f3n aguda severa, una condici\u00f3n potencialmente mortal que <strong>puede provocar la muerte de un ni\u00f1o en cuesti\u00f3n de semanas si no se trata<\/strong>. El nivel de desnutrici\u00f3n infantil es m\u00e1s de tres veces superior al umbral de emergencia del 15% de la <a href=\"http:\/\/www.who.int\/es\/\" rel=\"nofollow noopener\" target=\"_blank\">Organizaci\u00f3n Mundial de la Salud<\/a> (<a href=\"https:\/\/www.who.int\/fr\" target=\"_blank\" title=\"(opens in a new window)\" rel=\"nofollow noopener\">OMS<\/a>), y est\u00e1 entre los m\u00e1s altos jam\u00e1s observados en una encuesta estandarizada de nutrici\u00f3n.<\/p>\n<p>\u00abCuando la desnutrici\u00f3n aguda grave alcanza tal nivel, el tiempo se convierte en el factor m\u00e1s cr\u00edtico\u00bb, advirti\u00f3 la directora ejecutiva de UNICEF, Catherine Russell, en un comunicado el martes. \u00abLos hijos de Um Baru est\u00e1n luchando por sobrevivir y necesitan ayuda inmediata. Cada d\u00eda sin acceso seguro y sin obst\u00e1culos aumenta el riesgo de que se debiliten a\u00fan m\u00e1s y mueran por causas totalmente evitables\u00bb.<\/p>\n<p>UNICEF destaca que muchas familias en Um Baru son personas desplazadas recientemente que han huido de la intensificaci\u00f3n de los combates en El Fasher. <strong>Muchos ni\u00f1os no han sido vacunados contra el sarampi\u00f3n y otras enfermedades prevenibles<\/strong>, en medio de una inseguridad persistente que dificulta el acceso humanitario y retrasa la entrega de asistencia vital.<\/p>\n","protected":false},"excerpt":{"rendered":"Desde la toma de El Fasher a finales de octubre por los paramilitares de las Fuerzas de Apoyo&hellip;\n","protected":false},"author":2,"featured_media":314420,"comment_status":"","ping_status":"","sticky":false,"template":"","format":"standard","meta":{"footnotes":""},"categories":[42],"tags":[17,18,13,14,11,61,62,63,64,19,20,9,10,15,16,12,21,22,65,66,67],"class_list":{"0":"post-314419","1":"post","2":"type-post","3":"status-publish","4":"format-standard","5":"has-post-thumbnail","7":"category-internacional","8":"tag-breaking-news","9":"tag-breakingnews","10":"tag-featured-news","11":"tag-featurednews","12":"tag-headlines","13":"tag-internacional","14":"tag-international","15":"tag-international-news","16":"tag-internationalnews","17":"tag-latest-news","18":"tag-latestnews","19":"tag-news","20":"tag-noticias","21":"tag-noticias-destacadas","22":"tag-noticiasdestacadas","23":"tag-titulares","24":"tag-ultimas-noticias","25":"tag-ultimasnoticias","26":"tag-world","27":"tag-world-news","28":"tag-worldnews"},"share_on_mastodon":{"url":"https:\/\/pubeurope.com\/@es\/115810251847123144","error":""},"_links":{"self":[{"href":"https:\/\/www.europesays.com\/es\/wp-json\/wp\/v2\/posts\/314419","targetHints":{"allow":["GET"]}}],"collection":[{"href":"https:\/\/www.europesays.com\/es\/wp-json\/wp\/v2\/posts"}],"about":[{"href":"https:\/\/www.europesays.com\/es\/wp-json\/wp\/v2\/types\/post"}],"author":[{"embeddable":true,"href":"https:\/\/www.europesays.com\/es\/wp-json\/wp\/v2\/users\/2"}],"replies":[{"embeddable":true,"href":"https:\/\/www.europesays.com\/es\/wp-json\/wp\/v2\/comments?post=314419"}],"version-history":[{"count":0,"href":"https:\/\/www.europesays.com\/es\/wp-json\/wp\/v2\/posts\/314419\/revisions"}],"wp:featuredmedia":[{"embeddable":true,"href":"https:\/\/www.europesays.com\/es\/wp-json\/wp\/v2\/media\/314420"}],"wp:attachment":[{"href":"https:\/\/www.europesays.com\/es\/wp-json\/wp\/v2\/media?parent=314419"}],"wp:term":[{"taxonomy":"category","embeddable":true,"href":"https:\/\/www.europesays.com\/es\/wp-json\/wp\/v2\/categories?post=314419"},{"taxonomy":"post_tag","embeddable":true,"href":"https:\/\/www.europesays.com\/es\/wp-json\/wp\/v2\/tags?post=314419"}],"curies":[{"name":"wp","href":"https:\/\/api.w.org\/{rel}","templated":true}]}}