{"id":314421,"date":"2025-12-30T19:49:07","date_gmt":"2025-12-30T19:49:07","guid":{"rendered":"https:\/\/www.europesays.com\/es\/314421\/"},"modified":"2025-12-30T19:49:07","modified_gmt":"2025-12-30T19:49:07","slug":"las-preuvas-infantiles-llenan-de-magia-e-ilusion-la-puerta-del-sol","status":"publish","type":"post","link":"https:\/\/www.europesays.com\/es\/314421\/","title":{"rendered":"Las Pre\u00favas Infantiles llenan de magia e ilusi\u00f3n la Puerta del Sol"},"content":{"rendered":"<p>Esta tarde la fiesta de las Pre\u00favas Infantiles ha llenado de \u00a0magia e ilusi\u00f3n la Plaza de la Puerta del Sol\u00a0<\/p>\n<p>Un a\u00f1o m\u00e1s, Utiel da la bienvenida anticipada al nuevo a\u00f1o compartiendo una tarde especial de ambiente navide\u00f1o en \u00a0familia y \u00a0con los m\u00e1s \u00a0peque\u00f1os como protagonistas.<\/p>\n<p>A las 18 horas arrancaba sesi\u00f3n de animaci\u00f3n y m\u00fasica navide\u00f1a y a las 19 horas llegaba el momento esperado de la cuenta atr\u00e1s en la v\u00edspera de Nochevieja \u00a0con las campanadas acompa\u00f1adas de los gusanitos de la suerte.<\/p>\n<p>Una tarde especial de diversi\u00f3n con ambiente navide\u00f1o para disfrutar en familia.<\/p>\n","protected":false},"excerpt":{"rendered":"Esta tarde la fiesta de las Pre\u00favas Infantiles ha llenado de \u00a0magia e ilusi\u00f3n la Plaza de la&hellip;\n","protected":false},"author":2,"featured_media":314422,"comment_status":"","ping_status":"","sticky":false,"template":"","format":"standard","meta":{"footnotes":""},"categories":[8],"tags":[17,18,25,24,13,14,11,19,20,9,10,15,16,23,12,21,22],"class_list":{"0":"post-314421","1":"post","2":"type-post","3":"status-publish","4":"format-standard","5":"has-post-thumbnail","7":"category-espana","8":"tag-breaking-news","9":"tag-breakingnews","10":"tag-es","11":"tag-espana","12":"tag-featured-news","13":"tag-featurednews","14":"tag-headlines","15":"tag-latest-news","16":"tag-latestnews","17":"tag-news","18":"tag-noticias","19":"tag-noticias-destacadas","20":"tag-noticiasdestacadas","21":"tag-spain","22":"tag-titulares","23":"tag-ultimas-noticias","24":"tag-ultimasnoticias"},"share_on_mastodon":{"url":"https:\/\/pubeurope.com\/@es\/115810255726864013","error":""},"_links":{"self":[{"href":"https:\/\/www.europesays.com\/es\/wp-json\/wp\/v2\/posts\/314421","targetHints":{"allow":["GET"]}}],"collection":[{"href":"https:\/\/www.europesays.com\/es\/wp-json\/wp\/v2\/posts"}],"about":[{"href":"https:\/\/www.europesays.com\/es\/wp-json\/wp\/v2\/types\/post"}],"author":[{"embeddable":true,"href":"https:\/\/www.europesays.com\/es\/wp-json\/wp\/v2\/users\/2"}],"replies":[{"embeddable":true,"href":"https:\/\/www.europesays.com\/es\/wp-json\/wp\/v2\/comments?post=314421"}],"version-history":[{"count":0,"href":"https:\/\/www.europesays.com\/es\/wp-json\/wp\/v2\/posts\/314421\/revisions"}],"wp:featuredmedia":[{"embeddable":true,"href":"https:\/\/www.europesays.com\/es\/wp-json\/wp\/v2\/media\/314422"}],"wp:attachment":[{"href":"https:\/\/www.europesays.com\/es\/wp-json\/wp\/v2\/media?parent=314421"}],"wp:term":[{"taxonomy":"category","embeddable":true,"href":"https:\/\/www.europesays.com\/es\/wp-json\/wp\/v2\/categories?post=314421"},{"taxonomy":"post_tag","embeddable":true,"href":"https:\/\/www.europesays.com\/es\/wp-json\/wp\/v2\/tags?post=314421"}],"curies":[{"name":"wp","href":"https:\/\/api.w.org\/{rel}","templated":true}]}}