{"id":314469,"date":"2025-12-30T20:30:09","date_gmt":"2025-12-30T20:30:09","guid":{"rendered":"https:\/\/www.europesays.com\/es\/314469\/"},"modified":"2025-12-30T20:30:09","modified_gmt":"2025-12-30T20:30:09","slug":"por-que-aumenta-el-cancer-de-colon-en-personas-jovenes-e-incluso-saludables","status":"publish","type":"post","link":"https:\/\/www.europesays.com\/es\/314469\/","title":{"rendered":"Por qu\u00e9 aumenta el c\u00e1ncer de colon en personas j\u00f3venes e incluso saludables"},"content":{"rendered":"<p>Durante los \u00faltimos a\u00f1os, los onc\u00f3logos han estado advirtiendo un alza de c\u00e1ncer de colon en personas j\u00f3venes, ya que <strong>adultos menores de 50 a\u00f1os est\u00e1n padeciendo esta enfermedad<\/strong>, incluso algunos llevando una vida atl\u00e9tica.<\/p>\n<p>Aparentemente, esto est\u00e1 ocurriendo en todo el mundo y Chile no es la excepci\u00f3n. De hecho, en 2024 fue el segundo pa\u00eds donde m\u00e1s aumentaron los casos de c\u00e1ncer colorrectal en j\u00f3venes entre los 25 a 49 a\u00f1os, despu\u00e9s de Nueva Zelanda.<\/p>\n<p>Ahora, <strong>algunos estudios recientes han arrojado luces sobre qu\u00e9 es lo que est\u00e1 propagando este c\u00e1ncer<\/strong>, aunque los expertos todav\u00eda no han llegado a un consenso.<\/p>\n<p>Preliminarmente, se atribu\u00edan estos casos a la mala alimentaci\u00f3n, como el consumo de az\u00facares y comida chatarra, pero ahora surgieron nuevas teor\u00edas que se est\u00e1n estudiando. Ac\u00e1 te explicamos algunas.<\/p>\n<p>\u00bfPor qu\u00e9 el c\u00e1ncer de colon afecta a la poblaci\u00f3n joven?<br \/>\n<strong>Consumo excesivo de az\u00facar<\/strong><\/p>\n<p>Un factor clave y de los m\u00e1s estudiados podr\u00eda ser el consumo excesivo de az\u00facar. Kimmie Ng, directora del Centro de C\u00e1ncer Colorrectal de Inicio Temprano de Dana-Farber, lleva a\u00f1os estudiando c\u00f3mo afecta el az\u00facar en el c\u00e1ncer colorrectal, as\u00ed como los alimentos que aumentan la insulina y la glucosa.<\/p>\n<p>Por ejemplo, un estudio (1) del que particip\u00f3 en 2021 identific\u00f3 que, <strong>en adolescentes, son especialmente las bebidas azucararas las que causan da\u00f1o con repercusiones futuras<\/strong>, causando adenoma convencional, que es un tipo p\u00f3lipo precanceroso que crece en el revestimiento del colon (intestino grueso) o recto.<\/p>\n<p>\u201c<strong>La ingesta elevada de az\u00facares simples y bebidas azucaradas durante la adolescencia se asoci\u00f3 con un mayor riesgo de adenoma convencional<\/strong>, especialmente adenoma rectal\u201d, concluy\u00f3 el paper.<\/p>\n<p>Otra prueba de esto la encontr\u00f3 la Dra. Andrea Cercek, del Memorial Sloan Kettering, que particip\u00f3 de otro estudio (2) que descubri\u00f3 que sus pacientes de c\u00e1ncer de colon en estadio 4 hab\u00edan tenido un notable consumo de az\u00facar.<\/p>\n<p>Se concluy\u00f3 que \u201cen pacientes con c\u00e1ncer colorrectal en etapa terminal, <strong>las dietas ricas en az\u00facar podr\u00edan estar asociadas con la enfermedad metast\u00e1sica de novo <\/strong>(un c\u00e1ncer detectado en etapa avanzada)\u201d.<\/p>\n<p><strong>Mutaciones gen\u00e9ticas<\/strong><\/p>\n<p>En abril de este a\u00f1o, se public\u00f3 otra investigaci\u00f3n (3) que apunta a las posibles mutaciones gen\u00e9ticas que se pueden producir durante la lactancia o la primera infancia. <\/p>\n<p>Esta <strong>encontr\u00f3 una firma mutacional en tumores colorrectales de pacientes menores de 40 a\u00f1os<\/strong>. Recordemos que, este tipo de firmas son \u201chuellas biol\u00f3gicas\u201d que reflejan cambios gen\u00e9ticos que se dieron con el tiempo.<\/p>\n<p>Los investigadores teorizaron que esta firma <strong>pudo ser causada por la toxina colibactina<\/strong>, que es producida por una cepa de la bacteria Escherichia coli, infecci\u00f3n que posiblemente se produjo en los pacientes cuando a\u00fan no ten\u00edan 9 meses de vida.<\/p>\n<p>Esta investigaci\u00f3n entonces sugiere que <strong>los beb\u00e9s pueden sufrir mutaciones de ADN que podr\u00edan dejarlos predispuestos a desarrollar c\u00e1ncer de colon en pocas d\u00e9cadas<\/strong>. Sin embargo, este hallazgo debe confirmarse con estudios m\u00e1s amplios.<\/p>\n<p><strong>Otros factores ambientales<\/strong><\/p>\n<p>Otras investigaciones han revisado c\u00f3mo los cambios ambientales podr\u00edan influir en el desarrollo de este c\u00e1ncer. Por ejemplo, <strong>la contaminaci\u00f3n atmosf\u00e9rica, el sedentarismo, la alteraci\u00f3n de los ritmos circadianos<\/strong> por la luz artificial de los tel\u00e9fonos, entre otras cosas.<\/p>\n<p>Doctores como Heinz-Josef Lenz, del Centro Oncol\u00f3gico de la Universidad del Sur de California, han estudiado este tipo de factores. En recientes declaraciones a <a href=\"https:\/\/www.businessinsider.com\/why-so-many-young-people-getting-colon-cancer-answer-infancy-2025-12\" rel=\"noopener nofollow\" target=\"_blank\">Business Insider<\/a>, manifest\u00f3 que si la causa no es gen\u00e9tica, <strong>podr\u00eda ser entonces epigen\u00e9tica<\/strong>.<\/p>\n<p>Esto significa que <strong>\u201clo que haces, lo que comes, lo que bebes, y c\u00f3mo te relacionas con tus padres: c\u00f3mo actuaban y se comportaban\u201d,<\/strong> explic\u00f3. Recordemos que, los cambios epigen\u00e9ticos son aquellos que no alteran el ADN, m\u00e1s bien modifican c\u00f3mo los genes c\u00f3mo se leen y expresan.<\/p>\n<p>Con esto en mente, Lenz ha estado investigando si es que la manipulaci\u00f3n del reloj biol\u00f3gico puede causar alg\u00fan efecto en el tratamiento de esta enfermedad. De hecho, recientemente descubri\u00f3 que algunas prote\u00ednas del reloj circadiano aceleran el c\u00e1ncer.<\/p>\n<p><strong>\u00bfDemasiado ejercicio?<\/strong><\/p>\n<p>La teor\u00eda m\u00e1s reciente engloba a los deportistas. Tim Cannon, onc\u00f3logo y profesor de la Universidad de Virginia, observ\u00f3 que algunos de sus pacientes j\u00f3venes e incluso atl\u00e9ticos desarrollaron c\u00e1ncer de colon agresivo.<\/p>\n<p>Seg\u00fan cont\u00f3 al medio citado, hace unos 5 a\u00f1os diagnostic\u00f3 a 3 j\u00f3venes con c\u00e1ncer de colon avanzado y se dio cuenta de que todos eran atletas que practicaban deportes de resistencia de larga distancia.<\/p>\n<p>\u201cEn un per\u00edodo de seis meses, <strong>vi a tres atletas extremos de unos 30 a\u00f1os con c\u00e1ncer de colon metast\u00e1sico, muy avanzado e incurable<\/strong>\u201c, revel\u00f3. Los 3 murieron.<\/p>\n<p>Esto lo llev\u00f3 a investigar y pens\u00f3 que tal vez no eran casos fortuitos. En su estudio (4)<strong> examin\u00f3 a 100 sujetos de entre 35 a 50 a\u00f1os y descubri\u00f3 que 39 hab\u00edan desarrollado tumores precancerosos<\/strong> en el colon.<\/p>\n<p>Si bien consider\u00f3 sus resultados \u201calarmantes\u201d aclar\u00f3 que todav\u00eda son preliminares y distan de ser concluyentes.<\/p>\n<blockquote>\n<p>Referencias:<\/p>\n<p>1. Hee-Kyung Joh y otros autores. <a href=\"https:\/\/www.gastrojournal.org\/article\/S0016-5085(21)00537-0\/fulltext\" rel=\"noopener nofollow\" target=\"_blank\">Simple Sugar and Sugar-Sweetened Beverage Intake During Adolescence and Risk of Colorectal Cancer Precursors<\/a>. Revista Gastroenterology, 2021.<\/p>\n<p>2. Emma Schatoff y otros autores. <a href=\"https:\/\/ascopubs.org\/doi\/10.1200\/JCO.2025.43.16_suppl.3529\" rel=\"noopener nofollow\" target=\"_blank\">Risk factors associated with de novo metastatic colorectal cancer in early onset colorectal cancer<\/a>. Journal of Clinical Oncology, 2025.<\/p>\n<p>3. Marcos D\u00edaz-Gay y otros autores. <a href=\"https:\/\/www.nature.com\/articles\/s41586-025-09025-8\" rel=\"noopener nofollow\" target=\"_blank\">Geographic and age variations in mutational processes in colorectal cancer<\/a>. Revista Nature, 2025.<\/p>\n<p>4. Timothy Cannon y otros autores. <a href=\"https:\/\/ascopubs.org\/doi\/10.1200\/JCO.2025.43.16_suppl.3619\" rel=\"noopener nofollow\" target=\"_blank\">Risk of pre-cancerous advanced adenomas of the colon in long distance runners<\/a>. Journal of Clinical Oncology, 2025.<\/p>\n<\/blockquote>\n","protected":false},"excerpt":{"rendered":"Durante los \u00faltimos a\u00f1os, los onc\u00f3logos han estado advirtiendo un alza de c\u00e1ncer de colon en personas j\u00f3venes,&hellip;\n","protected":false},"author":2,"featured_media":314470,"comment_status":"","ping_status":"","sticky":false,"template":"","format":"standard","meta":{"footnotes":""},"categories":[92],"tags":[1066,19926,8105,25,24,165,166,10140,23],"class_list":{"0":"post-314469","1":"post","2":"type-post","3":"status-publish","4":"format-standard","5":"has-post-thumbnail","7":"category-salud","8":"tag-cancer","9":"tag-cancer-colorrectal","10":"tag-cancer-de-colon","11":"tag-es","12":"tag-espana","13":"tag-health","14":"tag-salud","15":"tag-seleccion-tendencias","16":"tag-spain"},"share_on_mastodon":{"url":"https:\/\/pubeurope.com\/@es\/115810416947930357","error":""},"_links":{"self":[{"href":"https:\/\/www.europesays.com\/es\/wp-json\/wp\/v2\/posts\/314469","targetHints":{"allow":["GET"]}}],"collection":[{"href":"https:\/\/www.europesays.com\/es\/wp-json\/wp\/v2\/posts"}],"about":[{"href":"https:\/\/www.europesays.com\/es\/wp-json\/wp\/v2\/types\/post"}],"author":[{"embeddable":true,"href":"https:\/\/www.europesays.com\/es\/wp-json\/wp\/v2\/users\/2"}],"replies":[{"embeddable":true,"href":"https:\/\/www.europesays.com\/es\/wp-json\/wp\/v2\/comments?post=314469"}],"version-history":[{"count":0,"href":"https:\/\/www.europesays.com\/es\/wp-json\/wp\/v2\/posts\/314469\/revisions"}],"wp:featuredmedia":[{"embeddable":true,"href":"https:\/\/www.europesays.com\/es\/wp-json\/wp\/v2\/media\/314470"}],"wp:attachment":[{"href":"https:\/\/www.europesays.com\/es\/wp-json\/wp\/v2\/media?parent=314469"}],"wp:term":[{"taxonomy":"category","embeddable":true,"href":"https:\/\/www.europesays.com\/es\/wp-json\/wp\/v2\/categories?post=314469"},{"taxonomy":"post_tag","embeddable":true,"href":"https:\/\/www.europesays.com\/es\/wp-json\/wp\/v2\/tags?post=314469"}],"curies":[{"name":"wp","href":"https:\/\/api.w.org\/{rel}","templated":true}]}}