{"id":314471,"date":"2025-12-30T20:31:08","date_gmt":"2025-12-30T20:31:08","guid":{"rendered":"https:\/\/www.europesays.com\/es\/314471\/"},"modified":"2025-12-30T20:31:08","modified_gmt":"2025-12-30T20:31:08","slug":"las-locuras-del-corazon-de-maria-rodes","status":"publish","type":"post","link":"https:\/\/www.europesays.com\/es\/314471\/","title":{"rendered":"Las locuras del coraz\u00f3n de Mar\u00eda Rod\u00e9s"},"content":{"rendered":"<p>              <strong>TP<\/strong><\/p>\n<p>En este Ojo Cr\u00edtico nos quedamos prendados del nuevo trabajo de <strong>Mar\u00eda Rod\u00e9s<\/strong>, un \u00e1lbum que es un viaje a las obsesiones del amor que ha titulado <strong>\u201c<\/strong><strong>Lo que me pasa<\/strong><strong>\u201d<\/strong>. Con ella hablamos de las locuras del coraz\u00f3n que a veces, pueden derivar en una erotoman\u00eda, el trastorno de creer que alguien est\u00e1 enamorado de ti. <\/p>\n<p>Y como son d\u00edas de despedida,<strong> Susana Santaolalla<\/strong> nos hace un repaso de los <strong>libros m\u00e1s le\u00eddos de 2025<\/strong>, adem\u00e1s nos cuenta cu\u00e1les ser\u00e1n las novedades editoriales del a\u00f1o que entra. <\/p>\n<p>Tambi\u00e9n <strong>analizamos los copos de nieve<\/strong> con <strong>Xaviera Torres<\/strong>. Bueno, lo hizo antes el astr\u00f3nomo <strong>Johannes Kepler<\/strong>, concretamente en el siglo 1611. Fue el primero en reflexionar sobre su la simetr\u00eda hexagonal. Hoy descubrimos su historia. <\/p>\n<p>Y levantamos la copa para un \u00faltimo brindis, al menos este 2025, con<strong> Enrique Mej\u00edas<\/strong>. El music\u00f3logo nos trae los <strong>brindis m\u00e1s tr\u00e1gicos de la historia de la \u00f3pera<\/strong>.<\/p>\n","protected":false},"excerpt":{"rendered":"TP En este Ojo Cr\u00edtico nos quedamos prendados del nuevo trabajo de Mar\u00eda Rod\u00e9s, un \u00e1lbum que es&hellip;\n","protected":false},"author":2,"featured_media":314472,"comment_status":"","ping_status":"","sticky":false,"template":"","format":"standard","meta":{"footnotes":""},"categories":[91],"tags":[8519,146,147,25,24,73714,133,1448,1986,1987,23],"class_list":{"0":"post-314471","1":"post","2":"type-post","3":"status-publish","4":"format-standard","5":"has-post-thumbnail","7":"category-entretenimiento","8":"tag-el-ojo-critico","9":"tag-entertainment","10":"tag-entretenimiento","11":"tag-es","12":"tag-espana","13":"tag-las-locuras-del-corazon-de-maria-rodes","14":"tag-online","15":"tag-radio","16":"tag-rne","17":"tag-rtve-play","18":"tag-spain"},"share_on_mastodon":{"url":"https:\/\/pubeurope.com\/@es\/115810421084064973","error":""},"_links":{"self":[{"href":"https:\/\/www.europesays.com\/es\/wp-json\/wp\/v2\/posts\/314471","targetHints":{"allow":["GET"]}}],"collection":[{"href":"https:\/\/www.europesays.com\/es\/wp-json\/wp\/v2\/posts"}],"about":[{"href":"https:\/\/www.europesays.com\/es\/wp-json\/wp\/v2\/types\/post"}],"author":[{"embeddable":true,"href":"https:\/\/www.europesays.com\/es\/wp-json\/wp\/v2\/users\/2"}],"replies":[{"embeddable":true,"href":"https:\/\/www.europesays.com\/es\/wp-json\/wp\/v2\/comments?post=314471"}],"version-history":[{"count":0,"href":"https:\/\/www.europesays.com\/es\/wp-json\/wp\/v2\/posts\/314471\/revisions"}],"wp:featuredmedia":[{"embeddable":true,"href":"https:\/\/www.europesays.com\/es\/wp-json\/wp\/v2\/media\/314472"}],"wp:attachment":[{"href":"https:\/\/www.europesays.com\/es\/wp-json\/wp\/v2\/media?parent=314471"}],"wp:term":[{"taxonomy":"category","embeddable":true,"href":"https:\/\/www.europesays.com\/es\/wp-json\/wp\/v2\/categories?post=314471"},{"taxonomy":"post_tag","embeddable":true,"href":"https:\/\/www.europesays.com\/es\/wp-json\/wp\/v2\/tags?post=314471"}],"curies":[{"name":"wp","href":"https:\/\/api.w.org\/{rel}","templated":true}]}}