{"id":314480,"date":"2025-12-30T20:36:39","date_gmt":"2025-12-30T20:36:39","guid":{"rendered":"https:\/\/www.europesays.com\/es\/314480\/"},"modified":"2025-12-30T20:36:39","modified_gmt":"2025-12-30T20:36:39","slug":"el-miteco-asigna-818-millones-a-126-proyectos-que-reforzaran-el-almacenamiento-energetico-a-gran-escala-en-todo-el-pais","status":"publish","type":"post","link":"https:\/\/www.europesays.com\/es\/314480\/","title":{"rendered":"El MITECO asigna 818 millones a 126 proyectos que reforzar\u00e1n el almacenamiento energ\u00e9tico a gran escala en todo el pa\u00eds"},"content":{"rendered":"<p>El Ministerio para la Transici\u00f3n Ecol\u00f3gica y el Reto Demogr\u00e1fico (MITECO) ha dado a conocer el resultado definitivo de la convocatoria de ayudas a proyectos de inversi\u00f3n en almacenamiento, con 126 proyectos seleccionados a los que se asignar\u00e1n un total de 818,3 millones de euros del Fondo Europeo de Desarrollo Regional (FEDER 2021-2027). El \u00e9xito de la convocatoria, con 1.750 solicitudes recibidas, ha obligado a incrementar finalmente en casi un 17% la dotaci\u00f3n de 700 millones prevista inicialmente.<\/p>\n<p>Entre los beneficiarios \u2013<a href=\"https:\/\/sede.idae.gob.es\/sites\/default\/files\/2025-12\/resol_definitiva_dgpem_pinalm.pdf\" rel=\"nofollow noopener\" target=\"_blank\">pueden consultarse aqu\u00ed<\/a>\u2013 destacan, sobre todo, los proyectos de almacenamiento hibridado, con 69 expedientes, seguido por las bater\u00edas standalone (39) y, en menor medida, el almacenamiento t\u00e9rmico (15) y los bombeos (3). En total, sumar\u00e1n 2,2 GW de potencia adicional y 9,4 GWh de capacidad de almacenamiento.<\/p>\n<p>Las tecnolog\u00edas renovables que participan en los proyectos de almacenamiento hibridado son, predominantemente, la solar fotovoltaica (38) y e\u00f3lica (18). Hay tambi\u00e9n nueve iniciativas con hibridaci\u00f3n termoel\u00e9ctrica y las cuatro restantes combinan el almacenamiento con generaci\u00f3n fotovoltaica y e\u00f3lica a la vez.<\/p>\n<p>Una vez operativas, las nuevas instalaciones contribuir\u00e1n a proporcionar mayor flexibilidad al sistema el\u00e9ctrico y favorecer\u00e1n la integraci\u00f3n de las energ\u00edas renovables, acelerando la descarbonizaci\u00f3n por la v\u00eda de asegurar el suministro de energ\u00eda m\u00e1s barata y sin emisiones. El plazo m\u00e1ximo para la ejecuci\u00f3n de las actuaciones ser\u00e1 de 36 meses desde la concesi\u00f3n definitiva de la ayuda, debiendo estar concluidos antes del 31 de diciembre de 2029.<\/p>\n<p>Esta l\u00ednea de incentivos (PINALM) se financia con fondos europeos del programa FEDER 2021-2027 gestionados por el Instituto para la Diversificaci\u00f3n y Ahorro de la Energ\u00eda (IDAE), organismo adscrito al MITECO.<\/p>\n<p>POR COMUNIDADES AUT\u00d3NOMAS<\/p>\n<p>El objetivo de los fondos europeos FEDER es fortalecer la cohesi\u00f3n socioecon\u00f3mica dentro de la Uni\u00f3n Europea reduciendo las disparidades entre los niveles de desarrollo de las distintas regiones. La manera de corregir esos desequilibrios es mediante la financiaci\u00f3n de inversiones estructurales en los territorios menos favorecidos, promoviendo un desarrollo sostenible y afrontando los retos medioambientales.<\/p>\n<p>Por esta raz\u00f3n las ayudas para proyectos de almacenamiento energ\u00e9tico part\u00edan de un presupuesto asignado por comunidades aut\u00f3nomas, con mayor dotaci\u00f3n a aquellas consideradas menos desarrolladas o en transici\u00f3n.<\/p>\n<p>La selecci\u00f3n definitiva de los proyectos beneficiarios se ha realizado seg\u00fan el presupuesto asignado a cada CCAA, separando los proyectos elegibles por tipo de almacenamiento y ordenando por puntuaci\u00f3n, en una primera ronda, hasta agotar el presupuesto. All\u00ed donde han quedado excedentes, la cantidad se ha repartido en segunda ronda entre el resto de los proyectos de la comunidad aut\u00f3noma, ordenados por la puntuaci\u00f3n obtenida inicialmente. En tercera ronda los expedientes han competido por el presupuesto excedentario en cada zona de transici\u00f3n.<\/p>\n<p>Como resultado de esta mec\u00e1nica, y una vez examinadas todas las alegaciones, Andaluc\u00eda acoger\u00e1 31 proyectos, la Comunitat Valenciana 15 y Galicia 11, entre las m\u00e1s destacadas. Les siguen Castilla-Le\u00f3n (10) y Catalu\u00f1a y Canarias, ambas con 9. Extremadura y Castilla-La Mancha desarrollar\u00e1n 8 cada una, y 7 Arag\u00f3n y Comunidad de Madrid, respectivamente. El resto se reparte entre Cantabria, Asturias, Murcia, Pa\u00eds Vasco y Baleares.<\/p>\n<p>Para facilitar la puesta en marcha de los proyectos los beneficiarios podr\u00e1n solicitar al IDAE anticipos de hasta el 100% del importe de la ayuda concedida, de acuerdo con las condiciones reflejadas en las bases de la convocatoria.<\/p>\n<p>MAYOR PENETRACI\u00d3N DE ENERG\u00cdAS RENOVABLES<\/p>\n<p>Este impulso al desarrollo del almacenamiento energ\u00e9tico contribuir\u00e1 a asegurar la transformaci\u00f3n del sistema energ\u00e9tico para que sea m\u00e1s flexible, robusto y resiliente. Con el refuerzo de esta tecnolog\u00eda se lograr\u00e1 tambi\u00e9n una mayor penetraci\u00f3n de las fuentes de energ\u00edas renovables en el sistema el\u00e9ctrico espa\u00f1ol, ya que el almacenamiento act\u00faa como un elemento habilitador y de gesti\u00f3n de las mismas.<\/p>\n<p>Asimismo, se espera que el incremento de este tipo de instalaciones y la mejora de la disponibilidad de las fuentes renovables redunden en menores costes de la energ\u00eda.<\/p>\n<p>Las ayudas reducir\u00e1n al mismo tiempo la dependencia de Espa\u00f1a de los combustibles f\u00f3siles, al incrementar la participaci\u00f3n renovable en el mix el\u00e9ctrico, haciendo frente a la crisis clim\u00e1tica, en l\u00ednea con lo establecido tanto por el Plan Nacional Integrado de Energ\u00eda y Clima (PNIEC) como por el Plan REPower EU.<\/p>\n<p>730 MILLONES DEL PRTR PARA ALMACENAMIENTO<\/p>\n<p>Estas ayudas FEDER al almacenamiento energ\u00e9tico se suman a anteriores programas de apoyo espec\u00edficos ejecutados por el MITECO y el IDAE con cargo a los fondos NextGenEU del Plan de Recuperaci\u00f3n, Transformaci\u00f3n y Resiliencia (PRTR). L\u00edneas de subvenciones a instalaciones innovadoras de almacenamiento \u00a0hibridado, standalone, t\u00e9rmico y de bombeos reversibles, as\u00ed como a proyectos de I+D y en islas, entre otras, que han sumado incentivos por valor de 730 millones.<\/p>\n<p>Adem\u00e1s de facilitar la descarbonizaci\u00f3n del sistema el\u00e9ctrico espa\u00f1ol, el apoyo a estos sistemas de almacenamiento fortalecer\u00e1 el desarrollo de un tejido industrial europeo capaz de suministrar equipos, fabricar o ensamblar componentes y mantener proyectos de almacenamiento con las distintas tecnolog\u00edas existentes (bater\u00edas, sistemas de bombeo y almacenamiento t\u00e9rmico). Seguir\u00e1 as\u00ed los pasos del sector e\u00f3lico y fotovoltaico, en los que Espa\u00f1a es ya autosuficiente en capacidad tecnol\u00f3gica y productiva.<\/p>\n","protected":false},"excerpt":{"rendered":"El Ministerio para la Transici\u00f3n Ecol\u00f3gica y el Reto Demogr\u00e1fico (MITECO) ha dado a conocer el resultado definitivo&hellip;\n","protected":false},"author":2,"featured_media":32239,"comment_status":"","ping_status":"","sticky":false,"template":"","format":"standard","meta":{"footnotes":""},"categories":[5],"tags":[17,18,25,24,13,14,11,19,20,9,10,15,16,23,12,21,22],"class_list":{"0":"post-314480","1":"post","2":"type-post","3":"status-publish","4":"format-standard","5":"has-post-thumbnail","7":"category-titulares","8":"tag-breaking-news","9":"tag-breakingnews","10":"tag-es","11":"tag-espana","12":"tag-featured-news","13":"tag-featurednews","14":"tag-headlines","15":"tag-latest-news","16":"tag-latestnews","17":"tag-news","18":"tag-noticias","19":"tag-noticias-destacadas","20":"tag-noticiasdestacadas","21":"tag-spain","22":"tag-titulares","23":"tag-ultimas-noticias","24":"tag-ultimasnoticias"},"share_on_mastodon":{"url":"https:\/\/pubeurope.com\/@es\/115810440471205448","error":""},"_links":{"self":[{"href":"https:\/\/www.europesays.com\/es\/wp-json\/wp\/v2\/posts\/314480","targetHints":{"allow":["GET"]}}],"collection":[{"href":"https:\/\/www.europesays.com\/es\/wp-json\/wp\/v2\/posts"}],"about":[{"href":"https:\/\/www.europesays.com\/es\/wp-json\/wp\/v2\/types\/post"}],"author":[{"embeddable":true,"href":"https:\/\/www.europesays.com\/es\/wp-json\/wp\/v2\/users\/2"}],"replies":[{"embeddable":true,"href":"https:\/\/www.europesays.com\/es\/wp-json\/wp\/v2\/comments?post=314480"}],"version-history":[{"count":0,"href":"https:\/\/www.europesays.com\/es\/wp-json\/wp\/v2\/posts\/314480\/revisions"}],"wp:featuredmedia":[{"embeddable":true,"href":"https:\/\/www.europesays.com\/es\/wp-json\/wp\/v2\/media\/32239"}],"wp:attachment":[{"href":"https:\/\/www.europesays.com\/es\/wp-json\/wp\/v2\/media?parent=314480"}],"wp:term":[{"taxonomy":"category","embeddable":true,"href":"https:\/\/www.europesays.com\/es\/wp-json\/wp\/v2\/categories?post=314480"},{"taxonomy":"post_tag","embeddable":true,"href":"https:\/\/www.europesays.com\/es\/wp-json\/wp\/v2\/tags?post=314480"}],"curies":[{"name":"wp","href":"https:\/\/api.w.org\/{rel}","templated":true}]}}