{"id":314505,"date":"2025-12-30T20:58:50","date_gmt":"2025-12-30T20:58:50","guid":{"rendered":"https:\/\/www.europesays.com\/es\/314505\/"},"modified":"2025-12-30T20:58:50","modified_gmt":"2025-12-30T20:58:50","slug":"jugarama-abrira-la-mayor-feria-gaming-de-la-region-del-2-al-4-de-enero","status":"publish","type":"post","link":"https:\/\/www.europesays.com\/es\/314505\/","title":{"rendered":"Jugarama abrir\u00e1 la mayor \u201cferia gaming\u201d de la regi\u00f3n del 2 al 4 de enero"},"content":{"rendered":"<dl class=\"article-info\">\n<dt class=\"article-info-term\"\/>\n<dd class=\"published\">\n\t\t\t\t\t Publicado: 30 Diciembre 2025\t\t\t\t<\/dd>\n<\/dl>\n<p>\t\t\t<a class=\"modal thumbnail\" href=\"https:\/\/www.europesays.com\/es\/wp-content\/uploads\/2025\/12\/gaming2.jpg\"><img decoding=\"async\" src=\"https:\/\/www.europesays.com\/es\/wp-content\/uploads\/2025\/12\/gaming2.jpg\" alt=\"\"\/><\/a><\/p>\n<p>La mayor propuesta de ocio familiar de Ciudad Real durante la Navidad ampl\u00eda su oferta los pr\u00f3ximos d\u00edas: del 2 al 4 de enero, en horario de ma\u00f1ana y de tarde, Jugarama abrir\u00e1 sus puertas a una nueva edici\u00f3n de una \u201cgame-zone\u201d equipada para el disfrute de todas las edades.<\/p>\n<p>Desde que abriera sus puertas el pasado 20 de diciembre, Jugarama se ha confirmado como la gran propuesta de ocio familiar en Navidad. Cada d\u00eda miles de personas pasan por las instalaciones de IFEDI para disfrutar de las numerosas actividades y espect\u00e1culos que se desarrollan en los cinco pabellones que se han habilitado para posibilitar la diversi\u00f3n de todos los visitantes. Y ahora, del 2 al 4 de enero, completar\u00e1 su oferta con la celebraci\u00f3n de la mayor \u201cFeria Gaming\u201d de Castilla-La Mancha que, este a\u00f1o, abrir\u00e1 en horario de ma\u00f1ana y de tarde.<\/p>\n<p>El concejal de Juventud, Pau Beltr\u00e1n, ha avanzado que la propuesta est\u00e1 concebida para \u201cel disfrute de todas las edades\u201d, para lo que se ha preparado una atractiva y completa dotaci\u00f3n con gafas de realidad virtual, simuladores de F1, juegos retro y todo tipo de plataformas que posibilitar\u00e1n el juego tanto a los m\u00e1s peque\u00f1os como a los mayores.<\/p>\n<p>\u201cJugarama game-zone 2025 se estructura en cuatro \u00e1reas de actividad: la \u201czona esports\u201d como espacio para la competici\u00f3n amateur en torneos de videojuegos; la \u201cfree area play\u201d para quienes quieran jugar sin otro tipo de objetivo que el de divertirse; la \u201csim \u00e1rea\u201d, como espacio para los amantes de la velocidad con diez puestos simuladores de F1; y la \u201cMobile gaming\u201d en\u00a0 la que se podr\u00e1 disfrutar de las diferentes experiencias XVR.<\/p>\n<p>Jugarama se prepara para tres nuevas jornadas (del 2 al 4 de enero) en las que los ciudadreale\u00f1os podr\u00e1n vivir divertidas experiencias a trav\u00e9s del videojuego, la realidad virtual y el ocio digital.<\/p>\n","protected":false},"excerpt":{"rendered":"Publicado: 30 Diciembre 2025 La mayor propuesta de ocio familiar de Ciudad Real durante la Navidad ampl\u00eda su&hellip;\n","protected":false},"author":2,"featured_media":314506,"comment_status":"","ping_status":"","sticky":false,"template":"","format":"standard","meta":{"footnotes":""},"categories":[8],"tags":[4071,1250,17,18,777,1940,5509,25,24,13,14,11,19,20,9,10,15,16,5510,23,12,5067,4664,21,22],"class_list":{"0":"post-314505","1":"post","2":"type-post","3":"status-publish","4":"format-standard","5":"has-post-thumbnail","7":"category-espana","8":"tag-agenda","9":"tag-ayuntamiento","10":"tag-breaking-news","11":"tag-breakingnews","12":"tag-ciudad","13":"tag-ciudad-real","14":"tag-empleo","15":"tag-es","16":"tag-espana","17":"tag-featured-news","18":"tag-featurednews","19":"tag-headlines","20":"tag-latest-news","21":"tag-latestnews","22":"tag-news","23":"tag-noticias","24":"tag-noticias-destacadas","25":"tag-noticiasdestacadas","26":"tag-promocion-economica","27":"tag-spain","28":"tag-titulares","29":"tag-tramites","30":"tag-turismo","31":"tag-ultimas-noticias","32":"tag-ultimasnoticias"},"share_on_mastodon":{"url":"https:\/\/pubeurope.com\/@es\/115810530958602478","error":""},"_links":{"self":[{"href":"https:\/\/www.europesays.com\/es\/wp-json\/wp\/v2\/posts\/314505","targetHints":{"allow":["GET"]}}],"collection":[{"href":"https:\/\/www.europesays.com\/es\/wp-json\/wp\/v2\/posts"}],"about":[{"href":"https:\/\/www.europesays.com\/es\/wp-json\/wp\/v2\/types\/post"}],"author":[{"embeddable":true,"href":"https:\/\/www.europesays.com\/es\/wp-json\/wp\/v2\/users\/2"}],"replies":[{"embeddable":true,"href":"https:\/\/www.europesays.com\/es\/wp-json\/wp\/v2\/comments?post=314505"}],"version-history":[{"count":0,"href":"https:\/\/www.europesays.com\/es\/wp-json\/wp\/v2\/posts\/314505\/revisions"}],"wp:featuredmedia":[{"embeddable":true,"href":"https:\/\/www.europesays.com\/es\/wp-json\/wp\/v2\/media\/314506"}],"wp:attachment":[{"href":"https:\/\/www.europesays.com\/es\/wp-json\/wp\/v2\/media?parent=314505"}],"wp:term":[{"taxonomy":"category","embeddable":true,"href":"https:\/\/www.europesays.com\/es\/wp-json\/wp\/v2\/categories?post=314505"},{"taxonomy":"post_tag","embeddable":true,"href":"https:\/\/www.europesays.com\/es\/wp-json\/wp\/v2\/tags?post=314505"}],"curies":[{"name":"wp","href":"https:\/\/api.w.org\/{rel}","templated":true}]}}