{"id":314557,"date":"2025-12-30T21:42:08","date_gmt":"2025-12-30T21:42:08","guid":{"rendered":"https:\/\/www.europesays.com\/es\/314557\/"},"modified":"2025-12-30T21:42:08","modified_gmt":"2025-12-30T21:42:08","slug":"amper-da-entrada-a-cofides-en-elinsa-con-un-25-por-41-millones-expansion","status":"publish","type":"post","link":"https:\/\/www.europesays.com\/es\/314557\/","title":{"rendered":"Amper da entrada a Cofides en Elinsa con un 25% por 41 millones &#8211; Expansi\u00f3n"},"content":{"rendered":"<ol>\n<li><a href=\"https:\/\/news.google.com\/rss\/articles\/CBMigAFBVV95cUxQSzN4dXliMk53M0VUVHZsb2NXUE94NkFSeU9sSmpIRkFza2NJQjdGQmRKdm5uclBfWllWMFg4S3F1X2hfNk1rUGNYajdTaS1iUDZoN1ZiMlZsR0hUX242OUVRUGxGUXZBXzFkNTJQNUpsdmY5emFQdjk3T0ppSl9ibNIBgAFBVV95cUxNRjhWRno0NjVJQ1VmLWtpbGpOZ1UtOHFjTEZ2d3dzTVpIYlRsd0VXUU1yMTNVRnE4UjYzeTNBZHUtMHg3eThLREI0UHNEb3ZQaXVsMFZqTUZpZVRCd09jZWF1MDUwWlFPZ0p5TUU2UjN4c0gta0lJR3ZVSVlELVR2Zw?oc=5\" target=\"_blank\" rel=\"nofollow noopener\">Amper da entrada a Cofides en Elinsa con un 25% por 41 millones<\/a>&nbsp;&nbsp;Expansi\u00f3n<\/li>\n<li><a href=\"https:\/\/news.google.com\/rss\/articles\/CBMi2AFBVV95cUxNTktnSEQ1UHNhS2tpalB5NkxrRzhFU0JrRmhpV3VCaTZRQWI5UGVzQVpxWkNsVmtyeEdkR0Fodl8zaS0wNFlFR296M3lWSFRmdVZfcV9LUU5ZdldHSWw3M0JOVWdJUHpXOWh2aXNzWFpmdFZjVW9pYnZXTWM2NTc0Y3BZcmp4Mmc0X09semNPbWVRRGJPRVcwZ0hUTHVabjBab09jYWdjWmZELUF5Uk1maDJnbUNFV3N3UWFmN1l0VlVFMG1nNjVPUjVZSU5zaEVndjJ0VHJ6R1rSAfQBQVVfeXFMTWJsR0tWdHV2cmdxc3kyS1NoTXFDT1lQbHlwdWV0OWUteFpKWHlPRW1PRTc0YTNpZnQxZ3BpdEpMZ2VOdlBNc2NtMTdMRVdxRmw4YWNSazljZjhZTUREZ1VlWUEtc2hPUEpKd2wxWUdtMjJicl9yTGNYSXZNai01MkpKS1BHVHoxNDR6OE1EdUpYY0hrT2V1MHVSTVFxR1ZlUlJ3VVYtS0hDY0g4VXc0em9GNmxLT0R4bll0VHZZM1ZPSG1FZzB1cGg5c1d5dlE1NmVDY1RxYlBfRkFxNkFKNjQyTTZCUW1mMm1XY0Z1VWRPdDBKTw?oc=5\" target=\"_blank\" rel=\"nofollow noopener\">El Estado entra el capital de la gallega Elinsa con la compra del 25 % por 41,2 millones<\/a>&nbsp;&nbsp;La Voz de Galicia<\/li>\n<li><a href=\"https:\/\/news.google.com\/rss\/articles\/CBMiiwJBVV95cUxQZTZXX3Bhc1M0LVEwcnhqalp6ZHFuMWcwd3dCMVpmV1VKSE9GcENKSHh4QTFuZ3dXdHRLaEVXcDFoX1ZVVmo5V0hEUHJIOFY2Q3BpSXVQWXEzVXE2bFV6dHQzTWU2ZFJzcS1BVmcyRjl4anAxbVUtdk51c3dwYTNnREVzd2I4WG9sUGpENy1iOFZjOTFqenZwTkJLM1VvaUwxMExMR2VXT0hBaGZpUEpsaWZ5UFp4aTJsR1o0T3ZHakdtUmVOR19KcWRrc1dGS3ZVdVpwU2stZThHY1RnUndVRVRiWVFHVWFxY0ttb2JYeDkxbGRRdjROcDZ4dDZUMXFHOGhpdnhEUTAzVkHSAfYBQVVfeXFMTU5ERnlUM2RhQlZkZVN3Y1JzX19iSTNMY1dodFp4SmYtNUs1VUgwZU5SU3huREcySDY5aXU1ZTV1Qm4wdjRSWEg2VmdEUFF5MWJPLVpvVi1ZNEtwWVZHRGNxZnh4elZqX3pBcUdHUmhHVHE1bWRUTVVidDBoRzZoLTdDanJDMXZQX0VocngyS2JMNWhJelVFRG9BeGx4bm40dWUxZEw2ZEhLZ3ZXaF9ULVZTVnpHbVo1TnoySTFaRTA1dDhzYjh1dVBmZkxQb2NQYkF3T3dRWWR2Y2xOLWo2aDhJZERkajd2OFc5U1JUSFhTVHZqUXRR?oc=5\" target=\"_blank\" rel=\"nofollow noopener\">Amper se al\u00eda con Cofides para duplicar su capacidad en almacenamiento energ\u00e9tico con una nueva planta en A Coru\u00f1a<\/a>&nbsp;&nbsp;El Economista<\/li>\n<li><a href=\"https:\/\/news.google.com\/rss\/articles\/CBMi0wFBVV95cUxORlhvekxCMHlvVE1qZXhjOEdtODVZczVVV29qNUJFQWluQThXdGM1Tkt3c3pWcjdxNXBoenpybTdGdkgxWmx1N3VTWlpWR1pBeHRsSnJHQkZJczd5WndqbmxZWkJsMjExOWJvQTBVUllhOU9ZcnU3eTVycVFOMW02cjAwUndjTVN5Skd0RlZWcGpsZUxLdkhfUnNhalh3ckQweXRoc19CNm9VMmVaY3RtS0VVZTZ2OVJZSGoyM25tR2x4cGt6Y1gxLXdHV2dpYWdYSTZV?oc=5\" target=\"_blank\" rel=\"nofollow noopener\">Cofides toma un 25% de Elinsa (Amper) por 41,2 millones para consolidar capacidades duales Por EFE<\/a>&nbsp;&nbsp;Investing.com Espa\u00f1ol<\/li>\n<li><a href=\"https:\/\/news.google.com\/rss\/articles\/CBMi2wFBVV95cUxOUTgyY0NLcnMtTUhTcTZ4cW9BRlM1NTB4aFhkWU5NOFRmSnFtRExWWkpiekJrS1VnaFFRbXR6a29tZU1LMkFjS1lSbzJoSnpiSFpOQWwzbzhRTWNiR3NIN3BGMUdQRXM4VzcyRDJDNTYtbUFTTTdMMzdPY0k3TjhzbEY3WmJHRE9BNllyNUVxM2FSaHQxR0NTdjMtUWJ4NTZXYWNrci1BcTFLLTJwRW8zNWMxaFNkOGg2TFpJWkprVkM1NlBmNVpGU0lIYkFIMVo3MlBSNWlYd2Z2VUE?oc=5\" target=\"_blank\" rel=\"nofollow noopener\">Amper vende un 25% de su filial Elinsa a Cofides por 41 millones y reforzar\u00e1 su operativa en Galicia y Brasil<\/a>&nbsp;&nbsp;Forbes Espa\u00f1a<\/li>\n<\/ol>\n","protected":false},"excerpt":{"rendered":"Amper da entrada a Cofides en Elinsa con un 25% por 41 millones&nbsp;&nbsp;Expansi\u00f3n El Estado entra el capital&hellip;\n","protected":false},"author":2,"featured_media":314558,"comment_status":"","ping_status":"","sticky":false,"template":"","format":"standard","meta":{"footnotes":""},"categories":[80],"tags":[82,2523,95,94,2308,25,24,23],"class_list":{"0":"post-314557","1":"post","2":"type-post","3":"status-publish","4":"format-standard","5":"has-post-thumbnail","7":"category-economia","8":"tag-business","9":"tag-defensa-y-aeroespacial","10":"tag-economia","11":"tag-economy","12":"tag-empresas","13":"tag-es","14":"tag-espana","15":"tag-spain"},"share_on_mastodon":{"url":"https:\/\/pubeurope.com\/@es\/115810700114920711","error":""},"_links":{"self":[{"href":"https:\/\/www.europesays.com\/es\/wp-json\/wp\/v2\/posts\/314557","targetHints":{"allow":["GET"]}}],"collection":[{"href":"https:\/\/www.europesays.com\/es\/wp-json\/wp\/v2\/posts"}],"about":[{"href":"https:\/\/www.europesays.com\/es\/wp-json\/wp\/v2\/types\/post"}],"author":[{"embeddable":true,"href":"https:\/\/www.europesays.com\/es\/wp-json\/wp\/v2\/users\/2"}],"replies":[{"embeddable":true,"href":"https:\/\/www.europesays.com\/es\/wp-json\/wp\/v2\/comments?post=314557"}],"version-history":[{"count":0,"href":"https:\/\/www.europesays.com\/es\/wp-json\/wp\/v2\/posts\/314557\/revisions"}],"wp:featuredmedia":[{"embeddable":true,"href":"https:\/\/www.europesays.com\/es\/wp-json\/wp\/v2\/media\/314558"}],"wp:attachment":[{"href":"https:\/\/www.europesays.com\/es\/wp-json\/wp\/v2\/media?parent=314557"}],"wp:term":[{"taxonomy":"category","embeddable":true,"href":"https:\/\/www.europesays.com\/es\/wp-json\/wp\/v2\/categories?post=314557"},{"taxonomy":"post_tag","embeddable":true,"href":"https:\/\/www.europesays.com\/es\/wp-json\/wp\/v2\/tags?post=314557"}],"curies":[{"name":"wp","href":"https:\/\/api.w.org\/{rel}","templated":true}]}}