{"id":314603,"date":"2025-12-30T22:22:12","date_gmt":"2025-12-30T22:22:12","guid":{"rendered":"https:\/\/www.europesays.com\/es\/314603\/"},"modified":"2025-12-30T22:22:12","modified_gmt":"2025-12-30T22:22:12","slug":"asi-es-el-palacio-de-lenny-kravitz-en-paris-que-rinde-homenaje-a-su-madre","status":"publish","type":"post","link":"https:\/\/www.europesays.com\/es\/314603\/","title":{"rendered":"As\u00ed es el palacio de Lenny Kravitz en Par\u00eds que rinde homenaje a su madre"},"content":{"rendered":"<p><a href=\"https:\/\/www.ellitoral.com\/nosotros\/lennykravitz-fisico-impactante-entrenamiento-alimentacion-saludable_0_zJdkvTHLEI.html\" target=\"_self\" title=\"Lenny Kravitz\" alt=\"Lenny Kravitz\" rel=\"nofollow noopener\">Lenny Kravitz<\/a> es due\u00f1o de un imponente palacio en Par\u00eds que simboliza la realizaci\u00f3n de un sue\u00f1o profundamente ligado a su historia personal y familiar. La residencia, ubicada en una de las zonas m\u00e1s exclusivas de la ciudad, combina dise\u00f1o, memoria y arte en una propuesta arquitect\u00f3nica tan sofisticada como \u00edntima.<\/p>\n<p><a class=\"styles_nr-container__I5hdQ styles_paragraph-detail__IZKtN\" href=\"https:\/\/www.ellitoral.com\/nosotros\/lennykravitz-fisico-impactante-entrenamiento-alimentacion-saludable_0_zJdkvTHLEI.html\" rel=\"nofollow noopener\" target=\"_blank\"><img decoding=\"async\" src=\"https:\/\/www.europesays.com\/es\/wp-content\/uploads\/2025\/12\/hv0pkohij_248x166__1.jpg\" class=\"styles_image__YCaaA\" loading=\"lazy\"\/>Mir\u00e1 tambi\u00e9nC\u00f3mo Lenny Kravitz mantiene un f\u00edsico impactante a los 61: entrenamiento y alimentaci\u00f3n saludable<\/a><\/p>\n<p>El m\u00fasico estadounidense logr\u00f3 concretar un anhelo que hab\u00eda marcado a su madre durante a\u00f1os: tener un espacio propio en la capital francesa. As\u00ed naci\u00f3 esta mansi\u00f3n \u00fanica en el Distrito 16, concebida como un refugio privado donde la est\u00e9tica vanguardista convive con un fuerte valor emocional.<\/p>\n<p><strong>En el coraz\u00f3n del<\/strong> <strong>Distrito 16<\/strong><\/p>\n<p>La propiedad se encuentra en una calle tranquila y fue bautizada de manera informal como el Hotel de Roxie, en honor a su madre. Kravitz se involucr\u00f3 de forma directa en cada etapa del dise\u00f1o, desde la distribuci\u00f3n de los ambientes hasta la selecci\u00f3n de piezas art\u00edsticas y mobiliario.<\/p>\n<p><img decoding=\"async\" src=\"https:\/\/www.europesays.com\/es\/wp-content\/uploads\/2025\/12\/ORjwLYyAX_870x580__1.jpg\" alt=\"El proyecto llev\u00f3 casi una d\u00e9cada de trabajo y planificaci\u00f3n.\" width=\"870\" height=\"580\" class=\"styles_cover-image__pRCD1\" loading=\"lazy\"\/>El proyecto llev\u00f3 casi una d\u00e9cada de trabajo y planificaci\u00f3n.<\/p>\n<p>Con una superficie total de 1.500 metros cuadrados, el inmueble demand\u00f3 casi una d\u00e9cada de trabajo t\u00e9cnico y conceptual. Cada espacio fue pensado para tener identidad propia, logrando un equilibrio entre el minimalismo contempor\u00e1neo y el coleccionismo de objetos de alto valor simb\u00f3lico y art\u00edstico.<\/p>\n<p>El comedor es uno de los ambientes m\u00e1s representativos: all\u00ed se destaca una imagen hist\u00f3rica del abuelo del m\u00fasico tomada en Par\u00eds, que refuerza el v\u00ednculo generacional con la ciudad y funciona como eje emocional del dise\u00f1o.<\/p>\n<p><strong>Arte,<\/strong> <strong>memoria y<\/strong> <strong>dise\u00f1o <\/strong><\/p>\n<p>En la planta principal, el sal\u00f3n central impacta por la convivencia arm\u00f3nica entre obras originales de artistas reconocidos y una imponente ara\u00f1a de cristal creada por el propio estudio de Kravitz. La arquitectura del lugar permite que cada pieza dialogue con el espacio sin imponerse, generando una atm\u00f3sfera elegante y serena.<\/p>\n<p><img decoding=\"async\" src=\"https:\/\/www.europesays.com\/es\/wp-content\/uploads\/2025\/12\/7eKmrvSAY_870x580__1.jpg\" alt=\"La colecci\u00f3n incluye objetos vinculados a la m\u00fasica y la cultura africana.\" width=\"870\" height=\"580\" class=\"styles_cover-image__pRCD1\" loading=\"lazy\"\/>La colecci\u00f3n incluye objetos vinculados a la m\u00fasica y la cultura africana.<\/p>\n<p>Uno de los sectores m\u00e1s emotivos de la casa es un sal\u00f3n especialmente dedicado a su madre, decorado con fotograf\u00edas in\u00e9ditas tratadas por artesanos especializados. Este espacio rinde homenaje a su legado y refuerza la idea de la casa como un santuario de recuerdos.<\/p>\n<p>La habitaci\u00f3n principal mantiene la misma l\u00ednea est\u00e9tica: amplitud, materiales nobles y una paleta cuidada que invita al descanso. El ba\u00f1o en suite acompa\u00f1a esa l\u00f3gica con detalles de alto nivel y una impronta de spa privado.<\/p>\n<p><strong>Refugio creativo y<\/strong> <strong>oasis urbano<\/strong><\/p>\n<p>El s\u00f3tano de la mansi\u00f3n alberga un club privado de dos niveles con una marcada est\u00e9tica industrial. All\u00ed se instal\u00f3 un sistema de sonido profesional de alta fidelidad, pensado para audiciones, encuentros culturales y reuniones con figuras del \u00e1mbito art\u00edstico internacional.<\/p>\n<p><img decoding=\"async\" src=\"https:\/\/www.europesays.com\/es\/wp-content\/uploads\/2025\/12\/zVlCPdMJX_870x580__1.jpg\" alt=\"El dise\u00f1o combina minimalismo con piezas de alto valor hist\u00f3rico.\" width=\"870\" height=\"580\" class=\"styles_cover-image__pRCD1\" loading=\"lazy\"\/>El dise\u00f1o combina minimalismo con piezas de alto valor hist\u00f3rico.<\/p>\n<p>La residencia tambi\u00e9n funciona como un centro creativo. Cuenta con un estudio de grabaci\u00f3n con aislamiento ac\u00fastico de \u00faltima generaci\u00f3n, donde Kravitz compone y produce su m\u00fasica, aprovechando la ac\u00fastica natural que brindan los materiales originales del edificio hist\u00f3rico.<\/p>\n<p>En el exterior, un jard\u00edn privado se presenta como un verdadero oasis urbano. Esculturas de gran porte y vegetaci\u00f3n cuidadosamente seleccionada convierten ese espacio en un lugar de desconexi\u00f3n, ideal para equilibrar la intensidad de la vida art\u00edstica y las giras internacionales.<\/p>\n<p><strong>Una visi\u00f3n integral<\/strong> <strong>que trasciende lo inmobiliario<\/strong><\/p>\n<p>Adem\u00e1s de los espacios principales, la casa dispone de una cocina profesional de chef y suites para invitados que respetan el estilo ecl\u00e9ctico general. Cuero, seda y maderas se combinan para crear experiencias sensoriales pensadas al detalle.<\/p>\n<p>El palacio parisino representa mucho m\u00e1s que una propiedad de lujo. Es la s\u00edntesis de una visi\u00f3n art\u00edstica y empresarial, y tambi\u00e9n un homenaje permanente a sus ra\u00edces familiares. Kravitz logr\u00f3 transformar una mansi\u00f3n hist\u00f3rica en una obra viva, donde el pasado, el presente y la creatividad conviven en perfecta armon\u00eda.<\/p>\n","protected":false},"excerpt":{"rendered":"Lenny Kravitz es due\u00f1o de un imponente palacio en Par\u00eds que simboliza la realizaci\u00f3n de un sue\u00f1o profundamente&hellip;\n","protected":false},"author":2,"featured_media":314604,"comment_status":"","ping_status":"","sticky":false,"template":"","format":"standard","meta":{"footnotes":""},"categories":[170],"tags":[146,147,25,24,70016,317,184,185,526,23],"class_list":{"0":"post-314603","1":"post","2":"type-post","3":"status-publish","4":"format-standard","5":"has-post-thumbnail","7":"category-musica","8":"tag-entertainment","9":"tag-entretenimiento","10":"tag-es","11":"tag-espana","12":"tag-especial-nosotros","13":"tag-francia","14":"tag-music","15":"tag-musica","16":"tag-show","17":"tag-spain"},"share_on_mastodon":{"url":"https:\/\/pubeurope.com\/@es\/115810857462452391","error":""},"_links":{"self":[{"href":"https:\/\/www.europesays.com\/es\/wp-json\/wp\/v2\/posts\/314603","targetHints":{"allow":["GET"]}}],"collection":[{"href":"https:\/\/www.europesays.com\/es\/wp-json\/wp\/v2\/posts"}],"about":[{"href":"https:\/\/www.europesays.com\/es\/wp-json\/wp\/v2\/types\/post"}],"author":[{"embeddable":true,"href":"https:\/\/www.europesays.com\/es\/wp-json\/wp\/v2\/users\/2"}],"replies":[{"embeddable":true,"href":"https:\/\/www.europesays.com\/es\/wp-json\/wp\/v2\/comments?post=314603"}],"version-history":[{"count":0,"href":"https:\/\/www.europesays.com\/es\/wp-json\/wp\/v2\/posts\/314603\/revisions"}],"wp:featuredmedia":[{"embeddable":true,"href":"https:\/\/www.europesays.com\/es\/wp-json\/wp\/v2\/media\/314604"}],"wp:attachment":[{"href":"https:\/\/www.europesays.com\/es\/wp-json\/wp\/v2\/media?parent=314603"}],"wp:term":[{"taxonomy":"category","embeddable":true,"href":"https:\/\/www.europesays.com\/es\/wp-json\/wp\/v2\/categories?post=314603"},{"taxonomy":"post_tag","embeddable":true,"href":"https:\/\/www.europesays.com\/es\/wp-json\/wp\/v2\/tags?post=314603"}],"curies":[{"name":"wp","href":"https:\/\/api.w.org\/{rel}","templated":true}]}}