{"id":314608,"date":"2025-12-30T22:25:10","date_gmt":"2025-12-30T22:25:10","guid":{"rendered":"https:\/\/www.europesays.com\/es\/314608\/"},"modified":"2025-12-30T22:25:10","modified_gmt":"2025-12-30T22:25:10","slug":"cuales-son-los-riesgos-cardiacos-del-exceso-de-entrenamiento-y-claves-para-proteger-el-corazon","status":"publish","type":"post","link":"https:\/\/www.europesays.com\/es\/314608\/","title":{"rendered":"Cu\u00e1les son los riesgos card\u00edacos del exceso de entrenamiento y claves para proteger el coraz\u00f3n"},"content":{"rendered":"<p><img alt=\"El ejercicio extremo cuadruplica el\" class=\"global-image\" decoding=\"async\" fetchpriority=\"high\" height=\"816\" loading=\"eager\" src=\"https:\/\/www.europesays.com\/es\/wp-content\/uploads\/2025\/12\/Z3PAHHMPCRB4BJ2QZIJINGY3PE.jpg\" width=\"1456\"\/>El ejercicio extremo cuadruplica el riesgo de fibrilaci\u00f3n auricular en atletas de resistencia, seg\u00fan estudios recientes<br \/>\n(Imagen Ilustrativa Infobae)<\/p>\n<p class=\"paragraph\">El <b>ejercicio regular<\/b> se considera fundamental para una buena <a href=\"https:\/\/www.infobae.com\/tag\/salud-cardiovascular\/\" target=\"_blank\" rel=\"noreferrer nofollow noopener\" title=\"https:\/\/www.infobae.com\/tag\/salud-cardiovascular\/\"><b>salud cardiovascular<\/b><\/a>, pero estudios actuales advierten que los <a href=\"https:\/\/www.infobae.com\/tag\/atletas\/\" target=\"_blank\" rel=\"noreferrer nofollow noopener\" title=\"https:\/\/www.infobae.com\/tag\/atletas\/\"><b>atletas<\/b><\/a><b> de resistencia<\/b>, como <b>maratonistas<\/b>, <b>ciclistas<\/b> y <b>esquiadores de fondo<\/b>, enfrentan un riesgo hasta <b>cuatro veces mayor de fibrilaci\u00f3n auricular<\/b> en comparaci\u00f3n con la poblaci\u00f3n general. <\/p>\n<p class=\"paragraph\">Esta <b>arritmia<\/b> implica un <b>ritmo card\u00edaco irregular<\/b> o acelerado que puede provocar <b>insuficiencia card\u00edaca<\/b> y <b>accidente cerebrovascular<\/b>, seg\u00fan datos citados por Ben Buckley, profesor titular en Liverpool John Moores University y University of Liverpool, en un art\u00edculo publicado en The Conversation.<\/p>\n<p class=\"paragraph\">La <b>actividad f\u00edsica moderada<\/b> y regular demuestra un efecto protector en el <b>coraz\u00f3n<\/b> y disminuye la probabilidad de desarrollar <b>fibrilaci\u00f3n auricular<\/b> para la mayor\u00eda de las personas. <\/p>\n<p><img alt=\"La actividad f\u00edsica moderada reduce\" class=\"global-image\" decoding=\"async\" fetchpriority=\"low\" height=\"768\" loading=\"lazy\" src=\"https:\/\/www.europesays.com\/es\/wp-content\/uploads\/2025\/12\/VJXR2HSZAFHM7CDJPD2VCUSETI.png\" width=\"1408\"\/>La actividad f\u00edsica moderada reduce entre un 10% y un 15% el riesgo de fibrilaci\u00f3n auricular en la poblaci\u00f3n general<br \/>\n(Imagen Ilustrativa Infobae)<\/p>\n<p class=\"paragraph\">Un <a href=\"https:\/\/academic.oup.com\/eurheartj\/article\/41\/15\/1479\/5709157\" target=\"_blank\" rel=\"noreferrer nofollow noopener\" title=\"https:\/\/academic.oup.com\/eurheartj\/article\/41\/15\/1479\/5709157\">an\u00e1lisis <\/a>de m\u00e1s de <b>400.000 participantes<\/b> mostr\u00f3 que quienes acumulaban entre <b>150 y 300 minutos semanales<\/b> de <b>ejercicio moderado o vigoroso<\/b> presentaban un riesgo entre <b>10% y 15% menor<\/b> de sufrir esta arritmia respecto a aquellos que permanec\u00edan inactivos. <\/p>\n<p class=\"paragraph\">Adem\u00e1s, existen beneficios claros para quienes ya han sido diagnosticados con <b>fibrilaci\u00f3n auricular<\/b>: un <a href=\"https:\/\/bjsm.bmj.com\/content\/59\/17\/1242\" target=\"_blank\" rel=\"noreferrer nofollow noopener\" title=\"https:\/\/bjsm.bmj.com\/content\/59\/17\/1242\">metaan\u00e1lisis <\/a>citado por el experto a The Conversation indica que la <b>actividad f\u00edsica<\/b> reduce en un <b>30% la recurrencia de arritmias<\/b>, mejora s\u00edntomas y eleva la <b>calidad de vida<\/b>.<\/p>\n<p class=\"paragraph\">El reconocimiento de la importancia del <b>ejercicio<\/b> en el tratamiento y prevenci\u00f3n de <b>trastornos card\u00edacos<\/b> ha transformado las recomendaciones m\u00e9dicas. De hecho, el <b>ejercicio<\/b> es hoy un pilar para mantener una <b>funci\u00f3n card\u00edaca saludable<\/b> y un factor clave en distintas estrategias de rehabilitaci\u00f3n.<\/p>\n<p><img alt=\"Un meta-an\u00e1lisis revela que el\" class=\"global-image\" decoding=\"async\" fetchpriority=\"low\" height=\"1632\" loading=\"lazy\" src=\"https:\/\/www.europesays.com\/es\/wp-content\/uploads\/2025\/12\/TPTBBRBI2VCHJHYFQNY6Q2Z4QI.jpg\" width=\"2912\"\/>Un meta-an\u00e1lisis revela que el ejercicio regular disminuye en un 30% la recurrencia de arritmias en pacientes diagnosticados<br \/>\n(Imagen Ilustrativa Infobae)<\/p>\n<p class=\"paragraph\">Pese a estos beneficios, el panorama var\u00eda en quienes practican <b>deportes de resistencia de alta intensidad<\/b> y alto volumen durante a\u00f1os. Un metaan\u00e1lisis citado en The Conversation determin\u00f3 que estos <b>atletas<\/b> presentan un riesgo casi <b>cuatro veces mayor de fibrilaci\u00f3n auricular<\/b> frente a personas no deportistas, aunque no tengan otros problemas card\u00edacos previos. <\/p>\n<p class=\"paragraph\">Esta tendencia es m\u00e1s notoria en <b>atletas j\u00f3venes<\/b> y requiere mayor investigaci\u00f3n. Por ejemplo, un estudio sueco con aproximadamente <b>52.000 esquiadores de fondo<\/b> detect\u00f3 que quienes participaban repetidamente en m\u00e1s carreras ve\u00edan incrementado su riesgo en un <b>30%<\/b>, mientras que quienes lograban <b>tiempos de llegada m\u00e1s r\u00e1pidos<\/b> ten\u00edan un riesgo un <b>20% mayor<\/b> de desarrollar dicha <b>arritmia<\/b>.<\/p>\n<p class=\"paragraph\">Las investigaciones sugieren que el riesgo no solo depende del <b>volumen de ejercicio<\/b>, sino de la <b>acumulaci\u00f3n de carga<\/b> y la <b>intensidad sostenida a lo largo del tiempo<\/b>. El car\u00e1cter repetido de la exigencia f\u00edsica puede inducir <b>agrandamiento de las aur\u00edculas<\/b> y generar un aumento en la <b>tensi\u00f3n de las paredes del coraz\u00f3n<\/b>, creando un terreno propicio para la formaci\u00f3n de cicatrices internas.<\/p>\n<p><img alt=\"La relaci\u00f3n entre cantidad e\" class=\"global-image\" decoding=\"async\" fetchpriority=\"low\" height=\"2255\" loading=\"lazy\" src=\"https:\/\/www.europesays.com\/es\/wp-content\/uploads\/2025\/12\/OGH75KFY2VB2FK35U4UPOV6BDY.jpg\" width=\"3389\"\/>La relaci\u00f3n entre cantidad e intensidad de ejercicio y riesgo card\u00edaco sigue una curva en &#8216;J&#8217;, advierten especialistas<br \/>\n(Freepik)<\/p>\n<p class=\"paragraph\">Especialistas coinciden en que la relaci\u00f3n entre la <b>cantidad de ejercicio<\/b> y el <b>riesgo de fibrilaci\u00f3n auricular<\/b> sigue una <b>curva en forma de \u201cJ\u201d<\/b>. Al incrementar la <b>actividad f\u00edsica<\/b> hasta los niveles recomendados, el riesgo disminuye. <\/p>\n<p class=\"paragraph\">Sin embargo, <b>superar ampliamente los valores sugeridos<\/b> \u2014por ejemplo, hacer <b>diez veces m\u00e1s ejercicio<\/b>\u2014 revierte los efectos protectores y eleva la incidencia de <b>arritmias<\/b>. As\u00ed, es crucial prestar atenci\u00f3n tanto al <b>volumen<\/b> como a la <b>intensidad del entrenamiento<\/b>.<\/p>\n<p class=\"paragraph\">Estudios han documentado que incluso despu\u00e9s de un solo evento extremo, como una <b>marat\u00f3n de monta\u00f1a<\/b>, se observan <b>picos de inflamaci\u00f3n card\u00edaca<\/b> y <b>alteraciones el\u00e9ctricas transitorias<\/b> en las <b>aur\u00edculas<\/b>. Estas respuestas, sumadas con el tiempo, pueden conducir al <b>remodelado patol\u00f3gico del coraz\u00f3n<\/b>.<\/p>\n<p><img alt=\"Eventos extremos como maratones pueden\" class=\"global-image\" decoding=\"async\" fetchpriority=\"low\" height=\"816\" loading=\"lazy\" src=\"https:\/\/www.europesays.com\/es\/wp-content\/uploads\/2025\/12\/OTQCWG32J5H5REAYDJYWL4CKTQ.png\" width=\"1456\"\/>Eventos extremos como maratones pueden causar inflamaci\u00f3n card\u00edaca y alteraciones el\u00e9ctricas transitorias en las aur\u00edculas<br \/>\n( Imagen Ilustrativa Infobae)<\/p>\n<p class=\"paragraph\">El <b>riesgo de fibrilaci\u00f3n auricular<\/b> no se distribuye de la misma manera entre <b>hombres<\/b> y <b>mujeres<\/b>. Un estudio sobre m\u00e1s de <b>400.000 personas<\/b> encontr\u00f3 que los hombres que hac\u00edan m\u00e1s de <b>diez veces la cantidad recomendada<\/b> de ejercicio \u2014equivalente a unas <b>siete horas de actividad vigorosa por semana<\/b>\u2014 ten\u00edan un <b>12% m\u00e1s de riesgo<\/b>, mientras que en el caso de las mujeres no se observ\u00f3 un aumento relevante. <\/p>\n<p class=\"paragraph\">Seg\u00fan Buckley, esto podr\u00eda deberse a que las mujeres suelen presentar <b>menos alteraciones estructurales y el\u00e9ctricas<\/b> en el coraz\u00f3n como respuesta al ejercicio y a una <b>mayor acci\u00f3n cardioprotectora del estr\u00f3geno<\/b>.<\/p>\n<p class=\"paragraph\">El papel de las <b>hormonas<\/b> y la distinta respuesta al <b>entrenamiento intenso<\/b> abren nuevos caminos para la investigaci\u00f3n sobre el impacto del <b>ejercicio<\/b> en la <b>salud card\u00edaca<\/b> de ambos sexos.<\/p>\n<p><img alt=\"La planificaci\u00f3n inteligente del entrenamiento\" class=\"global-image\" decoding=\"async\" fetchpriority=\"low\" height=\"3240\" loading=\"lazy\" src=\"https:\/\/www.europesays.com\/es\/wp-content\/uploads\/2025\/12\/SRVZ2WAYQ5G5LEKIIUVUC75IQM.jpg\" width=\"5760\"\/>La planificaci\u00f3n inteligente del entrenamiento y la detecci\u00f3n temprana de s\u00edntomas son claves para prevenir arritmias en deportistas<br \/>\n(Cr\u00e9dito: Freepik)<\/p>\n<p class=\"paragraph\">El <b>riesgo adicional de fibrilaci\u00f3n auricular<\/b> afecta principalmente a quienes llevan sus entrenamientos, mucho m\u00e1s all\u00e1 de las recomendaciones generales. <\/p>\n<p class=\"paragraph\">Por este motivo, los expertos insisten en la <b>planificaci\u00f3n inteligente del entrenamiento<\/b>, valorando el equilibrio entre el <b>volumen<\/b> y la <b>intensidad de la actividad f\u00edsica<\/b>, especialmente en <b>atletas<\/b> dedicados a largas jornadas semanales. <\/p>\n<p class=\"paragraph\">Para la mayor\u00eda de los <b>corredores recreativos<\/b>, el incremento de riesgo es bajo; no obstante, siguen siendo clave la detecci\u00f3n de <b>signos de alerta como pulso irregular, palpitaciones o dificultad respiratoria<\/b> y la adaptaci\u00f3n de cargas seg\u00fan necesidades individuales.<\/p>\n<p class=\"paragraph\">Afortunadamente, la <b>fibrilaci\u00f3n auricular<\/b> dispone de tratamientos eficaces y un manejo oportuno permite <b>preservar la salud card\u00edaca<\/b> y calidad de vida en la poblaci\u00f3n activa.<\/p>\n","protected":false},"excerpt":{"rendered":"El ejercicio extremo cuadruplica el riesgo de fibrilaci\u00f3n auricular en atletas de resistencia, seg\u00fan estudios recientes (Imagen Ilustrativa&hellip;\n","protected":false},"author":2,"featured_media":314609,"comment_status":"","ping_status":"","sticky":false,"template":"","format":"standard","meta":{"footnotes":""},"categories":[92],"tags":[52222,4251,777,634,4808,25,24,165,1409,5993,717,166,23,63653],"class_list":{"0":"post-314608","1":"post","2":"type-post","3":"status-publish","4":"format-standard","5":"has-post-thumbnail","7":"category-salud","8":"tag-atardecer","9":"tag-bienestar","10":"tag-ciudad","11":"tag-deporte","12":"tag-ejercicio","13":"tag-es","14":"tag-espana","15":"tag-health","16":"tag-naturaleza","17":"tag-parque","18":"tag-running","19":"tag-salud","20":"tag-spain","21":"tag-vida-activa"},"share_on_mastodon":{"url":"https:\/\/pubeurope.com\/@es\/115810870161827455","error":""},"_links":{"self":[{"href":"https:\/\/www.europesays.com\/es\/wp-json\/wp\/v2\/posts\/314608","targetHints":{"allow":["GET"]}}],"collection":[{"href":"https:\/\/www.europesays.com\/es\/wp-json\/wp\/v2\/posts"}],"about":[{"href":"https:\/\/www.europesays.com\/es\/wp-json\/wp\/v2\/types\/post"}],"author":[{"embeddable":true,"href":"https:\/\/www.europesays.com\/es\/wp-json\/wp\/v2\/users\/2"}],"replies":[{"embeddable":true,"href":"https:\/\/www.europesays.com\/es\/wp-json\/wp\/v2\/comments?post=314608"}],"version-history":[{"count":0,"href":"https:\/\/www.europesays.com\/es\/wp-json\/wp\/v2\/posts\/314608\/revisions"}],"wp:featuredmedia":[{"embeddable":true,"href":"https:\/\/www.europesays.com\/es\/wp-json\/wp\/v2\/media\/314609"}],"wp:attachment":[{"href":"https:\/\/www.europesays.com\/es\/wp-json\/wp\/v2\/media?parent=314608"}],"wp:term":[{"taxonomy":"category","embeddable":true,"href":"https:\/\/www.europesays.com\/es\/wp-json\/wp\/v2\/categories?post=314608"},{"taxonomy":"post_tag","embeddable":true,"href":"https:\/\/www.europesays.com\/es\/wp-json\/wp\/v2\/tags?post=314608"}],"curies":[{"name":"wp","href":"https:\/\/api.w.org\/{rel}","templated":true}]}}