{"id":314614,"date":"2025-12-30T22:28:10","date_gmt":"2025-12-30T22:28:10","guid":{"rendered":"https:\/\/www.europesays.com\/es\/314614\/"},"modified":"2025-12-30T22:28:10","modified_gmt":"2025-12-30T22:28:10","slug":"tesla-sorprende-al-publicar-estimaciones-que-muestran-menor-demanda-de-vehiculos","status":"publish","type":"post","link":"https:\/\/www.europesays.com\/es\/314614\/","title":{"rendered":"Tesla sorprende al publicar estimaciones que muestran menor demanda de veh\u00edculos"},"content":{"rendered":"<p>    <img fetchpriority=\"high\" decoding=\"async\" src=\"data:image\/gif;base64,R0lGODlhAQABAIAAAAAAAP\/\/\/ywAAAAAAQABAAACAUwAOw==\" alt=\"Foto: David Paul Morris\/Bloomberg\" loading=\"eager\" height=\"640\" width=\"960\" class=\"yf-lglytj loader\"\/> Foto: David Paul Morris\/Bloomberg      <\/p>\n<p class=\"yf-7hmkaz\">(Bloomberg) &#8212; Tesla Inc. dio un paso inusual al publicar una serie de estimaciones de ventas que indican que el panorama para sus entregas de veh\u00edculos podr\u00eda ser m\u00e1s bajo de lo que muchos esperan.<\/p>\n<p class=\"yf-7hmkaz\">La automotriz public\u00f3 en su sitio web estimaciones que muestran que, en promedio, los analistas esperan que la compa\u00f1\u00eda entregue 422.850 autos en el cuarto trimestre, una baja de 15% frente a un a\u00f1o antes. Eso se compara con una estimaci\u00f3n promedio de 440.907 veh\u00edculos compilado por Bloomberg, lo que implica una ca\u00edda de 11%.<\/p>\n<p class=\"yf-7hmkaz\">Lo m\u00e1s le\u00eddo de Bloomberg<\/p>\n<p class=\"yf-7hmkaz\">Si bien el equipo de relaciones con inversores de Tesla ha recopilado estimaciones de ventas y compartido promedios de manera selectiva durante a\u00f1os, la empresa no hab\u00eda publicado estas cifras anteriormente.<\/p>\n<p class=\"yf-7hmkaz\">\u201cEsto es altamente inusual\u201d, escribi\u00f3 Gary Black, cofundador de Future Fund Advisors, en una publicaci\u00f3n en X. \u201cObviamente, alguien en TSLA quer\u00eda que el consenso derivado de relaciones con inversores se distribuyera lo m\u00e1s ampliamente posible\u201d, a\u00f1adi\u00f3, al especular que las entregas de Tesla probablemente se ubiquen en un rango cercano a 420.000 veh\u00edculos.<\/p>\n<p>    <img decoding=\"async\" src=\"data:image\/gif;base64,R0lGODlhAQABAIAAAAAAAP\/\/\/ywAAAAAAQABAAACAUwAOw==\" alt=\" \" loading=\"lazy\" height=\"564\" width=\"960\" class=\"yf-lglytj loader\"\/>        <\/p>\n<p class=\"yf-7hmkaz\">Tesla va camino a registrar su segunda ca\u00edda consecutiva en ventas anuales de veh\u00edculos. Seg\u00fan la empresa, analistas prev\u00e9n en promedio 1,6 millones de entregas, un 8% menos que el a\u00f1o anterior. Las estimaciones de la automotriz para los pr\u00f3ximos tres a\u00f1os tambi\u00e9n son m\u00e1s bajas que los promedios recopilados por Bloomberg.<\/p>\n<p class=\"yf-7hmkaz\">Las acciones de la compa\u00f1\u00eda llegaron a caer hasta 1,3% el martes antes de borrar ese retroceso.<\/p>\n<p class=\"yf-7hmkaz\">Las ventas de Tesla se desplomaron a comienzos del a\u00f1o, cuando la compa\u00f1\u00eda reconfigur\u00f3 las l\u00edneas de producci\u00f3n en cada una de sus plantas de ensamblaje para el redise\u00f1ado Model Y, su veh\u00edculo m\u00e1s popular. Ese per\u00edodo tambi\u00e9n coincidi\u00f3 con el director ejecutivo, Elon Musk, desempe\u00f1ando un polarizante papel dentro del gobierno de Trump.<\/p>\n<p class=\"yf-7hmkaz\">Las entregas saltaron a un r\u00e9cord en el tercer trimestre, antes de la expiraci\u00f3n en septiembre de los cr\u00e9ditos fiscales federales de US$7.500. Tesla compens\u00f3 parcialmente la p\u00e9rdida de esos incentivos al inicio del trimestre actual al lanzar versiones simplificadas del SUV Model Y y del sed\u00e1n Model 3, cada uno con precios inferiores a US$40.000.<\/p>\n<p>    <img decoding=\"async\" src=\"data:image\/gif;base64,R0lGODlhAQABAIAAAAAAAP\/\/\/ywAAAAAAQABAAACAUwAOw==\" alt=\"VER: Tesla public\u00f3 un promedio de estimaciones de analistas que indica que la compa\u00f1\u00eda podr\u00eda entregar 15% menos autos en el cuarto trimestre. Informa Craig Trudell.Fuente: Bloomberg\" loading=\"lazy\" height=\"534\" width=\"950\" class=\"yf-lglytj loader\"\/> VER: Tesla public\u00f3 un promedio de estimaciones de analistas que indica que la compa\u00f1\u00eda podr\u00eda entregar 15% menos autos en el cuarto trimestre. Informa Craig Trudell.Fuente: Bloomberg       <\/p>\n<p class=\"yf-7hmkaz\">Las acciones de Tesla se encaminan a cerrar el a\u00f1o al alza a pesar del retroceso en las ventas de veh\u00edculos. Los papeles sub\u00edan 14% hasta el cierre del lunes, por detr\u00e1s del avance de 17% del \u00edndice S&amp;P 500.<\/p>\n","protected":false},"excerpt":{"rendered":"Foto: David Paul Morris\/Bloomberg (Bloomberg) &#8212; Tesla Inc. dio un paso inusual al publicar una serie de estimaciones&hellip;\n","protected":false},"author":2,"featured_media":314615,"comment_status":"","ping_status":"","sticky":false,"template":"","format":"standard","meta":{"footnotes":""},"categories":[80],"tags":[14278,82,95,94,25,24,73724,73722,23,12336,73723],"class_list":{"0":"post-314614","1":"post","2":"type-post","3":"status-publish","4":"format-standard","5":"has-post-thumbnail","7":"category-economia","8":"tag-bloomberg","9":"tag-business","10":"tag-economia","11":"tag-economy","12":"tag-es","13":"tag-espana","14":"tag-estimaciones","15":"tag-lineas-de-produccion","16":"tag-spain","17":"tag-tesla","18":"tag-ventas-de-vehiculos"},"share_on_mastodon":{"url":"https:\/\/pubeurope.com\/@es\/115810880965809169","error":""},"_links":{"self":[{"href":"https:\/\/www.europesays.com\/es\/wp-json\/wp\/v2\/posts\/314614","targetHints":{"allow":["GET"]}}],"collection":[{"href":"https:\/\/www.europesays.com\/es\/wp-json\/wp\/v2\/posts"}],"about":[{"href":"https:\/\/www.europesays.com\/es\/wp-json\/wp\/v2\/types\/post"}],"author":[{"embeddable":true,"href":"https:\/\/www.europesays.com\/es\/wp-json\/wp\/v2\/users\/2"}],"replies":[{"embeddable":true,"href":"https:\/\/www.europesays.com\/es\/wp-json\/wp\/v2\/comments?post=314614"}],"version-history":[{"count":0,"href":"https:\/\/www.europesays.com\/es\/wp-json\/wp\/v2\/posts\/314614\/revisions"}],"wp:featuredmedia":[{"embeddable":true,"href":"https:\/\/www.europesays.com\/es\/wp-json\/wp\/v2\/media\/314615"}],"wp:attachment":[{"href":"https:\/\/www.europesays.com\/es\/wp-json\/wp\/v2\/media?parent=314614"}],"wp:term":[{"taxonomy":"category","embeddable":true,"href":"https:\/\/www.europesays.com\/es\/wp-json\/wp\/v2\/categories?post=314614"},{"taxonomy":"post_tag","embeddable":true,"href":"https:\/\/www.europesays.com\/es\/wp-json\/wp\/v2\/tags?post=314614"}],"curies":[{"name":"wp","href":"https:\/\/api.w.org\/{rel}","templated":true}]}}