{"id":314628,"date":"2025-12-30T22:42:12","date_gmt":"2025-12-30T22:42:12","guid":{"rendered":"https:\/\/www.europesays.com\/es\/314628\/"},"modified":"2025-12-30T22:42:12","modified_gmt":"2025-12-30T22:42:12","slug":"asi-ha-lidiado-este-ano-la-realeza-europea-con-sus-dos-ovejas-negras","status":"publish","type":"post","link":"https:\/\/www.europesays.com\/es\/314628\/","title":{"rendered":"as\u00ed ha lidiado este a\u00f1o la realeza europea con sus dos ovejas negras"},"content":{"rendered":"<p id=\"ehrZ6d9OUlw\" data-wc=\"103\">En los tiempos que corren, las <strong>monarqu\u00edas europeas<\/strong> se rigen por unos par\u00e1metros que poco o nada tienen que ver con los de antes. Su m\u00e1xima, como no pod\u00eda a ser de otra forma, es proyectar una imagen de absoluta ejemplaridad ante el ciudadano de a pie. Es decir, hacer todo lo posible para que el pueblo perciba la instituci\u00f3n no solo como algo \u00fatil, sino en la que se vea representado y de la que sienta orgulloso. Ese es el principal empe\u00f1o de todas las Casas Reales del viejo continente, incluida la espa\u00f1ola, y a ello dedican buena parte de sus esfuerzos.\u00a0<\/p>\n<p> <img src=\"https:\/\/www.europesays.com\/es\/wp-content\/uploads\/2025\/12\/3fc613418e5e-gettyimages-2211172710.jpg\"   width=\"1024\" height=\"786\" loading=\"lazy\" decoding=\"async\" alt=\"El pr\u00edncipe Andr\u00e9s, en una imagen de archivo\" fetchpriority=\"auto\" class=\"image ho-image\"\/>\u00a9 Getty ImagesEl pr\u00edncipe Andr\u00e9s, en una imagen de archivo<\/p>\n<p id=\"e9BOFUxsxg\" data-wc=\"99\">Sin embargo, como ocurre en cualquier otro \u00e1mbito de la sociedad en la que vivimos, aqu\u00ed tambi\u00e9n puede haber <strong>ovejas negras<\/strong>. Obviamente, ninguna Familia Real est\u00e1 libre de verse atrapada en alg\u00fan momento por una gran pol\u00e9mica o un esc\u00e1ndalo de tal magnitud. Y si hablamos de esto \u00faltimo, el (ex)pr\u00edncipe <strong>Andr\u00e9s de Inglaterra y el noruego Marius Borg<\/strong>, hijo de la princesa heredera Mette-Marit, son el paradigma. Son ellos dos los protagonistas negativos de este a\u00f1o en el mundo de la realeza, por lo que conviene analizar como ha lidiado esta con sus dos mayores quebraderos de cabeza<\/p>\n<p>El pr\u00edncipe Andr\u00e9s o c\u00f3mo poner en jaque a la monarqu\u00eda brit\u00e1nica<\/p>\n<p id=\"e8ZdlDOTmI\" data-wc=\"130\">Lo ven\u00eda arrastrando desde hace muchos a\u00f1os, quiz\u00e1 demasiados. Hablamos de los problemas que le ha ocasionado a la Corona brit\u00e1nica la estrecha relaci\u00f3n que ten\u00eda el hijo favorito de Isabel II con el empresario y depredador sexual Jeffrey Epstein, quien apareci\u00f3 muerto en su celda en 2019 mientras cumpl\u00eda condena. Desde que <a class=\"hm-link ho-link\" href=\"https:\/\/www.hola.com\/realeza\/casa_inglesa\/20251101865044\/recordamos-la-entrevista-mas-explosiva-del-principe-andres\/\" data-mrf-recirculation=\"article-body-link\" rel=\"nofollow noopener\" target=\"_blank\">el caso les estall\u00f3 en la cara<\/a> hace m\u00e1s de un lustro, el hermano menor del rey Carlos III era ya un apestado entre los suyos. Hab\u00eda sido apartado y no ten\u00eda agenda institucional alguna, si bien segu\u00eda manteniendo la mayor\u00eda de sus t\u00edtulos nobiliarios. Eso fue hasta hace un par de meses, cuando se convirti\u00f3 definitivamente en Andr\u00e9s Mountbatten-Windsor (su nombre de pila) tras ser despojado de todo lo que le hac\u00eda pertenecer a la realeza.<\/p>\n<p> <img src=\"https:\/\/www.europesays.com\/es\/wp-content\/uploads\/2025\/12\/9717494211cd-gettyimages-2235867949.jpg\"   width=\"1024\" height=\"925\" loading=\"lazy\" decoding=\"async\" alt=\"Carlos III, con su hermano peque\u00f1o el pasado 16 de septiembre\" fetchpriority=\"auto\" class=\"image ho-image\"\/>\u00a9 Getty ImagesCarlos III, con su hermano peque\u00f1o el pasado 16 de septiembre<\/p>\n<p id=\"ecjVqeMutb\" data-wc=\"103\">Las consecuencias se desencadenaban este oto\u00f1o a ra\u00edz de <a class=\"hm-link ho-link\" href=\"https:\/\/www.hola.com\/realeza\/casa_inglesa\/20251013861156\/principe-andres-y-jeffrey-epstein-escandoloso-correo-se-filtra\/\" data-mrf-recirculation=\"article-body-link\" rel=\"nofollow noopener\" target=\"_blank\">un mail del 2011 que vio la luz<\/a>, donde el que fuera duque de York manten\u00eda una conversaci\u00f3n c\u00f3mplice con el pederasta. \u00ab\u00a1No te preocupes por m\u00ed! Parece que estamos juntos en esto y tendremos que superarlo. Si no, mantente en contacto y pronto volveremos a jugar\u00bb, le dec\u00eda. Un mensaje que no solo evidenciaba el tipo de vinculo que ambos manten\u00edan, sino que dejaba claro que Andr\u00e9s Mountbatten-Windsor (minti\u00f3 en aquella sonada e infame entrevista para la BBC, donde sostuvo que hab\u00eda cortado por completo el contacto con el empresario estadounidense en 2010.\u00a0<\/p>\n<p id=\"eDhZSy2GMff\" data-wc=\"114\">La revelaci\u00f3n de este correo electr\u00f3nico se produjo apenas unas semanas despu\u00e9s de que su exmujer, Sarah Ferguson estuviera en el punto de mira por el mismo asunto. Entonces fue el mail que ella envi\u00f3 a Epstein, dej\u00e1ndola en evidencia y demostrando que tambi\u00e9n hab\u00eda mentido cuando afirm\u00f3 haber dejado de hablar con \u00e9l. A pesar de todo ello, el expr\u00edncipe<strong>\u00a0<\/strong>se aferraba con u\u00f1as y dientes a sus privilegios, como el hecho de seguir viviendo en Royal Lodge, algo que le generaba a Carlos III bastantes quebraderos de cabeza. Un foco de tensi\u00f3n que se extend\u00eda tambi\u00e9n al heredero, Guillermo de Inglaterra, quien no aprobaba en modo alguno la conducta de su t\u00edo.<\/p>\n<p> <img src=\"https:\/\/www.europesays.com\/es\/wp-content\/uploads\/2025\/12\/a310387ce6e0-gettyimages-699662606.jpg\"   width=\"1024\" height=\"682\" loading=\"lazy\" decoding=\"async\" alt=\"La recordada Isabel II, con su hijo favorito\" fetchpriority=\"auto\" class=\"image ho-image\"\/>\u00a9 Getty ImagesLa recordada Isabel II, con su hijo favorito<\/p>\n<p id=\"eoq8TYsTVoZ\" data-wc=\"106\">Lo m\u00e1s tr\u00e1gico, eso si, ocurri\u00f3 en abril de este a\u00f1o cuando Virginia Giuffre, la principal v\u00edctima del caso y denunciante del expr\u00edncipe Andr\u00e9s, decidi\u00f3 <a class=\"hm-link ho-link\" href=\"https:\/\/www.hola.com\/actualidad\/20250426828661\/virginia-giuffre-que-acuso-al-principe-andres-de-abusos-sexuales-se-quita-la-vida-a-los-41-anos\/\" data-mrf-recirculation=\"article-body-link\" rel=\"nofollow noopener\" target=\"_blank\">quitarse la vida<\/a>. Ante semejante escenario, fue el 17 de octubre cuando este <a class=\"hm-link ho-link\" href=\"https:\/\/www.hola.com\/realeza\/casa_inglesa\/20251017862272\/principe-andres-renuncia-titulos\/\" data-mrf-recirculation=\"article-body-link\" rel=\"nofollow noopener\" target=\"_blank\">anunciaba en comunicado<\/a> lo que se llevaba esperando por los suyos y por los brit\u00e1nicos desde hace mucho tiempo: su renuncia. \u00abYa no utilizar\u00e9 mi t\u00edtulo (de duque de York) ni los honores que se me han concedido\u201d, se\u00f1al\u00f3. Una decisi\u00f3n que fue tomada en consenso con Carlos III, para evitar que los \u00faltimos esc\u00e1ndalos en torno a su figura perjudicaran a\u00fan m\u00e1s la imagen de la monarqu\u00eda.<\/p>\n<p id=\"e6ZV3cWEKvT\" data-wc=\"128\">Tras ello, <a class=\"hm-link ho-link\" href=\"https:\/\/www.hola.com\/realeza\/casa_inglesa\/20251030864760\/carlos-iii-comunicado-retira-titulos-andres\/\" data-mrf-recirculation=\"article-body-link\" rel=\"nofollow noopener\" target=\"_blank\">la estocada definitiva<\/a> para \u00e9l llegar\u00eda apenas dos semanas despu\u00e9s, cuando el jefe del Estado daba un paso m\u00e1s al ejecutar la retirada formal del t\u00edtulo de pr\u00edncipe a su hermano que le corresponde por nacimiento, rescindi\u00e9ndole adem\u00e1s el contrato que le permit\u00eda seguir viviendo en los terrenos de Windsor. Hasta ese momento, la presi\u00f3n hab\u00eda sidi insostenible, y eran muchas las voces que reclamaban al soberano que diera un golpe sobre la mesa y tomara medidas m\u00e1s rotundas, como as\u00ed hizo. En cuanto a Beatriz y Eugenia de York, las hijas de Andr\u00e9s Mountbatten-Windsor y Sarah Ferguson, estas seguir\u00e1n siendo princesas. Para el rey era importante dejara indemnes a sus sobrinas, quienes son activos de la Casa Real pese a no ejercer a tiempo completo.<\/p>\n<p> <img src=\"https:\/\/www.europesays.com\/es\/wp-content\/uploads\/2025\/12\/de0ec732de13-gettyimages-1192977806.jpg\"   width=\"1024\" height=\"678\" loading=\"lazy\" decoding=\"async\" alt=\"Melania Trump, pr\u00edncipe Andr\u00e9s, Gwendolyn Beck y Jeffrey Epstein en una fiesta en  Mar-a-Lago club, Palm Beach, Florida, en el a\u00f1o 2000\" fetchpriority=\"auto\" class=\"image ho-image\"\/>\u00a9 Getty ImagesMelania Trump, el pr\u00edncipe Andr\u00e9s, Gwendolyn Beck y Jeffrey Epstein en una fiesta en  Mar-a-Lago club, Palm Beach, Florida, en el a\u00f1o 2000<\/p>\n<p id=\"eGeYJIKyQOy1\" data-wc=\"90\">En cuanto a la \u00faltima aparici\u00f3n p\u00fablica del expr\u00edncipe, esta se produjo el pasado 12 de diciembre durante <a class=\"hm-link ho-link\" href=\"https:\/\/www.hola.com\/realeza\/casa_inglesa\/20251212872585\/andres-y-sarah-ferguson-reaparecen-en-el-bautizo-hija-beatriz-de-york\/\" data-mrf-recirculation=\"article-body-link\" rel=\"nofollow noopener\" target=\"_blank\">el bautizo de su nieta Athena, la hija menor de Beatriz de York<\/a>. Fue un acto de car\u00e1cter \u00edntimo y privado que tuvo como escenario la Capilla Real del Palacio de St James, en la ciudad de Westminster (Londres). All\u00ed acudi\u00f3 tambi\u00e9n, entre otros familiares y amigos, su exmujer Sarah Ferguson (66), quien igualmente ha dejado de ser duquesa despu\u00e9s de verse salpicada por el esc\u00e1ndalo relacionado con el fallecido magnate estadounidense.<\/p>\n<p id=\"evNBT8dhEp\" data-wc=\"111\">Bajo este panorama, lo que en cualquier otra \u00e9poca hubiera sido un encuentro feliz y emotivo, esta vez ven\u00eda marcado por los \u00faltimos acontecimientos. Adem\u00e1s, <strong>la relaci\u00f3n de Beatriz con su padre no es especialmente buena<\/strong>, pero tampoco quer\u00eda dejarle fuera de un evento como este. Seg\u00fan su entorno, ella entend\u00eda que habr\u00eda sido muy cruel por su parte privarle de una cita as\u00ed, sabedora de que este adora a sus nietas y atraviesa por un momento sumamente complicado. Alejado por completo de la vida p\u00fablica, cuando casi todo el mundo le ha dado ya la espalda, la Princesa no ser\u00e1, desde luego, quien le d\u00e9 la puntilla a su progenitor.<\/p>\n<p>Marius Borg, el caso que hace temblar los cimientos de las Casa Real noruega<\/p>\n<p id=\"e4kARCK5b-\" data-wc=\"89\">El pr\u00f3ximo 3 de febrero, Marius Borg H\u00f8iby comparecer\u00e1 ante el Tribunal de Distrito de Oslo en lo que all\u00ed se ha llamado como el &#8216;juicio del siglo&#8217;. Est\u00e1 <strong>acusado formalmente de 32 delitos distintos<\/strong>, donde se incluyen 4 agresiones sexuales a diferentes mujeres, as\u00ed como abusos a su expareja, Nora Haukland, y m\u00e1s actos de violencia hacia otra de sus compa\u00f1eras sentimentales. En caso de ser condenado, el &#8216;royal&#8217; escandinavo podr\u00eda enfrentarse a una pena m\u00e1xima de 10 a\u00f1os de c\u00e1rcel, seg\u00fan establece la legislaci\u00f3n de su pa\u00eds.<\/p>\n<p> <img src=\"https:\/\/www.europesays.com\/es\/wp-content\/uploads\/2025\/12\/3ee5edad5ed5-gettyimages-542449118.jpg\"   width=\"828\" height=\"1024\" loading=\"lazy\" decoding=\"async\" alt=\"La princesa Mette-Marit, con su hijo\" fetchpriority=\"auto\" class=\"image ho-image\"\/>\u00a9 UK Press via Getty ImagesLa princesa Mette-Marit, con su hijo<\/p>\n<p id=\"eK_j9WIsYY\" data-wc=\"102\">Seg\u00fan la investigaci\u00f3n policial, buena parte de los hechos tuvieron lugar en su casa de Skaugum y esto resulta especialmente nocivo para la instituci\u00f3n mon\u00e1rquica, ya que se trata de una residencia real. Est\u00e1 ubicada dentro de la finca que el rey Olaf compr\u00f3 en su d\u00eda para que viva all\u00ed el que fuera heredero de la corona noruega, en este caso su \u00fanico nieto var\u00f3n, el futuro rey Haakon. \u00abEs un caso muy grave\u00bb, declar\u00f3 al respecto Sturla Henriksb\u00f8, fiscal general del Estado de Noruega, durante<a class=\"hm-link ho-link\" href=\"https:\/\/www.hola.com\/realeza\/casa_noruega\/20250818850760\/marius-hijo-mette-marit-sigue-cometiendo-delitos-tras-detencion\/\" data-mrf-recirculation=\"article-body-link\" rel=\"nofollow noopener\" target=\"_blank\">\u00a0su comparecencia ante la prensa<\/a> hace unos meses. \u00abSon actos que pueden destruir vidas\u00bb, apostillaba.<\/p>\n<p id=\"etp7P5pxR_P\" data-wc=\"117\">Un asunto este que tiene al hijo mayor de la princesa Mette-Marit como protagonista y que, sin duda, provoca que se tambaleen los cimientos de la monarqu\u00eda n\u00f3rdica. Incluso, trascendi\u00f3 que la \u00faltima violaci\u00f3n de la que se le acusa a Marius Borg habr\u00eda ocurrido despu\u00e9s de que la polic\u00eda lo hubiera detenido y fuera puesto en libertad. A este respecto, se\u00f1alaba el fiscal que era verdaderamente \u00abpreocupante\u00bb que Marius hubiera proseguido con este comportamiento tras ser arrestado, en lugar de arrepentirse y cambiar. Unas palabras con las que Henriksb\u00f8 dej\u00f3 entrever que <strong>el acusado se sent\u00eda impune, acumulando un historial delictivo a sus espaldas\u00a0<\/strong>que afectan de lleno a la imagen de la Casa Real noruega.<\/p>\n<p> <img src=\"https:\/\/www.europesays.com\/es\/wp-content\/uploads\/2025\/12\/a6f58ab09a86-dlu512830028.jpg\"   width=\"1024\" height=\"682\" loading=\"lazy\" decoding=\"async\" alt=\"El primog\u00e9nito de la heredera, en un evento deportivo\" fetchpriority=\"auto\" class=\"image ho-image\"\/>\u00a9 GTRESEl primog\u00e9nito de la heredera, en un evento deportivo<\/p>\n<p id=\"esqXfXjcev\" data-wc=\"105\">Fueron <strong>abusos ocurridos presuntamente en su dormitorio entre 2018 y 2024<\/strong>, despu\u00e9s de que Marius y dichas mujeres hubieran tenido relaciones sexuales consensuadas. Al parecer, las agredi\u00f3 mientras dorm\u00edan y lo grababa con una c\u00e1mara. \u00abEs una prueba clave que se utilizar\u00e1 en su contra\u00bb, dijo el fiscal, tras contar que la polic\u00eda revis\u00f3 numerosos archivos donde encontr\u00f3 varias fotos y v\u00eddeos que mostraban los genitales de las v\u00edctimas. Adem\u00e1s de todos estos cargos, al hermanastro de los pr\u00edncipes Ingrid Alexandra y Sverre Magnus tambi\u00e9n se le imputa el haber realizado amenazas de muerte, agredir a un funcionario p\u00fablico e infringir la Ley de Tr\u00e1fico.\u00a0<\/p>\n<p id=\"esLBu8G_Ciq\" data-wc=\"129\">Desde que estall\u00f3 el esc\u00e1ndalo en agosto de 2024, los miembros de la Familia Real noruega apenas se han pronunciado sobre este asunto tan que supone un verdadero misil para su reputaci\u00f3n ante la ciudadan\u00eda. Cuando se les ha preguntado por ello, han evitado contestar o <a class=\"hm-link ho-link\" href=\"https:\/\/www.hola.com\/realeza\/20250819850957\/primeras-palabras-del-principe-haakon-tras-la-imputacion-de-marius-borg\/\" data-mrf-recirculation=\"article-body-link\" rel=\"nofollow noopener\" target=\"_blank\">se han alineado en las mismas y escuetas declaraciones<\/a> al respecto.<strong data-gid=\"eoMAkcjHFaV\">\u00a0<\/strong>\u00abPor supuesto que esto el algo muy dif\u00edcil para todos nosotros\u00bb, dijo tanto el pr\u00edncipe Haakon como su hija, Ingrid Alexandra, a diferentes medios locales. \u00abYa se ha aclarado cu\u00e1l ser\u00e1 la acusaci\u00f3n. Ahora le corresponde al tribunal decidir. Por nuestra parte, seguiremos cumpliendo con nuestras tareas\u00bb, sentenciaban. De esta forma, dejaban claro que la corona n\u00f3rdica va a seguir afrontando sus obligaciones pese al torbellino emocional en el que se encuentra.<\/p>\n<p> <img src=\"https:\/\/www.europesays.com\/es\/wp-content\/uploads\/2025\/12\/729d7bf854df-gettyimages-2165187087.jpg\"   width=\"1024\" height=\"682\" loading=\"lazy\" decoding=\"async\" alt=\"Marius Borg, con su madre durante una celebraci\u00f3n en Oslo\" fetchpriority=\"auto\" class=\"image ho-image\"\/>\u00a9 Getty ImagesMarius Borg, con su madre durante una celebraci\u00f3n en Oslo<\/p>\n<p id=\"es26OraY9Y\" data-wc=\"104\">\u00bfQu\u00e9 le espera al primog\u00e9nito de Mette-Marit? <a class=\"hm-link ho-link\" href=\"https:\/\/www.hola.com\/realeza\/casa_noruega\/20251125869346\/abogado-noruego-analiza-futuro-marius-borg-no-le-beneficia-pertenecer-familia-real\/\" data-mrf-recirculation=\"article-body-link\" rel=\"nofollow noopener\" target=\"_blank\">Los expertos en leyes han hablado<\/a>, analizando algunos detalles que se pondr\u00e1n sobre la mesa durante el proceso judicial. \u00abMarius se defiende alegando consentimiento para la relaci\u00f3n sexual, lo que es dif\u00edcil de sostener ante un tribunal ya que hay abundantes pruebas de que esto no fue as\u00ed\u00bb. Aqu\u00ed, se pone como ejemplo el hecho de que, tal y como se ha descubierto, \u00e9l mismo busc\u00f3 palabras como \u00abviolaci\u00f3n\u00bb y \u00abagresi\u00f3n sexual\u00bb en Google, previendo lo que le pod\u00eda pasar. \u00abSi es absuelto de estos cargos, solo ser\u00e1 condenado en base a su confesi\u00f3n\u00bb, dicen los letrados.\u00a0<\/p>\n<p id=\"eiCa0CcPFI\" data-wc=\"106\">Hay que recordar que Marius ha reconocido \u00fanicamente los hechos acontecidos en el barrio Frogner, un distrito acomodado de Oslo, donde tuvo lugar una fuerte discusi\u00f3n con su pareja de entonces, seguida de agresiones, amenazas y destrozos. Una situaci\u00f3n que, seg\u00fan el abogado de H\u00f8iby, ven\u00eda causada por los problemas mentales del joven, derivados de la presi\u00f3n medi\u00e1tica, el consumo de alcohol y de coca\u00edna. Respecto al tema de las adicciones, se supo que el &#8216;royal&#8217; hab\u00eda sido <a class=\"hm-link ho-link\" href=\"https:\/\/www.hola.com\/realeza\/casa_noruega\/20241110729154\/haakon-acompana-marius-borg-londres-rehabilitacion-drogas\/\" data-mrf-recirculation=\"article-body-link\" rel=\"nofollow noopener\" target=\"_blank\">ingresado en un centro de desintoxicaci\u00f3n<\/a>, lo que podr\u00eda considerarse como una circunstancia atenuante para \u00e9l en el juicio y puede suponer una posible reducci\u00f3n de la condena.<\/p>\n<p> <img src=\"https:\/\/www.europesays.com\/es\/wp-content\/uploads\/2025\/10\/381b9e2678ab-mariusedit.jpg\"   width=\"1024\" height=\"576\" loading=\"lazy\" decoding=\"async\" alt=\"Marius Borg, en una imagen de archivo\" fetchpriority=\"auto\" class=\"image ho-image\"\/>\u00a9 GTRESMarius Borg, en una imagen de archivo<\/p>\n<p id=\"eZgRzaLzk38\" data-wc=\"125\">En cuanto a los<strong>\u00a0<\/strong>posibles privilegios que puede tener Marius por ser quien es, se cree que esto no le beneficia en absoluto y es m\u00e1s bien al contrario. Es decir, que la pena que reciba puede ser tan justa como ejemplarizante, demostrando as\u00ed que en Noruega no hay nadie por encima de la ley. Sobre todo, si hablamos de alguien que se ha movido en un ambiente criminal a espaldas de sus seres queridos. Por \u00faltimo, sobre <a class=\"hm-link ho-link\" href=\"https:\/\/www.hola.com\/realeza\/casa_noruega\/20251203870869\/quien-paga-las-costas-judiciales-de-marius-borg-se-desvela-el-secreto-mejor-guardado\/\" data-mrf-recirculation=\"article-body-link\" rel=\"nofollow noopener\" target=\"_blank\">qui\u00e9n est\u00e1 asumiendo las costas del proceso,<\/a> la prensa escandinava asegura que se trata de la abuela del joven, Marit Tjessem, la madre de Mette-Marit. Al parecer, esta habr\u00eda cedido la mitad de su patrimonio de 230,000 euros para pagar los honorarios legales que debe su nieto.\u00a0<\/p>\n","protected":false},"excerpt":{"rendered":"En los tiempos que corren, las monarqu\u00edas europeas se rigen por unos par\u00e1metros que poco o nada tienen&hellip;\n","protected":false},"author":2,"featured_media":314629,"comment_status":"","ping_status":"","sticky":false,"template":"","format":"standard","meta":{"footnotes":""},"categories":[174],"tags":[255,146,147,25,24,256,15270,52087,1027,6856,23],"class_list":{"0":"post-314628","1":"post","2":"type-post","3":"status-publish","4":"format-standard","5":"has-post-thumbnail","7":"category-famosos","8":"tag-celebrities","9":"tag-entertainment","10":"tag-entretenimiento","11":"tag-es","12":"tag-espana","13":"tag-famosos","14":"tag-marius-borg-hiby","15":"tag-principe-andres","16":"tag-realeza","17":"tag-realeza-inglesa","18":"tag-spain"},"share_on_mastodon":{"url":"https:\/\/pubeurope.com\/@es\/115810936094301560","error":""},"_links":{"self":[{"href":"https:\/\/www.europesays.com\/es\/wp-json\/wp\/v2\/posts\/314628","targetHints":{"allow":["GET"]}}],"collection":[{"href":"https:\/\/www.europesays.com\/es\/wp-json\/wp\/v2\/posts"}],"about":[{"href":"https:\/\/www.europesays.com\/es\/wp-json\/wp\/v2\/types\/post"}],"author":[{"embeddable":true,"href":"https:\/\/www.europesays.com\/es\/wp-json\/wp\/v2\/users\/2"}],"replies":[{"embeddable":true,"href":"https:\/\/www.europesays.com\/es\/wp-json\/wp\/v2\/comments?post=314628"}],"version-history":[{"count":0,"href":"https:\/\/www.europesays.com\/es\/wp-json\/wp\/v2\/posts\/314628\/revisions"}],"wp:featuredmedia":[{"embeddable":true,"href":"https:\/\/www.europesays.com\/es\/wp-json\/wp\/v2\/media\/314629"}],"wp:attachment":[{"href":"https:\/\/www.europesays.com\/es\/wp-json\/wp\/v2\/media?parent=314628"}],"wp:term":[{"taxonomy":"category","embeddable":true,"href":"https:\/\/www.europesays.com\/es\/wp-json\/wp\/v2\/categories?post=314628"},{"taxonomy":"post_tag","embeddable":true,"href":"https:\/\/www.europesays.com\/es\/wp-json\/wp\/v2\/tags?post=314628"}],"curies":[{"name":"wp","href":"https:\/\/api.w.org\/{rel}","templated":true}]}}