{"id":314662,"date":"2025-12-30T23:10:09","date_gmt":"2025-12-30T23:10:09","guid":{"rendered":"https:\/\/www.europesays.com\/es\/314662\/"},"modified":"2025-12-30T23:10:09","modified_gmt":"2025-12-30T23:10:09","slug":"el-legendario-guitarrista-que-le-colgo-el-telefono-a-deep-purple-me-ofendio","status":"publish","type":"post","link":"https:\/\/www.europesays.com\/es\/314662\/","title":{"rendered":"El legendario guitarrista que le colg\u00f3 el tel\u00e9fono a Deep Purple: \u00abMe ofendi\u00f3\u00bb"},"content":{"rendered":"<p><strong>Deep<\/strong> <strong>Purple<\/strong> es una de esas bandas que marcaron un antes y un despu\u00e9s en la historia de la m\u00fasica. Desde su formaci\u00f3n a finales de la d\u00e9cada de los 60, el conjunto brit\u00e1nico supo convertirse en pionero del hard rock, pero a lo largo del tiempo tuvo que atravesar numerosas formaciones. El puesto de guitarrista fue uno de los m\u00e1s cambiantes con la segunda partida de <strong><a href=\"https:\/\/indiehoy.com\/historias\/5-mejores-bandas-70-segun-ritchie-blackmore\/\" target=\"_blank\" rel=\"noreferrer noopener nofollow\">Ritchie Blackmore<\/a><\/strong> en 1993. Despu\u00e9s de esto, Deep Purple termin\u00f3 de presentar una gira por Jap\u00f3n y otra por Europa en 1994 sin definir oficialmente a su nuevo guitarrista. En ese contexto, su elecci\u00f3n recay\u00f3 en una figura excepcional del rock instrumental: <a href=\"https:\/\/indiehoy.com\/noticias\/joe-satriani-sobre-kurt-cobain-era-un-gran-guitarrista\/\" target=\"_blank\" rel=\"noreferrer noopener nofollow\"><strong>Joe<\/strong> <strong>Satriani<\/strong><\/a>.<\/p>\n<p>Conocido por su virtuosismo y versatilidad, Satriani fue convocado como reemplazo temporal para las giras, pero <strong>rechaz\u00f3 la oferta de ocupar el puesto de forma permanente<\/strong>, tal y como reconoci\u00f3 en una entrevista con Ultimate Classic Rock en 2021. \u201c<strong>Me ofendi\u00f3 que [mi m\u00e1nager] me preguntara eso, porque yo era un gran fan de Richie Blackmore. Nadie puede reemplazar a Ritchie Blackmore<\/strong>\u201d. Adem\u00e1s, el violero tambi\u00e9n record\u00f3 haberle dicho al grupo \u00abno me vuelvan a llamar\u00bb antes de colgar el tel\u00e9fono bruscamente. \u00abEn la \u00e9poca anterior a los celulares. Ya sabes, solo un clic y colgaba el tel\u00e9fono de golpe\u00bb.<\/p>\n<p>Sin embargo, <strong>una vez que pas\u00f3 el arrebato de ira, Satriani cambi\u00f3 de parecer<\/strong>. \u00abClaro, 30 minutos despu\u00e9s volv\u00ed a llamar a [su m\u00e1nager] y le dije: Hey, \u00bfya les dijiste que no?&#8217;. Y me dijo: &#8216;No, sab\u00eda que ibas a cambiar de opini\u00f3n'\u00bb. Satriani solo fue parte de los mencionados tours de 1993 y 1994, para luego dar un paso al costado, ya que acababa de firmar un contrato en solitario de varios \u00e1lbumes con Sony. As\u00ed fue c\u00f3mo se le abri\u00f3 paso a Steve Morse, el fundador de Dixie Dregs, para que tomara el puesto de guitarrista en Deep Purple, el cual ocup\u00f3 hasta 2022 antes de ser reemplazado por Simon McBride.<\/p>\n","protected":false},"excerpt":{"rendered":"Deep Purple es una de esas bandas que marcaron un antes y un despu\u00e9s en la historia de&hellip;\n","protected":false},"author":2,"featured_media":314663,"comment_status":"","ping_status":"","sticky":false,"template":"","format":"standard","meta":{"footnotes":""},"categories":[170],"tags":[62124,146,147,25,24,184,185,23],"class_list":{"0":"post-314662","1":"post","2":"type-post","3":"status-publish","4":"format-standard","5":"has-post-thumbnail","7":"category-musica","8":"tag-deep-purple","9":"tag-entertainment","10":"tag-entretenimiento","11":"tag-es","12":"tag-espana","13":"tag-music","14":"tag-musica","15":"tag-spain"},"share_on_mastodon":{"url":"https:\/\/pubeurope.com\/@es\/115811046460004011","error":""},"_links":{"self":[{"href":"https:\/\/www.europesays.com\/es\/wp-json\/wp\/v2\/posts\/314662","targetHints":{"allow":["GET"]}}],"collection":[{"href":"https:\/\/www.europesays.com\/es\/wp-json\/wp\/v2\/posts"}],"about":[{"href":"https:\/\/www.europesays.com\/es\/wp-json\/wp\/v2\/types\/post"}],"author":[{"embeddable":true,"href":"https:\/\/www.europesays.com\/es\/wp-json\/wp\/v2\/users\/2"}],"replies":[{"embeddable":true,"href":"https:\/\/www.europesays.com\/es\/wp-json\/wp\/v2\/comments?post=314662"}],"version-history":[{"count":0,"href":"https:\/\/www.europesays.com\/es\/wp-json\/wp\/v2\/posts\/314662\/revisions"}],"wp:featuredmedia":[{"embeddable":true,"href":"https:\/\/www.europesays.com\/es\/wp-json\/wp\/v2\/media\/314663"}],"wp:attachment":[{"href":"https:\/\/www.europesays.com\/es\/wp-json\/wp\/v2\/media?parent=314662"}],"wp:term":[{"taxonomy":"category","embeddable":true,"href":"https:\/\/www.europesays.com\/es\/wp-json\/wp\/v2\/categories?post=314662"},{"taxonomy":"post_tag","embeddable":true,"href":"https:\/\/www.europesays.com\/es\/wp-json\/wp\/v2\/tags?post=314662"}],"curies":[{"name":"wp","href":"https:\/\/api.w.org\/{rel}","templated":true}]}}