{"id":314675,"date":"2025-12-30T23:17:10","date_gmt":"2025-12-30T23:17:10","guid":{"rendered":"https:\/\/www.europesays.com\/es\/314675\/"},"modified":"2025-12-30T23:17:10","modified_gmt":"2025-12-30T23:17:10","slug":"tatiana-schlossberg-nieta-de-john-f-kennedy-muere-a-los-35-anos-tras-anunciar-que-padecia-cancer-internacional","status":"publish","type":"post","link":"https:\/\/www.europesays.com\/es\/314675\/","title":{"rendered":"Tatiana Schlossberg, nieta de John F. Kennedy, muere a los 35 a\u00f1os tras anunciar que padec\u00eda c\u00e1ncer | Internacional"},"content":{"rendered":"<p class=\"\">La tragedia ha vuelto a golpear a los Kennedy. Tatiana Schlossberg, nieta del presidente estadounidense <a href=\"https:\/\/elpais.com\/noticias\/john-fitzgerald-kennedy\/\" rel=\"nofollow noopener\" title=\"https:\/\/elpais.com\/noticias\/john-fitzgerald-kennedy\/\" target=\"_blank\">John F. Kennedy<\/a>, falleci\u00f3 este martes a los 35 a\u00f1os, seg\u00fan ha informado la familia a trav\u00e9s de sus redes sociales. En noviembre, Schlossberg anunci\u00f3 que padec\u00eda un extra\u00f1o tipo de c\u00e1ncer de sangre y que los m\u00e9dicos le daban menos de un a\u00f1o de vida. Era hija del artista Edwin Schlossberg y de la diplom\u00e1tica Caroline Kennedy, primog\u00e9nita del expresidente estadounidense.<\/p>\n<p class=\"\">Periodista especializada en temas de medio ambiente y madre de dos hijos, una beb\u00e9 reci\u00e9n nacida y otro ni\u00f1o de dos a\u00f1os, dio a conocer que sufr\u00eda una leucemia especialmente agresiva en un extenso y desgarrador ensayo publicado en la revista The New Yorker, donde tambi\u00e9n lanz\u00f3 una amarga cr\u00edtica contra las pol\u00edticas sanitarias puestas en marcha por su primo, el secretario de Salud estadounidense <a href=\"https:\/\/elpais.com\/noticias\/robert-kennedy\/\" rel=\"nofollow noopener\" title=\"https:\/\/elpais.com\/noticias\/robert-kennedy\/\" target=\"_blank\">Robert F. Kennedy<\/a>, en la Administraci\u00f3n de Donald Trump. Schlossberg carg\u00f3 duramente contra su primo por su rechazo a la investigaci\u00f3n m\u00e9dica y a las vacunas financiadas por el Gobierno.<\/p>\n<p class=\"\">El art\u00edculo gener\u00f3 una ola de solidaridad por su valent\u00eda al anunciar su enfermedad y compartir los detalles de su lucha. Seg\u00fan relat\u00f3 en la tribuna titulada Una batalla con mi sangre, los m\u00e9dicos descubrieron su enfermedad cuando dio a luz a su hija peque\u00f1a en mayo del a\u00f1o pasado y observaron, en un an\u00e1lisis de sangre, que su n\u00famero de c\u00e9lulas blancas era anormalmente alto. \u201cPodr\u00eda ser algo relacionado con el embarazo y el parto, o podr\u00eda ser leucemia\u201d, le dijo el m\u00e9dico, seg\u00fan el relato del art\u00edculo firmado por ella hace un mes.<\/p>\n<p class=\"\">A la nieta de Kennedy le cost\u00f3 asumir la enfermedad. Hac\u00eda ejercicio, corr\u00eda regularmente entre ocho y diecis\u00e9is kil\u00f3metros en Central Park, ten\u00eda una vida sana y se cuidaba.<\/p>\n<p class=\"\">Schlossberg describi\u00f3 minuciosamente los tratamientos, convencionales y experimentales, a los que se vio sometida desde entonces para intentar su curaci\u00f3n: dos trasplantes de c\u00e9lulas madre de m\u00e9dula espinal, largas sesiones de quimioterapia, e inmunoterapia, entre ellos.<\/p>\n<p class=\"\">Con ciertas dosis de humor, Schlossberg narr\u00f3 tambi\u00e9n los efectos secundarios del tratamiento y la ayuda que recibi\u00f3 de m\u00e9dicos \u2014su marido lo es\u2014, enfermeras y familiares en aquellos d\u00edas. Entre ellos, su hermano Jack, que recientemente <a href=\"https:\/\/elpais.com\/gente\/2025-09-07\/jack-schlossberg-un-rebelde-con-causa-entre-los-kennedy-trump-esta-obsesionado-con-mis-abuelos.html\" rel=\"nofollow noopener\" title=\"https:\/\/elpais.com\/gente\/2025-09-07\/jack-schlossberg-un-rebelde-con-causa-entre-los-kennedy-trump-esta-obsesionado-con-mis-abuelos.html\" target=\"_blank\">anunci\u00f3 su candidatura para un esca\u00f1o<\/a> en el Congreso de EE UU. <\/p>\n<p class=\"\">La hija de Caroline Kennedy, la \u00fanica hija viva de JFK, describi\u00f3 con crudeza su lucha contra la enfermedad. En el relato detall\u00f3 c\u00f3mo se esperanz\u00f3 al recibir un trasplante de c\u00e9lulas madre de su hermana mayor, Rose Schlossberg. Su hermano Jack tambi\u00e9n intent\u00f3 prestarle sus c\u00e9lulas, pero no era 100% compatible y los m\u00e9dicos rechazaron la donaci\u00f3n. Pero durante estos meses se mantuvo cerca de su hermana. Cuando a Tatiana se le cay\u00f3 el pelo por el tratamiento de quimioterapia, Jack se afeit\u00f3 la cabeza en solidaridad.<\/p>\n<p class=\"\">Tatiana Celia Kennedy Schlossberg, como se llamaba oficialmente, naci\u00f3 el 5 de mayo de 1990 en Manhattan. Estudi\u00f3 en la Brearley School y en la Trinity School, algunas de las escuelas privadas m\u00e1s elitistas de la ciudad. <\/p>\n<p class=\"\">Su madre, Caroline Kennedy, es abogada, escritora, abogada y diplom\u00e1tica. Fue embajadora de Jap\u00f3n, durante el Gobierno de Barack Obama; y en Australia, bajo el mandato de Joe Biden. Se esforz\u00f3 por mantener a sus tres hijos alejados del foco medi\u00e1tico de su familia, pero les brind\u00f3 una educaci\u00f3n exclusiva.<\/p>\n<p class=\"\">Tatiana se gradu\u00f3 en historia en Yale y Oxford antes de iniciar su carrera period\u00edstica en el diario Record de Nueva Jersey, cubriendo sucesos y asuntos locales. Se incorpor\u00f3 a The New York Times en 2014 como becaria. Ejerci\u00f3 como redactora de la secci\u00f3n de local antes de pasar a ciencia, donde trabaj\u00f3 como periodista ambiental. Escribi\u00f3 sobre historias con implicaciones pol\u00edticas y que le permit\u00edan involucrarse en la historia. <\/p>\n<p class=\"\">Ten\u00eda una gran conciencia sobre el cambio clim\u00e1tico y lleg\u00f3 a escribir un libro titulado Consumo Discreto: El Impacto Ambiental que No Sab\u00edas que Ten\u00edas, una especie de gu\u00eda para el consumidor sobre c\u00f3mo el comportamiento humano afecta negativamente al clima. Ahora estaba preparando otro ensayo para su segundo libro, centrado en el cambio clim\u00e1tico y los oc\u00e9anos.<\/p>\n","protected":false},"excerpt":{"rendered":"La tragedia ha vuelto a golpear a los Kennedy. Tatiana Schlossberg, nieta del presidente estadounidense John F. Kennedy,&hellip;\n","protected":false},"author":2,"featured_media":252266,"comment_status":"","ping_status":"","sticky":false,"template":"","format":"standard","meta":{"footnotes":""},"categories":[42],"tags":[17,18,629,13,14,11,61,62,63,64,35463,19,20,9,2556,10,15,16,12,21,22,65,66,67],"class_list":{"0":"post-314675","1":"post","2":"type-post","3":"status-publish","4":"format-standard","5":"has-post-thumbnail","7":"category-internacional","8":"tag-breaking-news","9":"tag-breakingnews","10":"tag-estados-unidos","11":"tag-featured-news","12":"tag-featurednews","13":"tag-headlines","14":"tag-internacional","15":"tag-international","16":"tag-international-news","17":"tag-internationalnews","18":"tag-john-fitzgerald-kennedy","19":"tag-latest-news","20":"tag-latestnews","21":"tag-news","22":"tag-norteamerica","23":"tag-noticias","24":"tag-noticias-destacadas","25":"tag-noticiasdestacadas","26":"tag-titulares","27":"tag-ultimas-noticias","28":"tag-ultimasnoticias","29":"tag-world","30":"tag-world-news","31":"tag-worldnews"},"share_on_mastodon":{"url":"https:\/\/pubeurope.com\/@es\/115811073569444898","error":""},"_links":{"self":[{"href":"https:\/\/www.europesays.com\/es\/wp-json\/wp\/v2\/posts\/314675","targetHints":{"allow":["GET"]}}],"collection":[{"href":"https:\/\/www.europesays.com\/es\/wp-json\/wp\/v2\/posts"}],"about":[{"href":"https:\/\/www.europesays.com\/es\/wp-json\/wp\/v2\/types\/post"}],"author":[{"embeddable":true,"href":"https:\/\/www.europesays.com\/es\/wp-json\/wp\/v2\/users\/2"}],"replies":[{"embeddable":true,"href":"https:\/\/www.europesays.com\/es\/wp-json\/wp\/v2\/comments?post=314675"}],"version-history":[{"count":0,"href":"https:\/\/www.europesays.com\/es\/wp-json\/wp\/v2\/posts\/314675\/revisions"}],"wp:featuredmedia":[{"embeddable":true,"href":"https:\/\/www.europesays.com\/es\/wp-json\/wp\/v2\/media\/252266"}],"wp:attachment":[{"href":"https:\/\/www.europesays.com\/es\/wp-json\/wp\/v2\/media?parent=314675"}],"wp:term":[{"taxonomy":"category","embeddable":true,"href":"https:\/\/www.europesays.com\/es\/wp-json\/wp\/v2\/categories?post=314675"},{"taxonomy":"post_tag","embeddable":true,"href":"https:\/\/www.europesays.com\/es\/wp-json\/wp\/v2\/tags?post=314675"}],"curies":[{"name":"wp","href":"https:\/\/api.w.org\/{rel}","templated":true}]}}