{"id":314688,"date":"2025-12-30T23:30:17","date_gmt":"2025-12-30T23:30:17","guid":{"rendered":"https:\/\/www.europesays.com\/es\/314688\/"},"modified":"2025-12-30T23:30:17","modified_gmt":"2025-12-30T23:30:17","slug":"angelina-jolie-pone-tierra-de-por-medio-y-deja-los-angeles-en-el-aniversario-de-su-divorcio-con-brad-pitt","status":"publish","type":"post","link":"https:\/\/www.europesays.com\/es\/314688\/","title":{"rendered":"Angelina Jolie pone tierra de por medio y deja Los \u00c1ngeles en el aniversario de su divorcio con Brad Pitt"},"content":{"rendered":"<p id=\"epdAcGjo4B\" data-wc=\"87\">A\u00f1o nuevo, vida nueva: ese es el lema de Angelina Jolie para 2026. Tras doce meses muy, pero que muy, ajetreados \u2014entre rodajes, estrenos, y un d\u00eda a d\u00eda de lo m\u00e1s fren\u00e9tico\u2014, <a class=\"hm-link ho-link\" href=\"https:\/\/www.hola.com\/actualidad\/20251219873903\/los-mensajes-privados-que-podrian-alterar-el-pulso-legal-entre-brad-pitt-y-angelina-jolie\/\" data-mrf-recirculation=\"article-body-link\" rel=\"nofollow noopener\" target=\"_blank\">la actriz manifiesta un pr\u00f3ximo a\u00f1o repleto de tranquilidad<\/a>, el cual podr\u00eda llegar con un cambio de aires. La int\u00e9rprete, que actualmente vive en Los \u00c1ngeles, estar\u00eda pensando mover su residencia lejos de la ciudad californiana, preparada para comenzar un nuevo cap\u00edtulo de su vida lejos de los malos recuerdos que alberga la localidad.\u00a0<\/p>\n<p> <img src=\"https:\/\/www.europesays.com\/es\/wp-content\/uploads\/2025\/12\/8ef3f36d8871-gettyimages-2236094930.jpg\"   width=\"1024\" height=\"723\" loading=\"lazy\" decoding=\"async\" alt=\"Angelina Jolie apuesta por un vestido negro minimalista en su primera alfombra roja del festival de San Sebasti\u00e1n\" fetchpriority=\"auto\" class=\"image ho-image\"\/>\u00a9 Getty Images<\/p>\n<p id=\"eI1jkdy_pQ\" data-wc=\"89\">Hace cuatro meses, una fuente del c\u00edrculo m\u00e1s \u00edntimo de la actriz le confirmaba a People que Angelina <a class=\"hm-link ho-link\" href=\"https:\/\/www.hola.com\/actualidad\/20251010860932\/angelina-jolie-detalles-divorcio-brad-pitt\/\" data-mrf-recirculation=\"article-body-link\" rel=\"nofollow noopener\" target=\"_blank\">estaba plante\u00e1ndose poner a la venta su espectacular mansi\u00f3n de Los \u00c1ngeles<\/a>, a la que le habr\u00edan salido un par de pretendientes tras poco tiempo en el mercado inmobiliario. \u201cEs una obra maestra hist\u00f3rica y realmente una propiedad hermosa\u201d, detallan las fuentes. Ahora, el entorno cercano de la int\u00e9rprete vuelve a dar m\u00e1s detalles de la posible mudanza de la protagonista de grandes filmes como Lara Croft: Tomb Raider o Gia.\u00a0<\/p>\n<p> <img src=\"https:\/\/www.europesays.com\/es\/wp-content\/uploads\/2025\/12\/95175b19db5a-gettyimages-2241829994.jpg\"   width=\"682\" height=\"1024\" loading=\"lazy\" decoding=\"async\" alt=\"Angelina Jolie\" fetchpriority=\"auto\" class=\"image ho-image\"\/>\u00a9 Getty Images<\/p>\n<p id=\"eZwQWhFTG54\" data-wc=\"66\">\u00abElla est\u00e1 lista para una vida que no se centre en Los \u00c1ngelas\u00bb, confirman al medio anglosaj\u00f3n, indicando que este pr\u00f3ximo a\u00f1o es el ideal para un cambio de aires porque \u00abtiene muchos proyectos que la entusiasman y se siente bien\u00bb. Adem\u00e1s, explican que la ganadora del Oscar por su papel en Girl, Interrupted. \u00abEst\u00e1 deseando que llegue 2026, y la flexibilidad que tendr\u00e1 entonces\u00bb, subrayan.\u00a0<\/p>\n<p>El principal motivo<\/p>\n<p id=\"edZu107zYf\" data-wc=\"80\">Este 30 de diciembre se cumple un a\u00f1o del acuerdo de divorcio entre Angelina Jolie y su ex marido (y padre de sus hijos), Brad Pitt, tras una extensa y compleja batalla legal de ocho a\u00f1os \u2014la cual podr\u00eda verse reavivada tras el surgimiento de unos mensajes privados entre ambos\u2014. Su relaci\u00f3n con el tambi\u00e9n actor, a quien conoci\u00f3 durante el rodaje de Mr. &amp; Mrs. Smith, es una de las razones por las que todav\u00eda no se ha mudado.\u00a0<\/p>\n<p> <img src=\"https:\/\/www.europesays.com\/es\/wp-content\/uploads\/2025\/12\/1bcfbbd15711-gettyimages-2217886185.jpg\"   width=\"1024\" height=\"911\" loading=\"lazy\" decoding=\"async\" alt=\"Angelina Jolie y Brad Pitt\" fetchpriority=\"auto\" class=\"image ho-image\"\/>\u00a9 Getty Images<\/p>\n<p id=\"e5pkpZTfHfC\" data-wc=\"68\">Desde su entorno m\u00e1s cercano aseguran que <a class=\"hm-link ho-link\" href=\"https:\/\/www.hola.com\/actualidad\/20251216873308\/angelina-jolie-muestra-por-primera-vez-las-huellas-de-su-mastectomia-comparto-las-cicatrices-con-muchas-mujeres-que-quiero\/\" data-mrf-recirculation=\"article-body-link\" rel=\"nofollow noopener\" target=\"_blank\">Angelina \u00abnunca quiso vivir en Los \u00c1ngeles a tiempo completo\u00bb<\/a>, prefiriendo pasar cortas temporadas cuando su trabajo lo exigiese, pero que \u00abno tuvo otra opci\u00f3n debido al acuerdo de custodia con Brad\u00bb. La propia actriz se lo confirmaba al tabloide The Hollywood Reporter el a\u00f1o pasado, asegurando que segu\u00eda en la ciudad californiana \u00abporque tengo que estar aqu\u00ed despu\u00e9s del divorcio\u00bb.\u00a0<\/p>\n<p>Sus hijos, el punto de partida<\/p>\n<p id=\"eEc7hnVPmTY\" data-wc=\"103\">Angelina y Brad comparten seis hijos, quienes son todo para la actriz: Maddox (24 a\u00f1os), Pax (22 a\u00f1os), Zahara (20 a\u00f1os), Zahara (20 a\u00f1os), Siloh (19 a\u00f1os), y los gemelos Knox y Vivienne (17 a\u00f1os). Estos \u00faltimos, los m\u00e1s peque\u00f1os, son otro de los motivos por el que a\u00fan no ha tomado la decisi\u00f3n de dejar atr\u00e1s Los \u00c1ngeles. \u00abPlanea mudarse en cuanto Knox y Viv cumplan 18 a\u00f1os el pr\u00f3ximo a\u00f1o\u00bb, indican desde su c\u00edrculo m\u00e1s \u00edntimo, subrayando que, cuando esto ocurra \u2014el 12 de julio\u2014, la que fuera Bonny Castle en la ficci\u00f3n ver\u00e1 cada vez m\u00e1s factible cumplir su deseo.\u00a0<\/p>\n<p> <img src=\"https:\/\/www.europesays.com\/es\/wp-content\/uploads\/2025\/12\/f85a54eff071-gettyimages-2185320821.jpg\"   width=\"682\" height=\"1024\" loading=\"lazy\" decoding=\"async\" alt=\"Angelina Jolie abre su casa tras los incendios\" fetchpriority=\"auto\" class=\"image ho-image\"\/>\u00a9 Getty ImagesAngelina junto a su hijo peque\u00f1o, Knox<\/p>\n<p> <img src=\"https:\/\/www.europesays.com\/es\/wp-content\/uploads\/2025\/12\/7271d8b2cb87-gettyimages-1348669842.jpg\"   width=\"1024\" height=\"683\" loading=\"lazy\" decoding=\"async\" alt=\"La int\u00e9rprete y su hija Siloh\" fetchpriority=\"auto\" class=\"image ho-image\"\/>\u00a9 Getty ImagesLa int\u00e9rprete y su hija Siloh<\/p>\n<p id=\"eoubo0dwpF\" data-wc=\"102\">Si bien no han dado detalles sobre el destino con m\u00e1s papeletas para que Angelina rehaga su vida (junto a sus hijos), su entorno indica que \u00abest\u00e1 considerando varios destinos en el extranjero\u00bb. \u00abEstar\u00e1 muy feliz cuando pueda salir de Los \u00c1ngeles\u00bb, reiteran. Muchos de los movimientos de la actriz parecen indicar que Camboya, donde adopt\u00f3 a su primog\u00e9nito, podr\u00eda ser el lugar definitivo donde marcharse tras dejar Estados Unidos. Tal y como confes\u00f3 durante el Festival Internacional de Cine de Santa B\u00e1rbara, el pasado mes de febrero, el pa\u00eds asi\u00e1tico es el \u00fanico lugar \u00aben mi coraz\u00f3n\u00bb que considera su hogar.\u00a0<\/p>\n<p>En b\u00fasqueda de privacidad<\/p>\n<p id=\"eeweOvCsl5\" data-wc=\"88\">Angelina conoce a la perfecci\u00f3n lo que la presi\u00f3n medi\u00e1tica puede provocar, ya que es una de las figuras indispensables de Hollywood y del cine contempor\u00e1neo. Es por eso que <a class=\"hm-link ho-link\" href=\"https:\/\/www.hola.com\/us-es\/celebrities\/20251010860950\/angelina-jolie-brad-pitt-divorcio-bodega-chateau-miraval\/\" data-mrf-recirculation=\"article-body-link\" rel=\"nofollow noopener\" target=\"_blank\">la actriz siempre se ha mostrado esc\u00e9ptica cuando se traspasaban los l\u00edmites de la privacidad<\/a> de sus hijos, una de sus mayores preocupaciones. \u00abNinguno de mis hijos quiere estar frente a la c\u00e1mara en este momento. Son muy reservados\u00bb, explicaba durante una entrevista en el famos\u00edsimo programa Good Morning America, indicando que, por ejemplo \u00abSiloh es extremadamente reservada\u00bb.\u00a0<\/p>\n<p> <img src=\"https:\/\/www.europesays.com\/es\/wp-content\/uploads\/2025\/12\/8b2f48f1c9a8-gettyimages-2192559058.jpg\"   width=\"682\" height=\"1024\" loading=\"lazy\" decoding=\"async\" alt=\"Angelina Jolie y su hija Zahara\" fetchpriority=\"auto\" class=\"image ho-image\"\/>\u00a9 Getty ImagesAngelina y su hija Zahara<\/p>\n<p> <img src=\"https:\/\/www.europesays.com\/es\/wp-content\/uploads\/2025\/12\/d7587f9d3bd3-gettyimages-1252218742.jpg\"   width=\"1024\" height=\"682\" loading=\"lazy\" decoding=\"async\" alt=\"Angelina Jolie y su hijo Maddox en 2023\" fetchpriority=\"auto\" class=\"image ho-image\"\/>\u00a9 Getty ImagesLa actriz junto a Maddox<\/p>\n<p id=\"etldBWki1CW\" data-wc=\"52\">\u00abNo nacieron con privacidad, \u00bfsabes? As\u00ed que espero que puedan tenerla cuando crezcan. Ya veremos\u00bb, finalizaba en ese momento la actriz. Estas declaraciones son una muestra m\u00e1s de la necesidad de Angelina Jolie por ese cambio de aires que prometa tranquilidad a toda su familia, la cual Los \u00c1ngeles no puede ofrecerle.\u00a0<\/p>\n<p> <img src=\"https:\/\/www.europesays.com\/es\/wp-content\/uploads\/2025\/12\/ca268ddc5923-gettyimages-131901269.jpg\"   width=\"1024\" height=\"745\" loading=\"lazy\" decoding=\"async\" alt=\"Brad Pitt y Angelina Jolie con sus hijos en 2011\" fetchpriority=\"auto\" class=\"image ho-image\"\/>\u00a9 Getty Images<\/p>\n<p id=\"eyDvfqEYrGw\" data-wc=\"63\">\u00abCuando tienes una familia numerosa, quieres que tengan privacidad, paz y seguridad\u00bb, confesaba en otra ocasi\u00f3n, subrayando que, si bien \u00abahora tengo una casa para criar a mis hijos\u00bb, muchas veces \u00abeste lugar puede ser&#8230;\u00bb. Indicando, de nuevo, que su lugar ideal est\u00e1 muy alejado de Estados Unidos: \u00abEsa humanidad que encontr\u00e9 al otro lado del mundo no es la que encontr\u00e9 aqu\u00ed\u00bb.<\/p>\n","protected":false},"excerpt":{"rendered":"A\u00f1o nuevo, vida nueva: ese es el lema de Angelina Jolie para 2026. Tras doce meses muy, pero&hellip;\n","protected":false},"author":2,"featured_media":314689,"comment_status":"","ping_status":"","sticky":false,"template":"","format":"standard","meta":{"footnotes":""},"categories":[174],"tags":[517,20128,255,146,147,25,24,256,23],"class_list":{"0":"post-314688","1":"post","2":"type-post","3":"status-publish","4":"format-standard","5":"has-post-thumbnail","7":"category-famosos","8":"tag-actualidad","9":"tag-angelina-jolie","10":"tag-celebrities","11":"tag-entertainment","12":"tag-entretenimiento","13":"tag-es","14":"tag-espana","15":"tag-famosos","16":"tag-spain"},"share_on_mastodon":{"url":"https:\/\/pubeurope.com\/@es\/115811124863319025","error":""},"_links":{"self":[{"href":"https:\/\/www.europesays.com\/es\/wp-json\/wp\/v2\/posts\/314688","targetHints":{"allow":["GET"]}}],"collection":[{"href":"https:\/\/www.europesays.com\/es\/wp-json\/wp\/v2\/posts"}],"about":[{"href":"https:\/\/www.europesays.com\/es\/wp-json\/wp\/v2\/types\/post"}],"author":[{"embeddable":true,"href":"https:\/\/www.europesays.com\/es\/wp-json\/wp\/v2\/users\/2"}],"replies":[{"embeddable":true,"href":"https:\/\/www.europesays.com\/es\/wp-json\/wp\/v2\/comments?post=314688"}],"version-history":[{"count":0,"href":"https:\/\/www.europesays.com\/es\/wp-json\/wp\/v2\/posts\/314688\/revisions"}],"wp:featuredmedia":[{"embeddable":true,"href":"https:\/\/www.europesays.com\/es\/wp-json\/wp\/v2\/media\/314689"}],"wp:attachment":[{"href":"https:\/\/www.europesays.com\/es\/wp-json\/wp\/v2\/media?parent=314688"}],"wp:term":[{"taxonomy":"category","embeddable":true,"href":"https:\/\/www.europesays.com\/es\/wp-json\/wp\/v2\/categories?post=314688"},{"taxonomy":"post_tag","embeddable":true,"href":"https:\/\/www.europesays.com\/es\/wp-json\/wp\/v2\/tags?post=314688"}],"curies":[{"name":"wp","href":"https:\/\/api.w.org\/{rel}","templated":true}]}}