{"id":314793,"date":"2025-12-31T00:50:10","date_gmt":"2025-12-31T00:50:10","guid":{"rendered":"https:\/\/www.europesays.com\/es\/314793\/"},"modified":"2025-12-31T00:50:10","modified_gmt":"2025-12-31T00:50:10","slug":"muere-a-los-35-anos-tatiana-schlossberg-nieta-de-john-f-kennedy-un-mes-despues-de-anunciar-que-tenia-cancer-terminal","status":"publish","type":"post","link":"https:\/\/www.europesays.com\/es\/314793\/","title":{"rendered":"Muere a los 35 a\u00f1os Tatiana Schlossberg, nieta de John F. Kennedy, un mes despu\u00e9s de anunciar que ten\u00eda c\u00e1ncer terminal"},"content":{"rendered":"<p><img fetchpriority=\"high\" decoding=\"async\" src=\"https:\/\/www.europesays.com\/es\/wp-content\/uploads\/2025\/12\/a9898650-e5e1-11f0-956e-47166c96f12f.jpg.webp.webp\"   alt=\"Tatiana Schlossberg sonr\u00ede en la presentaci\u00f3n de uno de sus libros\" loading=\"eager\" width=\"867\" height=\"488\" style=\"aspect-ratio:867 \/ 488\" class=\"css-1seqhu9\"\/><\/p>\n<p class=\"css-by8ykd\" role=\"text\">Fuente de la imagen, Getty Images<\/p>\n<p><strong id=\"article-byline\" aria-hidden=\"true\" class=\"css-2ozlq5\">Informaci\u00f3n del art\u00edculo<\/strong><\/p>\n<ul class=\"css-1dlgp3z\">\n<li class=\"css-1s1df59\">\n<ul role=\"list\" class=\"css-z50d25\">\n<li class=\"css-0\">Autor, Redacci\u00f3n<\/li>\n<li class=\"css-k1irjw\">T\u00edtulo del autor,  BBC News Mundo<\/li>\n<\/ul>\n<\/li>\n<li>\n<p>4 horas<\/p>\n<\/li>\n<li>\n<p>Tiempo de lectura: 3 min<\/p>\n<\/li>\n<\/ul>\n<p dir=\"ltr\" class=\"css-s4cjt0 e1yuyadm0\"><b>Tatiana Schlossberg, periodista especializada en asuntos clim\u00e1ticos y nieta del expresidente estadounidense John F. Kennedy, falleci\u00f3 a los 35 a\u00f1os.<\/b><\/p>\n<p dir=\"ltr\" class=\"css-s4cjt0 e1yuyadm0\">La familia de la joven anunci\u00f3 su muerte este martes en una publicaci\u00f3n en redes sociales compartida por la Fundaci\u00f3n Biblioteca John F. Kennedy.<\/p>\n<p dir=\"ltr\" class=\"css-s4cjt0 e1yuyadm0\">\u00abNuestra querida Tatiana falleci\u00f3 esta ma\u00f1ana. Siempre estar\u00e1 en nuestros corazones\u00bb, publicaron.<\/p>\n<p dir=\"ltr\" class=\"css-s4cjt0 e1yuyadm0\">Schlossberg anunci\u00f3 en noviembre que padec\u00eda un tipo de c\u00e1ncer agresivo y revel\u00f3 que los doctores le pronosticaban menos de un a\u00f1o de vida.<\/p>\n<p dir=\"ltr\" class=\"css-s4cjt0 e1yuyadm0\">Como periodista especializada en temas clim\u00e1ticos, fue una f\u00e9rrea cr\u00edtica de su pariente Robert F Kennedy Jr por sus posturas como secretario de Salud en el gobierno de Donald Trump.<\/p>\n<p dir=\"ltr\" class=\"css-s4cjt0 e1yuyadm0\">Schlossberg era hija del dise\u00f1ador Edwin Schlossberg y la diplom\u00e1tica Caroline Kennedy. Era nieta de John F. Kennedy, el 35\u00ba presidente de EE.UU., y su esposa Jacqueline Kennedy Onassis.<\/p>\n<p dir=\"ltr\" class=\"css-s4cjt0 e1yuyadm0\">La fallecida deja dos hijos: un var\u00f3n nacido en 2022 y una ni\u00f1a en 2024.<\/p>\n<p>Otra tragedia familiar<\/p>\n<p dir=\"ltr\" class=\"css-s4cjt0 e1yuyadm0\">En un ensayo titulado \u00abUna batalla con mi sangre\u00bb, que escribi\u00f3 poco m\u00e1s de un mes antes de su muerte, Schlossberg explic\u00f3 que fue diagnosticada de leucemia mieloide aguda despu\u00e9s de dar a luz por segunda vez en mayo de 2024.<\/p>\n<p dir=\"ltr\" class=\"css-s4cjt0 e1yuyadm0\">\u00abMi primer pensamiento fue que mis hijos, cuyas caras veo constantemente en mi mente, no me recordar\u00e1n\u00bb, escribi\u00f3.<\/p>\n<p><img decoding=\"async\" src=\"https:\/\/www.europesays.com\/es\/wp-content\/uploads\/2025\/12\/7a59ae50-e5be-11f0-b886-23af5d5824af.jpg.webp.webp\"   alt=\"Tatiana Schlossberg con un micr\u00f3fono en la mano\" loading=\"lazy\" width=\"683\" height=\"456\" style=\"aspect-ratio:683 \/ 456\" class=\"css-1seqhu9\"\/><\/p>\n<p class=\"css-by8ykd\" role=\"text\">Fuente de la imagen, Getty Images<\/p>\n<p>Pie de foto, Cuando conoci\u00f3 la irreversibilidad de su c\u00e1ncer, Schlossberg public\u00f3 un ensayo con sus reflexiones m\u00e1s \u00edntimas.<\/p>\n<p dir=\"ltr\" class=\"css-s4cjt0 e1yuyadm0\">Explic\u00f3 entonces que, a pesar del tratamiento, que incluy\u00f3 un trasplante de m\u00e9dula \u00f3sea y quimioterapia, los m\u00e9dicos le comunicaron que sus perspectivas no eran buenas.<\/p>\n<p dir=\"ltr\" class=\"css-s4cjt0 e1yuyadm0\">Tambi\u00e9n escribi\u00f3 sobre el dolor que tem\u00eda que su muerte causara a su familia, que ya ha sufrido m\u00faltiples tragedias personales. <\/p>\n<p dir=\"ltr\" class=\"css-s4cjt0 e1yuyadm0\">Su abuelo, el presidente Kennedy, fue asesinado en 1963 y su t\u00edo, John F. Kennedy Jr., muri\u00f3 en 1999 a los 38 a\u00f1os en un accidente de avioneta.<\/p>\n<p dir=\"ltr\" class=\"css-s4cjt0 e1yuyadm0\">\u00abDurante toda mi vida he intentado ser buena, ser una buena estudiante, una buena hermana y una buena hija, y proteger a mi madre y nunca disgustarla ni enfadarla\u00bb, escribi\u00f3 Schlossberg.<\/p>\n<p dir=\"ltr\" class=\"css-s4cjt0 e1yuyadm0\">\u00abAhora he a\u00f1adido una nueva tragedia a su vida, a la vida de nuestra familia, y no hay nada que pueda hacer para evitarlo\u00bb, sentenci\u00f3.<\/p>\n<p dir=\"ltr\" class=\"css-s4cjt0 e1yuyadm0\">Tambi\u00e9n habl\u00f3 de su estilo de vida saludable, que inclu\u00eda correr, esquiar e incluso una vez nadar en el r\u00edo Hudson de Nueva York, algo que hizo \u00abpara recaudar fondos para la Sociedad de Lucha contra la Leucemia y Linfoma\u00bb antes de conocer su enfermedad.<\/p>\n<p dir=\"ltr\" class=\"css-s4cjt0 e1yuyadm0\">A comienzos de noviembre su hermano, Jack Schlossberg, anunci\u00f3 sus planes de presentarse al Congreso en representaci\u00f3n del estado de Nueva York.<\/p>\n<p dir=\"ltr\" class=\"css-s4cjt0 e1yuyadm0\">La participaci\u00f3n de la familia Kennedy en la pol\u00edtica de EE.UU. a lo largo de generaciones -junto con las tragedias personales que a menudo han afectado a sus miembros- le ha valido una destacada reputaci\u00f3n en la conciencia colectiva estadounidense.<\/p>\n<p><img decoding=\"async\" src=\"https:\/\/www.europesays.com\/es\/wp-content\/uploads\/2025\/12\/26f65470-e5be-11f0-b886-23af5d5824af.jpg.webp.webp\"   alt=\"Un primer plano de Tatiana Schlossberg con el cabello largo y un top rojo\" loading=\"lazy\" width=\"746\" height=\"420\" style=\"aspect-ratio:746 \/ 420\" class=\"css-1seqhu9\"\/><\/p>\n<p class=\"css-by8ykd\" role=\"text\">Fuente de la imagen, Getty Images<\/p>\n<p><img decoding=\"async\" src=\"https:\/\/www.europesays.com\/es\/wp-content\/uploads\/2025\/12\/a7c4ec50-2f5d-11f0-b26b-ab62c890638b.png.webp.webp\"   alt=\"&quot;&quot;\" loading=\"lazy\" width=\"800\" height=\"100\" style=\"aspect-ratio:800 \/ 100\" class=\"css-1seqhu9\"\/><\/p>\n<p dir=\"ltr\" class=\"css-s4cjt0 e1yuyadm0\"><a href=\"https:\/\/www.bbc.com\/mundo\/send\/u184973209\" class=\"focusIndicatorReducedWidth css-n8oauk e1h2ur550\" rel=\"nofollow noopener\" target=\"_blank\">Suscr\u00edbete aqu\u00ed<\/a> a nuestro nuevo newsletter para recibir cada viernes una selecci\u00f3n de nuestro mejor contenido de la semana.<\/p>\n<p dir=\"ltr\" class=\"css-s4cjt0 e1yuyadm0\">Y recuerda que puedes recibir notificaciones en nuestra app. Descarga la \u00faltima versi\u00f3n y act\u00edvalas.<\/p>\n","protected":false},"excerpt":{"rendered":"Fuente de la imagen, Getty Images Informaci\u00f3n del art\u00edculo Autor, Redacci\u00f3n T\u00edtulo del autor, BBC News Mundo 4&hellip;\n","protected":false},"author":2,"featured_media":314794,"comment_status":"","ping_status":"","sticky":false,"template":"","format":"standard","meta":{"footnotes":""},"categories":[42],"tags":[17,18,13,14,11,61,62,63,64,19,20,9,10,15,16,12,21,22,65,66,67],"class_list":{"0":"post-314793","1":"post","2":"type-post","3":"status-publish","4":"format-standard","5":"has-post-thumbnail","7":"category-internacional","8":"tag-breaking-news","9":"tag-breakingnews","10":"tag-featured-news","11":"tag-featurednews","12":"tag-headlines","13":"tag-internacional","14":"tag-international","15":"tag-international-news","16":"tag-internationalnews","17":"tag-latest-news","18":"tag-latestnews","19":"tag-news","20":"tag-noticias","21":"tag-noticias-destacadas","22":"tag-noticiasdestacadas","23":"tag-titulares","24":"tag-ultimas-noticias","25":"tag-ultimasnoticias","26":"tag-world","27":"tag-world-news","28":"tag-worldnews"},"share_on_mastodon":{"url":"https:\/\/pubeurope.com\/@es\/115811439353918831","error":""},"_links":{"self":[{"href":"https:\/\/www.europesays.com\/es\/wp-json\/wp\/v2\/posts\/314793","targetHints":{"allow":["GET"]}}],"collection":[{"href":"https:\/\/www.europesays.com\/es\/wp-json\/wp\/v2\/posts"}],"about":[{"href":"https:\/\/www.europesays.com\/es\/wp-json\/wp\/v2\/types\/post"}],"author":[{"embeddable":true,"href":"https:\/\/www.europesays.com\/es\/wp-json\/wp\/v2\/users\/2"}],"replies":[{"embeddable":true,"href":"https:\/\/www.europesays.com\/es\/wp-json\/wp\/v2\/comments?post=314793"}],"version-history":[{"count":0,"href":"https:\/\/www.europesays.com\/es\/wp-json\/wp\/v2\/posts\/314793\/revisions"}],"wp:featuredmedia":[{"embeddable":true,"href":"https:\/\/www.europesays.com\/es\/wp-json\/wp\/v2\/media\/314794"}],"wp:attachment":[{"href":"https:\/\/www.europesays.com\/es\/wp-json\/wp\/v2\/media?parent=314793"}],"wp:term":[{"taxonomy":"category","embeddable":true,"href":"https:\/\/www.europesays.com\/es\/wp-json\/wp\/v2\/categories?post=314793"},{"taxonomy":"post_tag","embeddable":true,"href":"https:\/\/www.europesays.com\/es\/wp-json\/wp\/v2\/tags?post=314793"}],"curies":[{"name":"wp","href":"https:\/\/api.w.org\/{rel}","templated":true}]}}