{"id":314807,"date":"2025-12-31T01:08:12","date_gmt":"2025-12-31T01:08:12","guid":{"rendered":"https:\/\/www.europesays.com\/es\/314807\/"},"modified":"2025-12-31T01:08:12","modified_gmt":"2025-12-31T01:08:12","slug":"premios-moda-2025-conoce-cual-es-el-disco-moda-del-ano-y-todos-los-ganadores-de-las-categorias","status":"publish","type":"post","link":"https:\/\/www.europesays.com\/es\/314807\/","title":{"rendered":"Premios Moda 2025: conoce cu\u00e1l es el Disco Moda del A\u00f1o y todos los ganadores de las categor\u00edas"},"content":{"rendered":"<p>                <img decoding=\"async\" class=\"aiir-c-news-figure__image\" src=\"https:\/\/www.europesays.com\/es\/wp-content\/uploads\/2025\/12\/69531a0ca8e5e.jpg\" alt=\"\"\/><br \/>\n                                    Los Premios Moda 2025 se realiz\u00f3 con gran \u00e9xito. Foto: Instagram<\/p>\n<p class=\"aiir-c-news-article__abstract\">\n            Hoy conocimos al Disco Moda del A\u00f1o 2025 y a todos los ganadores de los Premios Moda 2025.\u00a0\n        <\/p>\n<p>En los <strong>Premios Moda 2025<\/strong> conocimos al <strong>Disco Moda del A\u00f1o <\/strong>y destacamos a los artistas que han marcado tendencia y han conquistado corazones a lo largo del a\u00f1o. Nuestro gran evento se realiz\u00f3 este lunes 29 de diciembre, en \u00e9l se celebr\u00f3 el talento y el esfuerzo de las figuras m\u00e1s influyentes de la industria musical, tanto a nivel nacional como internacional.<\/p>\n<p>Esta n\u00f3mina reafirma el poder de la m\u00fasica para unir culturas y generaciones. Cada uno de estos artistas e influencers ha dejado una huella imborrable en la industria y redes sociales, sus logros son un testimonio de su talento y dedicaci\u00f3n. Aqu\u00ed te presentamos la lista completa de ganadores.\u00a0<\/p>\n<blockquote>\n<p><strong>PUEDES VER:\u00a0<a href=\"https:\/\/www.moda.com.pe\/noticias\/musica\/bizarrap-estreno-la-bzrp-music-sessions-62-66-con-j-balvin-youtube\/\" target=\"_self\" rel=\"nofollow noopener\">Bizarrap estren\u00f3 la \u2018BZRP Music Sessions #62\/66\u2019 con J Balvin<\/a><\/strong><\/p>\n<\/blockquote>\n<p>Disco Moda del A\u00f1o 2025: \u2018DtMF\u2019 de Bad Bunny<\/p>\n<p>La canci\u00f3n<strong> \u2018DtMF\u2019 de Bad Bunny <\/strong>se ha convertido en uno de los \u00e9xitos m\u00e1s destacados del 2025, consolidando al artista como un referente del g\u00e9nero urbano y la m\u00fasica latina a nivel global.<strong> \u2018DtMF\u2019<\/strong> r\u00e1pidamente se posicion\u00f3, generando millones de reproducciones y viralidad en redes sociales.\u00a0<\/p>\n<p>Este tema combina ritmos de plena puertorrique\u00f1a con toques de pop moderno, evocando la nostalgia por los recuerdos y seres queridos, y transmitiendo el arrepentimiento por no haber valorado m\u00e1s ciertos instantes. La canci\u00f3n alcanz\u00f3 gran popularidad al volverse viral en TikTok, donde miles de usuarios compartieron videos y montajes emotivos inspirados en su mensaje.<\/p>\n<p style=\"text-align: center;\"><img decoding=\"async\" alt=\"\" src=\"https:\/\/www.europesays.com\/es\/wp-content\/uploads\/2025\/12\/69531abad8437.jpg\" style=\"\"\/><br \/>(Foto: Facebook)<\/p>\n<blockquote>\n<p><strong>PUEDES VER:\u00a0<a href=\"https:\/\/www.moda.com.pe\/noticias\/musica\/bad-bunny-y-j-balvin-se-reconciliaron-tras-varios-anos-de-distanciamiento-video\/\" target=\"_self\" rel=\"nofollow noopener\">Bad Bunny y J Balvin se reconciliaron tras varios a\u00f1os de distanciamiento\u00a0<\/a><\/strong><\/p>\n<\/blockquote>\n<p>Lista completa de los ganadores de los Premios Moda 2025<\/p>\n<ul>\n<li>Mejor Artista Masculino: Bad Bunny<\/li>\n<li>Mejor Artista Femenina: Karol G<\/li>\n<li>Mejor evento del 2025: Reggaet\u00f3n Lima Festival 6 Edici\u00f3n Halloween<\/li>\n<li>Mejor colaboraci\u00f3n: \u00abLa plena\u00bb W Sound, Be\u00e9le, Westcol &amp; Ovy On The Drums<\/li>\n<li>Mejor nuevo artista: Fuerza Regida<\/li>\n<li>Mejor video: DtMF<\/li>\n<li>Influencer del a\u00f1o nacional: Zully<\/li>\n<li>Influencer del a\u00f1o internacional: Ibai<\/li>\n<li>Streamer del a\u00f1o: Cristorata7<\/li>\n<li>La pareja del a\u00f1o: Isabella Ladera &amp; Hugo Garc\u00eda<\/li>\n<li>Disco Moda del A\u00f1o: &#8216;DtMF&#8217;<\/li>\n<\/ul>\n<p style=\"text-align: center;\"><strong>\u00a1Escucha Radio Moda, te mueve, en vivo en\u00a0<a href=\"https:\/\/www.oigo.com\/moda\/radioenvivo\/\" target=\"_self\" rel=\"nofollow noopener\">OIGO, nuestra app oficial<\/a>\u00a0y ent\u00e9rate de las \u00faltimas noticias de tus artistas favoritos y su m\u00fasica!<\/strong><\/p>\n","protected":false},"excerpt":{"rendered":"Los Premios Moda 2025 se realiz\u00f3 con gran \u00e9xito. Foto: Instagram Hoy conocimos al Disco Moda del A\u00f1o&hellip;\n","protected":false},"author":2,"featured_media":314808,"comment_status":"","ping_status":"","sticky":false,"template":"","format":"standard","meta":{"footnotes":""},"categories":[170],"tags":[73748,73754,146,147,25,73745,24,73751,73752,73753,1023,184,185,73746,73744,73747,17492,3310,73749,73750,23],"class_list":{"0":"post-314807","1":"post","2":"type-post","3":"status-publish","4":"format-standard","5":"has-post-thumbnail","7":"category-musica","8":"tag-el-show-de-carloncho","9":"tag-el-show-de-jonathan","10":"tag-entertainment","11":"tag-entretenimiento","12":"tag-es","13":"tag-escuchar-reggaeton","14":"tag-espana","15":"tag-giani-de-moda","16":"tag-gianina-portugal","17":"tag-jojojonathan","18":"tag-moda","19":"tag-music","20":"tag-musica","21":"tag-musica-de-moda","22":"tag-radio-moda-en-vivo","23":"tag-radio-moda-peru","24":"tag-reggaeton","25":"tag-regueton","26":"tag-roxana-molina","27":"tag-roxanacha","28":"tag-spain"},"share_on_mastodon":{"url":"https:\/\/pubeurope.com\/@es\/115811510308958714","error":""},"_links":{"self":[{"href":"https:\/\/www.europesays.com\/es\/wp-json\/wp\/v2\/posts\/314807","targetHints":{"allow":["GET"]}}],"collection":[{"href":"https:\/\/www.europesays.com\/es\/wp-json\/wp\/v2\/posts"}],"about":[{"href":"https:\/\/www.europesays.com\/es\/wp-json\/wp\/v2\/types\/post"}],"author":[{"embeddable":true,"href":"https:\/\/www.europesays.com\/es\/wp-json\/wp\/v2\/users\/2"}],"replies":[{"embeddable":true,"href":"https:\/\/www.europesays.com\/es\/wp-json\/wp\/v2\/comments?post=314807"}],"version-history":[{"count":0,"href":"https:\/\/www.europesays.com\/es\/wp-json\/wp\/v2\/posts\/314807\/revisions"}],"wp:featuredmedia":[{"embeddable":true,"href":"https:\/\/www.europesays.com\/es\/wp-json\/wp\/v2\/media\/314808"}],"wp:attachment":[{"href":"https:\/\/www.europesays.com\/es\/wp-json\/wp\/v2\/media?parent=314807"}],"wp:term":[{"taxonomy":"category","embeddable":true,"href":"https:\/\/www.europesays.com\/es\/wp-json\/wp\/v2\/categories?post=314807"},{"taxonomy":"post_tag","embeddable":true,"href":"https:\/\/www.europesays.com\/es\/wp-json\/wp\/v2\/tags?post=314807"}],"curies":[{"name":"wp","href":"https:\/\/api.w.org\/{rel}","templated":true}]}}