{"id":314820,"date":"2025-12-31T01:15:08","date_gmt":"2025-12-31T01:15:08","guid":{"rendered":"https:\/\/www.europesays.com\/es\/314820\/"},"modified":"2025-12-31T01:15:08","modified_gmt":"2025-12-31T01:15:08","slug":"mueren-tres-excursionistas-en-el-monte-baldy-la-montana-mas-alta-de-los-angeles","status":"publish","type":"post","link":"https:\/\/www.europesays.com\/es\/314820\/","title":{"rendered":"Mueren tres excursionistas en el Monte Baldy, la monta\u00f1a m\u00e1s alta de Los \u00c1ngeles"},"content":{"rendered":"<p class=\"c-paragraph\">Las autoridades del <b>condado de San Bernardino <\/b>localizaron los cuerpos de tres<a href=\"https:\/\/www.20minutos.es\/deportes\/rescatan-con-vida-cinco-alpinistas-atrapados-por-tragica-avalancha-himalaya-nepali_6664414_0.html\" rel=\"nofollow noopener\" target=\"_blank\"> excursionistas<\/a> en el<b> monte Baldy<\/b>, la monta\u00f1a m\u00e1s alta del Condado de Los \u00c1ngeles, tras una operaci\u00f3n de b\u00fasqueda y rescate que se prolong\u00f3 durante varias horas y se vio dificultada por fuertes vientos, informaron este martes fuentes oficiales.<\/p>\n<p class=\"c-paragraph\">Las autoridades comenzaron la <b>b\u00fasqueda el lunes <\/b>por la ma\u00f1ana tras recibir el aviso para localizar a un joven herido de 19 a\u00f1os, quien presuntamente hab\u00eda ca\u00eddo 500 pies (152 metros) de altura, cerca de Devils Backbone.<\/p>\n<p class=\"c-paragraph\">De acuerdo con el informe, su amigo y su compa\u00f1ero caminaron hasta un \u00e1rea con servicio celular y proporcionaron las <b>coordenadas GPS para ayudar a los rescatistas.<\/b><\/p>\n<p class=\"c-paragraph\">Durante la b\u00fasqueda a\u00e9rea, los<b> agentes localizaron al excursionista herido<\/b> y a otras dos personas en las inmediaciones, cuya identidad no ha sido revelada, aunque los fuertes vientos impidieron completar la operaci\u00f3n de rescate de forma segura.<\/p>\n<p class=\"c-paragraph\">Posteriormente, un m\u00e9dico logr\u00f3 descender hasta el lugar y confirm\u00f3 el fallecimiento de las tres personas, si bien el helic\u00f3ptero no pudo efectuar la evacuaci\u00f3n. Las autoridades informaron de que las labores para recuperar los cuerpos contin\u00faan este martes.<\/p>\n","protected":false},"excerpt":{"rendered":"Las autoridades del condado de San Bernardino localizaron los cuerpos de tres excursionistas en el monte Baldy, la&hellip;\n","protected":false},"author":2,"featured_media":314821,"comment_status":"","ping_status":"","sticky":false,"template":"","format":"standard","meta":{"footnotes":""},"categories":[42],"tags":[5960,517,17,18,629,47408,13,14,11,61,62,63,64,19,20,3691,5161,9,10,15,16,12,21,22,65,66,67],"class_list":{"0":"post-314820","1":"post","2":"type-post","3":"status-publish","4":"format-standard","5":"has-post-thumbnail","7":"category-internacional","8":"tag-accidentes","9":"tag-actualidad","10":"tag-breaking-news","11":"tag-breakingnews","12":"tag-estados-unidos","13":"tag-excursionistas","14":"tag-featured-news","15":"tag-featurednews","16":"tag-headlines","17":"tag-internacional","18":"tag-international","19":"tag-international-news","20":"tag-internationalnews","21":"tag-latest-news","22":"tag-latestnews","23":"tag-los-angeles","24":"tag-muertos","25":"tag-news","26":"tag-noticias","27":"tag-noticias-destacadas","28":"tag-noticiasdestacadas","29":"tag-titulares","30":"tag-ultimas-noticias","31":"tag-ultimasnoticias","32":"tag-world","33":"tag-world-news","34":"tag-worldnews"},"share_on_mastodon":{"url":"https:\/\/pubeurope.com\/@es\/115811537567492962","error":""},"_links":{"self":[{"href":"https:\/\/www.europesays.com\/es\/wp-json\/wp\/v2\/posts\/314820","targetHints":{"allow":["GET"]}}],"collection":[{"href":"https:\/\/www.europesays.com\/es\/wp-json\/wp\/v2\/posts"}],"about":[{"href":"https:\/\/www.europesays.com\/es\/wp-json\/wp\/v2\/types\/post"}],"author":[{"embeddable":true,"href":"https:\/\/www.europesays.com\/es\/wp-json\/wp\/v2\/users\/2"}],"replies":[{"embeddable":true,"href":"https:\/\/www.europesays.com\/es\/wp-json\/wp\/v2\/comments?post=314820"}],"version-history":[{"count":0,"href":"https:\/\/www.europesays.com\/es\/wp-json\/wp\/v2\/posts\/314820\/revisions"}],"wp:featuredmedia":[{"embeddable":true,"href":"https:\/\/www.europesays.com\/es\/wp-json\/wp\/v2\/media\/314821"}],"wp:attachment":[{"href":"https:\/\/www.europesays.com\/es\/wp-json\/wp\/v2\/media?parent=314820"}],"wp:term":[{"taxonomy":"category","embeddable":true,"href":"https:\/\/www.europesays.com\/es\/wp-json\/wp\/v2\/categories?post=314820"},{"taxonomy":"post_tag","embeddable":true,"href":"https:\/\/www.europesays.com\/es\/wp-json\/wp\/v2\/tags?post=314820"}],"curies":[{"name":"wp","href":"https:\/\/api.w.org\/{rel}","templated":true}]}}