{"id":314851,"date":"2025-12-31T01:52:08","date_gmt":"2025-12-31T01:52:08","guid":{"rendered":"https:\/\/www.europesays.com\/es\/314851\/"},"modified":"2025-12-31T01:52:08","modified_gmt":"2025-12-31T01:52:08","slug":"poco-a-poco-todo-va-bien","status":"publish","type":"post","link":"https:\/\/www.europesays.com\/es\/314851\/","title":{"rendered":"Poco a poco todo va bien"},"content":{"rendered":"<p data-journey-content=\"true\" data-node-id=\"3\" class=\"css-6wxqfj emevuu60\">Silvia Abril ha reaparecido con buenas noticias sobre el estado de salud de su marido, Andreu Buenafuente. Este 31 de diciembre,<strong data-node-id=\"3.1\"> TVE hab\u00eda pensado en la pareja para despedir el 2025 y dar la bienvenida al 2026<\/strong> desde la c\u00e9ntrica Puerta del Sol en Madrid, pero a falta de un mes, el conductor catal\u00e1n <a href=\"https:\/\/www.diezminutos.es\/teleprograma\/programas-tv\/a69705874\/andreu-buenafuente-silvia-abril-campanadas-tve-no-presentaran\/\" target=\"_blank\" data-vars-ga-outbound-link=\"https:\/\/www.diezminutos.es\/teleprograma\/programas-tv\/a69705874\/andreu-buenafuente-silvia-abril-campanadas-tve-no-presentaran\/\" data-vars-ga-ux-element=\"Hyperlink\" data-vars-ga-call-to-action=\"se vio obligado a parar su agenda por motivos de salud,\" data-node-id=\"3.3\" class=\"body-link css-177bzfx emevuu60\" rel=\"nofollow noopener\">se vio obligado a parar su agenda por motivos de salud,<\/a> que no le han permitido estar presente en el Kil\u00f3metro 0 en la \u00faltima noche del a\u00f1o para tomarse las uvas junto a los espectadores de la cadena p\u00fablica.<\/p>\n<p data-journey-content=\"true\" data-node-id=\"6\" class=\"css-6wxqfj emevuu60\">El propio Buenafuente explic\u00f3 en un v\u00eddeo que public\u00f3 el pasado 12 de diciembre en sus redes sociales que<strong data-node-id=\"6.1\"> no podr\u00e1 presentar las Campanadas junto a su mujer debido a un periodo de descanso<\/strong> que debe alargar por motivos de salud. Desvelaba que, por \u00abprescripci\u00f3n m\u00e9dica\u00bb por exceso de carga laboral y con el objetivo de volver \u00abbien\u00bb y completamente recuperado a sus proyectos profesionales, cancelaba esta participaci\u00f3n. Un imprevisto que oblig\u00f3 al ente p\u00fablico a buscar nuevos rostros para presentar sus Campanadas 2025 y que, finalmente, ser\u00e1n Chenoa y Estopa. Tras ello, el c\u00f3mico espa\u00f1ol se ha alejado del foco medi\u00e1tico y ha sido su mujer qui\u00e9n ha reaparecido este martes, 30 de diciembre, en sus redes sociales para actualizar su estado de salud.<\/p>\n<p><img draggable=\"true\" alt=\"andreu buenafuente y silvia abril\" title=\"andreu buenafuente y silvia abril\" loading=\"lazy\" width=\"4134\" height=\"6260\" decoding=\"async\" data-nimg=\"1\" style=\"color:transparent;width:100%;height:auto;\"   src=\"https:\/\/www.europesays.com\/es\/wp-content\/uploads\/2025\/12\/buenafuente-y-abril-33-premio-goya-copia-691db4a9590f3.jpg\" class=\"css-0 e1g79fud0\"\/><\/p>\n<p>Productora<\/p>\n<p data-journey-content=\"true\" data-node-id=\"9\" class=\"css-6wxqfj emevuu60\">Despu\u00e9s de unos d\u00edas de desconexi\u00f3n, que ha resultado ser terap\u00e9utica, y mientras paseaba por un paraje cercano a su casa junto a su inseparable compa\u00f1ero perruno, Baloo, <strong data-node-id=\"9.1\">Silvia Abril ha reaparecido por Instagram <\/strong>y ha felicitado a sus seguidores dese\u00e1ndoles una feliz entrada y salida de a\u00f1o: <strong data-node-id=\"9.3\">\u00abAntes de que llegue ma\u00f1ana y los tel\u00e9fonos se vuelvan locos\u00bb.<\/strong><\/p>\n<p data-journey-content=\"true\" data-node-id=\"13\" class=\"css-6wxqfj emevuu60\">Esta reaparici\u00f3n tambi\u00e9n la ha aprovechado para hablar por primera vez de c\u00f3mo se encuentra su marido. \u00abContaros que todo va bien, marcha bien. <strong data-node-id=\"13.1\">Poco a poco todo va bien, va mejorando\u00bb, ha contado la presentadora <\/strong>en clara referencia al humorista, adem\u00e1s de asegurar que, aunque no estar\u00e1n presentes en la capital espa\u00f1ola, apoyar\u00e1n a sus sustitutos desde casa: \u00abAh\u00ed estaremos el 31 apoyando desde casa a Chenoa y a Estopa dando las campanadas en TVE\u00bb.<\/p>\n<p><img src=\"https:\/\/www.europesays.com\/es\/wp-content\/uploads\/2025\/12\/1767145928_144_efed3e56-411c-4c5f-aad1-8194ce4fe362_1700500172.file.png\" alt=\"Headshot of Redacci\u00f3n Diez Minutos\" title=\"Headshot of Redacci\u00f3n Diez Minutos\" width=\"100%\" height=\"100%\" decoding=\"async\" loading=\"lazy\" class=\"css-o0wq4v ev8dhu53\"\/><\/p>\n<p>\u00a0En Diez Minutos somos especialistas en cubrir todas las noticias del coraz\u00f3n y de la monarqu\u00eda para acercarte a las vidas de todos esos personajes a los que admiras.<\/p>\n<p>Descubre con nosotros la \u00faltima hora de los famosos nacionales e internacionales m\u00e1s relevantes: sus pol\u00e9micas, sus historias amorosas y familiares y sus proyectos profesionales con nuestras entrevistas, videos y reportajes. Tambi\u00e9n te mostramos el d\u00eda a d\u00eda de la realeza, cont\u00e1ndote con especial detalle la vida personal y familiar de nuestros Reyes: Felipe VI y Letizia y sus hijas Leonor y Sof\u00eda.<\/p>\n<p>Diez Minutos es mucho m\u00e1s que cr\u00f3nica social. Queremos hacerte la vida m\u00e1s f\u00e1cil y cuidar de ti. Por eso, publicamos una amplia selecci\u00f3n de contenidos pr\u00e1cticos para ayudarte en tu econom\u00eda dom\u00e9stica, en la decoraci\u00f3n de tu casa o en tu bienestar f\u00edsico y emocional. Tambi\u00e9n encontrar\u00e1s todo tipo de noticias y reportajes sobre el embarazo y la maternidad para facilitarte este proceso de la vida.<\/p>\n<p>La cocina es otra parte fundamental de esta gu\u00eda pr\u00e1ctica con la mejor selecci\u00f3n de recetas y consejos para llevar una dieta saludable y variada. Y todo ello sin olvidarnos de los contenidos de moda y belleza que te har\u00e1n estar a la \u00faltima en las tendencias del momento con numerosas propuestas, ofertas y novedades.<\/p>\n<p>Te lo contamos todo con la misma rigurosidad y cercan\u00eda con la que te llevamos acompa\u00f1ando desde hace 72 a\u00f1os, cuando un 1 de septiembre de 1951 la revista vio la luz por primera vez. Muchas cosas han cambiado en lo que se refiere a la parte t\u00e9cnica, pero lo que te aseguramos es que el equipo que forma esta redacci\u00f3n realiza su trabajo con entusiasmo y entrega pensando en cada uno de vosotros para que encontr\u00e9is aqu\u00ed el sitio ideal donde disfrutar de la vida.<\/p>\n<p>El equipo digital de Diez Minutos est\u00e1 formado por:<\/p>\n<p><a href=\"https:\/\/www.diezminutos.es\/author\/15369\/rosa-prieto\/\" rel=\"nofollow noopener\" target=\"_blank\">Rosa Prieto:<\/a> Directora digital.<\/p>\n<p><a href=\"https:\/\/www.diezminutos.es\/author\/18095\/silvia-criado\/\" rel=\"nofollow noopener\" target=\"_blank\">Silvia Criado:<\/a> Jefa de secci\u00f3n digital.<\/p>\n<p><a href=\"https:\/\/www.diezminutos.es\/author\/16262\/magdalena-pinero\/\" rel=\"nofollow noopener\" target=\"_blank\">Magdalena Pi\u00f1ero:<\/a> redactora digital.\u00a0<\/p>\n<p><a href=\"https:\/\/www.diezminutos.es\/author\/16270\/daniel-reyes\/\" rel=\"nofollow noopener\" target=\"_blank\">Daniel Reyes:<\/a> redactor digital.<\/p>\n<p><a href=\"https:\/\/www.diezminutos.es\/author\/221934\/ignacio-herruzo\/\" rel=\"nofollow noopener\" target=\"_blank\">Ignacio Herruzo<\/a>: redactor digital.<\/p>\n<p><a href=\"https:\/\/www.diezminutos.es\/author\/740003\/nora-camara\/\" rel=\"nofollow noopener\" target=\"_blank\">Nora C\u00e1mara<\/a>: redactora digital.\u00a0<\/p>\n","protected":false},"excerpt":{"rendered":"Silvia Abril ha reaparecido con buenas noticias sobre el estado de salud de su marido, Andreu Buenafuente. Este&hellip;\n","protected":false},"author":2,"featured_media":314852,"comment_status":"","ping_status":"","sticky":false,"template":"","format":"standard","meta":{"footnotes":""},"categories":[174],"tags":[255,253,146,147,25,24,256,23],"class_list":{"0":"post-314851","1":"post","2":"type-post","3":"status-publish","4":"format-standard","5":"has-post-thumbnail","7":"category-famosos","8":"tag-celebrities","9":"tag-discover","10":"tag-entertainment","11":"tag-entretenimiento","12":"tag-es","13":"tag-espana","14":"tag-famosos","15":"tag-spain"},"share_on_mastodon":{"url":"https:\/\/pubeurope.com\/@es\/115811683211456728","error":""},"_links":{"self":[{"href":"https:\/\/www.europesays.com\/es\/wp-json\/wp\/v2\/posts\/314851","targetHints":{"allow":["GET"]}}],"collection":[{"href":"https:\/\/www.europesays.com\/es\/wp-json\/wp\/v2\/posts"}],"about":[{"href":"https:\/\/www.europesays.com\/es\/wp-json\/wp\/v2\/types\/post"}],"author":[{"embeddable":true,"href":"https:\/\/www.europesays.com\/es\/wp-json\/wp\/v2\/users\/2"}],"replies":[{"embeddable":true,"href":"https:\/\/www.europesays.com\/es\/wp-json\/wp\/v2\/comments?post=314851"}],"version-history":[{"count":0,"href":"https:\/\/www.europesays.com\/es\/wp-json\/wp\/v2\/posts\/314851\/revisions"}],"wp:featuredmedia":[{"embeddable":true,"href":"https:\/\/www.europesays.com\/es\/wp-json\/wp\/v2\/media\/314852"}],"wp:attachment":[{"href":"https:\/\/www.europesays.com\/es\/wp-json\/wp\/v2\/media?parent=314851"}],"wp:term":[{"taxonomy":"category","embeddable":true,"href":"https:\/\/www.europesays.com\/es\/wp-json\/wp\/v2\/categories?post=314851"},{"taxonomy":"post_tag","embeddable":true,"href":"https:\/\/www.europesays.com\/es\/wp-json\/wp\/v2\/tags?post=314851"}],"curies":[{"name":"wp","href":"https:\/\/api.w.org\/{rel}","templated":true}]}}