{"id":314921,"date":"2025-12-31T02:57:07","date_gmt":"2025-12-31T02:57:07","guid":{"rendered":"https:\/\/www.europesays.com\/es\/314921\/"},"modified":"2025-12-31T02:57:07","modified_gmt":"2025-12-31T02:57:07","slug":"me-ha-sorprendido-mucho-mi-nivel-a-final-de-temporada-me-salio-todo-lo-que-no-esperaba","status":"publish","type":"post","link":"https:\/\/www.europesays.com\/es\/314921\/","title":{"rendered":"\u00abMe ha sorprendido mucho mi nivel, a final de temporada me sali\u00f3 todo lo que no esperaba\u00bb"},"content":{"rendered":"<p>La ciclista mallorquina <strong><a href=\"https:\/\/www.ultimahora.es\/etiqueta\/Mavi+Garc%C3%ADa.html?utm_source=Inline-tag&amp;utm_medium=internal\" rel=\"nofollow noopener\" target=\"_blank\">Mavi Garc\u00eda<\/a><\/strong> confiesa haberse \u00ab<strong>sorprendido mucho<\/strong>\u00bb con el nivel mostrado esta temporada donde en el tramo final obtuvo \u00abtodo lo que no esperaba\u00bb como la <strong>victoria parcial en el Tour de Francia<\/strong> y la medalla de<strong> bronce en el Mundial de Ruanda<\/strong> tras haberlos preparado \u00abbastante a conciencia\u00bb; mientras que asegura encarar esta nueva campa\u00f1a con \u00abotro rol\u00bb diferente.<\/p>\n<p>\u00ab<strong>Me ha sorprendido mucho mi nivel<\/strong> porque al final de a\u00f1o parece que ya no te queda mucho que hacer y a m\u00ed me sali\u00f3 todo lo que no esperaba\u00bb, se sincer\u00f3 la ciclista palmesana en una entrevista concedida a Europa Press tras la entrega de los premios Supera de Iberdrola.<\/p>\n<p>Mavi Garc\u00eda cierra el a\u00f1o 2025 siendo <strong>su temporada \u00abm\u00e1s especial<\/strong>\u00bb con la medalla de bronce en los Campeonatos del Mundo en Kigali (Ruanda) y la victoria de etapa en el Tour de Francia. \u00abHe tenido a\u00f1os muy bonitos y buenos, pero es verdad que estos dos premios han sido m\u00e1s de peso y muy emocionantes. Adem\u00e1s llevaba un tiempo que consegu\u00eda cosas, pero que no acababan de ser as\u00ed, tan grandes, y los dos han sido de golpe\u00bb, afirm\u00f3.<\/p>\n<p>\u00ab<strong>Al principio de temporada ya vi que estaba a muy buen nivel<\/strong>. De hecho, estaba un poco mal porque ve\u00eda el nivel que ten\u00eda y que no me estaban saliendo del todo los resultados que esperaba, pero al final ha salido todo\u00bb, coment\u00f3.<\/p>\n<p>Todav\u00eda siente \u00ab<strong>muchas emociones<\/strong>\u00bb cuando vuelve a ver su llegada a la l\u00ednea de meta en Quimper (Francia) en la segunda etapa de la ronda francesa. \u00abSon cosas que no se pueden explicar. Cada vez que veo el v\u00eddeo recuerdo la emoci\u00f3n. En el deporte se pasa por muchos malos momentos y al final cuando llegan este tipo de victorias, te acuerdas de much\u00edsima gente. Fue una <strong>explosi\u00f3n de emociones<\/strong>\u00bb, se\u00f1al\u00f3 la ciclista.<\/p>\n<p>Y, por si fuera poco, unas semanas m\u00e1s tarde se colg\u00f3 la medalla de bronce en el Mundial de Ruanda, <strong>una recompensa trabajada \u00abbastante a conciencia\u00bb<\/strong>. \u00abSab\u00eda que este Mundial que me pod\u00eda venir bien ah\u00ed en Ruanda por el calor, y cuando consegu\u00ed la medalla es que no pod\u00eda creerlo\u00bb, reconoci\u00f3 una Mavi Garc\u00eda a la que se le escapa una peque\u00f1a sonrisa al recordar tal gesta.<\/p>\n<p>\u00abAunque todos est\u00e1bamos un poco preocupados por competir este Mundial fuera de Europa y con miedo por el tema de la comida, la experiencia fue muy chula e inolvidable. Espa\u00f1a lo hizo muy bien porque llevamos a todos los miembros en la expedici\u00f3n\u00bb, relat\u00f3 la corredora que<strong> no se pierde una cita mundialista desde 2017.<\/strong><\/p>\n<p>A sus 41 a\u00f1os ya es toda una <strong>veterana del pelot\u00f3n<\/strong> y muchas corredoras j\u00f3venes le piden consejos: \u00abMe hace sentir bien que me pregunten, <strong>que se apoyen en m\u00ed cuando lo necesiten<\/strong>; de hecho yo siempre les digo que pueden llamarme para todo lo que quieran porque a m\u00ed me falt\u00f3 eso cuando empec\u00e9 y s\u00e9 que much\u00edsimo\u00bb.<\/p>\n<p>\u00abSe aprenden much\u00edsimas cosas, sobre todo en un deporte como en el ciclismo. <strong>Si yo volviera atr\u00e1s 10 a\u00f1os y supiera cuando empec\u00e9 todo lo que s\u00e9 ahora<\/strong>, seguro que tendr\u00eda muchas m\u00e1s cosas. De hecho, cuando voy viendo el final me estoy dando cuenta de que me voy a ir cuando ya lo sepa todo porque es muy complicado aprenderlo. Hay cosas que solo se aprenden con la experiencia, que no es s\u00f3lo saber del deporte\u00bb, argument\u00f3 la balear.<\/p>\n<p>Y es que a Mavi Garc\u00eda<strong> sigue disfrutando \u00abmuch\u00edsimo\u00bb del ciclismo<\/strong>, un hecho que se puede observar \u00aben cada victoria o carrera\u00bb donde la balear puede conseguir algo importante. \u00abDisfruto al m\u00e1ximo del d\u00eda a d\u00eda como deportista, creo que esa es la clave. Adem\u00e1s, soy una persona muy constante y met\u00f3dica; y eso me hace siempre seguir adelante\u00bb, explic\u00f3.<\/p>\n<p>Por ello, para esta temporada solo tiene un deseo: <strong>\u00abDisfrutar como hasta ahora\u00bb<\/strong>. Y tendr\u00e1 la oportunidad de hacerlo en un nuevo equipo, el <strong>UAE Team ADQ<\/strong>, donde tendr\u00e1 \u00abotro rol\u00bb diferente. \u00abMe lo quiero tomar un poco de otra manera, pero s\u00e9 c\u00f3mo soy y voy a dar el m\u00e1ximo, ya sea para ayudar o para sacar mis propios resultados, que seguro que alguna oportunidad tambi\u00e9n habr\u00e1\u00bb, apunt\u00f3 la espa\u00f1ola.<\/p>\n<p>Finalmente, a Mavi Garc\u00eda le gustar\u00eda que se le recordara por su forma de ser como persona, aparte de \u00abpor los resultados que haya hecho\u00bb. \u00ab<strong>He hecho much\u00edsimas amistades<\/strong> dentro del ciclismo y as\u00ed como yo aprecio a mucha gente, creo que ellos tambi\u00e9n me aprecian a m\u00ed. Eso es lo que me llevo, ese bonito recuerdo\u00bb, reflexion\u00f3.<\/p>\n","protected":false},"excerpt":{"rendered":"La ciclista mallorquina Mavi Garc\u00eda confiesa haberse \u00absorprendido mucho\u00bb con el nivel mostrado esta temporada donde en el&hellip;\n","protected":false},"author":2,"featured_media":314922,"comment_status":"","ping_status":"","sticky":false,"template":"","format":"standard","meta":{"footnotes":""},"categories":[273],"tags":[313,312,1916,168,25,24,329,1914,1915,23,167,327,1794,1917],"class_list":{"0":"post-314921","1":"post","2":"type-post","3":"status-publish","4":"format-standard","5":"has-post-thumbnail","7":"category-ciclismo","8":"tag-ciclismo","9":"tag-cycling","10":"tag-deporte-balear","11":"tag-deportes","12":"tag-es","13":"tag-espana","14":"tag-golf","15":"tag-mavi-garcia","16":"tag-otros-deportes","17":"tag-spain","18":"tag-sports","19":"tag-tenis","20":"tag-vela","21":"tag-voleibol"},"share_on_mastodon":{"url":"https:\/\/pubeurope.com\/@es\/115811938612941572","error":""},"_links":{"self":[{"href":"https:\/\/www.europesays.com\/es\/wp-json\/wp\/v2\/posts\/314921","targetHints":{"allow":["GET"]}}],"collection":[{"href":"https:\/\/www.europesays.com\/es\/wp-json\/wp\/v2\/posts"}],"about":[{"href":"https:\/\/www.europesays.com\/es\/wp-json\/wp\/v2\/types\/post"}],"author":[{"embeddable":true,"href":"https:\/\/www.europesays.com\/es\/wp-json\/wp\/v2\/users\/2"}],"replies":[{"embeddable":true,"href":"https:\/\/www.europesays.com\/es\/wp-json\/wp\/v2\/comments?post=314921"}],"version-history":[{"count":0,"href":"https:\/\/www.europesays.com\/es\/wp-json\/wp\/v2\/posts\/314921\/revisions"}],"wp:featuredmedia":[{"embeddable":true,"href":"https:\/\/www.europesays.com\/es\/wp-json\/wp\/v2\/media\/314922"}],"wp:attachment":[{"href":"https:\/\/www.europesays.com\/es\/wp-json\/wp\/v2\/media?parent=314921"}],"wp:term":[{"taxonomy":"category","embeddable":true,"href":"https:\/\/www.europesays.com\/es\/wp-json\/wp\/v2\/categories?post=314921"},{"taxonomy":"post_tag","embeddable":true,"href":"https:\/\/www.europesays.com\/es\/wp-json\/wp\/v2\/tags?post=314921"}],"curies":[{"name":"wp","href":"https:\/\/api.w.org\/{rel}","templated":true}]}}