{"id":314954,"date":"2025-12-31T03:25:07","date_gmt":"2025-12-31T03:25:07","guid":{"rendered":"https:\/\/www.europesays.com\/es\/314954\/"},"modified":"2025-12-31T03:25:07","modified_gmt":"2025-12-31T03:25:07","slug":"manu-sorprende-con-el-pedroche-en-su-poema-de-despedida-de-2025-en-pasapalabra","status":"publish","type":"post","link":"https:\/\/www.europesays.com\/es\/314954\/","title":{"rendered":"Manu sorprende con \u00abel Pedroche\u00bb en su poema de despedida de 2025 en &#8216;Pasapalabra&#8217;"},"content":{"rendered":"<p class=\"c-paragraph\"><b>Manu volvi\u00f3 a ganarse a los invitados de\u00a0<a href=\"https:\/\/www.20minutos.es\/tags\/instituciones-empresas\/pasapalabra.html\" title=\"Pasapalabra&#039;\" rel=\"nofollow noopener\" target=\"_blank\">Pasapalabra<\/a>\u00a0<\/b>con su despedida m\u00e1s original, arranc\u00e1ndoles aplausos y dej\u00e1ndolos sorprendidos. Un programa m\u00e1s (y ya van 412) en el que el concursante se las ingenia para brillar.<\/p>\n<p class=\"c-paragraph\">Y es que las \u00faltimas palabras con las que el madrile\u00f1o se despide de los famosos que han acompa\u00f1ado a \u00e9l y a Rosa durante tres d\u00edas (siempre jugando con sus nombres)<b> se han convertido ya en todo un cl\u00e1sico del programa de Antena 3<\/b>.<\/p>\n<p class=\"c-paragraph\">Este martes disputaron su tercer y \u00faltimo programa\u00a0<b><a href=\"https:\/\/www.20minutos.es\/tags\/personas\/alberto-chicote.html\" title=\"Alberto Chicote\" rel=\"nofollow noopener\" target=\"_blank\">Alberto Chicote<\/a>, <a href=\"https:\/\/www.20minutos.es\/tags\/personas\/cristina-pedroche.html\" title=\"Cristina Pedroche\" rel=\"nofollow noopener\" target=\"_blank\">Cristina Pedroche<\/a>, Mabel Lozano y Juan Pe\u00f1a<\/b>, para los que tuvo unas palabras el madrile\u00f1o.<\/p>\n<p class=\"c-paragraph\"><b>\u00abTengo los pelos de punta, de verdad\u00bb<\/b>, afirm\u00f3 <a href=\"https:\/\/www.20minutos.es\/tags\/personas\/roberto-leal.html\" title=\"Roberto Leal\" rel=\"nofollow noopener\" target=\"_blank\">Roberto Leal<\/a> antes de dar paso a la despedida del concursante a los cuatro invitados de la \u00faltima semana de 2025.<\/p>\n<p class=\"c-paragraph\">\u00ab<b>Quer\u00eda despedirme de los invitados y poner el &#8216;Pedroche&#8217; final <\/b>(por Cristina Pedroche) a estas tardes con esta &#8216;pe\u00f1a&#8217; (por Juan Pe\u00f1a)\u00bb, comenz\u00f3 diciendo Manu.<\/p>\n<p class=\"c-paragraph\">\u00ab<b>Ellos me han vuelto un &#8216;chicote&#8217; <\/b>(por Alberto Chicote) mucho m\u00e1s &#8216;lozano&#8217; (por Mabel Lozano)\u00bb, concluy\u00f3 el madrile\u00f1o, arrancando los aplausos de todo el plat\u00f3.<\/p>\n<p class=\"c-paragraph\">\u00ab\u00a1Pero qu\u00e9 cosa m\u00e1s mona!\u00bb, exclam\u00f3 la actriz.<b> \u00abA m\u00ed es que esto no me deja de sorprender\u00bb<\/b>, a\u00f1adi\u00f3 el conductor del programa de Antena 3 antes de dar comienzo a El Rosco del d\u00eda.<\/p>\n","protected":false},"excerpt":{"rendered":"Manu volvi\u00f3 a ganarse a los invitados de\u00a0Pasapalabra\u00a0con su despedida m\u00e1s original, arranc\u00e1ndoles aplausos y dej\u00e1ndolos sorprendidos. Un&hellip;\n","protected":false},"author":2,"featured_media":314955,"comment_status":"","ping_status":"","sticky":false,"template":"","format":"standard","meta":{"footnotes":""},"categories":[174],"tags":[255,24171,146,147,25,24,256,7565,32459,6924,23,3271],"class_list":{"0":"post-314954","1":"post","2":"type-post","3":"status-publish","4":"format-standard","5":"has-post-thumbnail","7":"category-famosos","8":"tag-celebrities","9":"tag-con","10":"tag-entertainment","11":"tag-entretenimiento","12":"tag-es","13":"tag-espana","14":"tag-famosos","15":"tag-manu","16":"tag-pedroche","17":"tag-sorprende","18":"tag-spain","19":"tag-su"},"share_on_mastodon":{"url":"https:\/\/pubeurope.com\/@es\/115812048821824620","error":""},"_links":{"self":[{"href":"https:\/\/www.europesays.com\/es\/wp-json\/wp\/v2\/posts\/314954","targetHints":{"allow":["GET"]}}],"collection":[{"href":"https:\/\/www.europesays.com\/es\/wp-json\/wp\/v2\/posts"}],"about":[{"href":"https:\/\/www.europesays.com\/es\/wp-json\/wp\/v2\/types\/post"}],"author":[{"embeddable":true,"href":"https:\/\/www.europesays.com\/es\/wp-json\/wp\/v2\/users\/2"}],"replies":[{"embeddable":true,"href":"https:\/\/www.europesays.com\/es\/wp-json\/wp\/v2\/comments?post=314954"}],"version-history":[{"count":0,"href":"https:\/\/www.europesays.com\/es\/wp-json\/wp\/v2\/posts\/314954\/revisions"}],"wp:featuredmedia":[{"embeddable":true,"href":"https:\/\/www.europesays.com\/es\/wp-json\/wp\/v2\/media\/314955"}],"wp:attachment":[{"href":"https:\/\/www.europesays.com\/es\/wp-json\/wp\/v2\/media?parent=314954"}],"wp:term":[{"taxonomy":"category","embeddable":true,"href":"https:\/\/www.europesays.com\/es\/wp-json\/wp\/v2\/categories?post=314954"},{"taxonomy":"post_tag","embeddable":true,"href":"https:\/\/www.europesays.com\/es\/wp-json\/wp\/v2\/tags?post=314954"}],"curies":[{"name":"wp","href":"https:\/\/api.w.org\/{rel}","templated":true}]}}