{"id":314996,"date":"2025-12-31T03:59:09","date_gmt":"2025-12-31T03:59:09","guid":{"rendered":"https:\/\/www.europesays.com\/es\/314996\/"},"modified":"2025-12-31T03:59:09","modified_gmt":"2025-12-31T03:59:09","slug":"gobierno-del-estado-de-tamaulipas-8","status":"publish","type":"post","link":"https:\/\/www.europesays.com\/es\/314996\/","title":{"rendered":"Gobierno del Estado de Tamaulipas"},"content":{"rendered":"<p>\t\t\t<img width=\"850\" height=\"500\" src=\"https:\/\/www.europesays.com\/es\/wp-content\/uploads\/2025\/12\/SSP-407-2025.-Recomienda-Guardia-Estatal-Cibernetica-extremar-precauciones-al-comprar-en-redes-socia.jpeg\" class=\"img-responsive center-block destacada wp-post-image\" alt=\"\" decoding=\"async\" fetchpriority=\"high\"\/><\/p>\n<p>\u00a0<\/p>\n<p>\u00a0<\/p>\n<p>\u00a0<\/p>\n<p>\u00a0<\/p>\n<p style=\"text-align: center\">-Invitan a implementar la t\u00e9cnica \u201cconfianza cero\u201d que consiste en no dejarse llevar por publicaci\u00f3n atractivas<\/p>\n<p style=\"text-align: right\">SSP-407-2025<\/p>\n<p>Diciembre 30 de 2025<\/p>\n<p style=\"text-align: justify\">Ciudad Victoria, Tamaulipas.- Al ser las redes sociales uno de los medios m\u00e1s utilizados para realizar compras, personal de la Guardia Estatal Cibern\u00e9tica recomienda extremar precauciones para evitar ser v\u00edctimas de fraude, estafa y otros delitos que emplean este canal.<\/p>\n<p style=\"text-align: justify\">De acuerdo con el polic\u00eda tercero Luis Mar\u00edn, perteneciente a esta unidad de la Guardia Estatal, es com\u00fan durante esta temporada generar p\u00e1ginas o contenido falso con ofertas, principalmente sobre productos electr\u00f3nicos a precios muy bajos.<\/p>\n<p style=\"text-align: justify\">Debido a que estas plataformas no cuentan con pol\u00edticas de devoluci\u00f3n y otras regulaciones que protegen tanto a comerciantes como compradores, sugiri\u00f3 priorizar los sitios verificados e implementar la t\u00e9cnica \u201cconfianza cero\u201d que b\u00e1sicamente consiste en no dejarse llevar por cualquier publicaci\u00f3n en redes sociales.<\/p>\n<p style=\"text-align: justify\">Adem\u00e1s, llam\u00f3 a la ciudadan\u00eda a extremar precauciones con adultos mayores y menores de edad, puesto que son los grupos poblacionales con mayor probabilidad de ser v\u00edctimas de alg\u00fan ciberdelito, debido a la falta de informaci\u00f3n y medidas de ciberseguridad.<\/p>\n<p style=\"text-align: justify\">En el caso de estos \u00faltimos, explic\u00f3, a nivel nacional se han emitido alertas respecto al uso inadecuado de los chats privados de algunos videojuegos, por lo que enfatiz\u00f3 el llamado a las personas cuidadoras a estar alertas en este sentido.<\/p>\n<p style=\"text-align: center\">***<\/p>\n<p>\u00a0<\/p>\n<p>\u00a0<\/p>\n<p>Enlace de descarga.-<\/p>\n<p><a href=\"https:\/\/drive.google.com\/drive\/folders\/1aTiY4D17bz11aHs2-bx4Kjzoemvd7Mn3?usp=sharing\" rel=\"nofollow noopener\" target=\"_blank\">https:\/\/drive.google.com\/drive\/folders\/1aTiY4D17bz11aHs2-bx4Kjzoemvd7Mn3?usp=sharing<\/a><\/p>\n<p>\u00a0<\/p>\n<p>\u00a0<\/p>\n","protected":false},"excerpt":{"rendered":"\u00a0 \u00a0 \u00a0 \u00a0 -Invitan a implementar la t\u00e9cnica \u201cconfianza cero\u201d que consiste en no dejarse llevar por&hellip;\n","protected":false},"author":2,"featured_media":314997,"comment_status":"","ping_status":"","sticky":false,"template":"","format":"standard","meta":{"footnotes":""},"categories":[42],"tags":[71032,17,18,13,14,71031,582,71029,11,61,62,63,64,19,20,9,10,15,16,71030,71033,12,21,22,65,66,67],"class_list":{"0":"post-314996","1":"post","2":"type-post","3":"status-publish","4":"format-standard","5":"has-post-thumbnail","7":"category-internacional","8":"tag-americo-villarreal","9":"tag-breaking-news","10":"tag-breakingnews","11":"tag-featured-news","12":"tag-featurednews","13":"tag-gobernador-americo-villarreal","14":"tag-gobierno","15":"tag-gobierno-de-tamaulipas","16":"tag-headlines","17":"tag-internacional","18":"tag-international","19":"tag-international-news","20":"tag-internationalnews","21":"tag-latest-news","22":"tag-latestnews","23":"tag-news","24":"tag-noticias","25":"tag-noticias-destacadas","26":"tag-noticiasdestacadas","27":"tag-tamaulipas","28":"tag-tamps","29":"tag-titulares","30":"tag-ultimas-noticias","31":"tag-ultimasnoticias","32":"tag-world","33":"tag-world-news","34":"tag-worldnews"},"share_on_mastodon":{"url":"https:\/\/pubeurope.com\/@es\/115812182483243124","error":""},"_links":{"self":[{"href":"https:\/\/www.europesays.com\/es\/wp-json\/wp\/v2\/posts\/314996","targetHints":{"allow":["GET"]}}],"collection":[{"href":"https:\/\/www.europesays.com\/es\/wp-json\/wp\/v2\/posts"}],"about":[{"href":"https:\/\/www.europesays.com\/es\/wp-json\/wp\/v2\/types\/post"}],"author":[{"embeddable":true,"href":"https:\/\/www.europesays.com\/es\/wp-json\/wp\/v2\/users\/2"}],"replies":[{"embeddable":true,"href":"https:\/\/www.europesays.com\/es\/wp-json\/wp\/v2\/comments?post=314996"}],"version-history":[{"count":0,"href":"https:\/\/www.europesays.com\/es\/wp-json\/wp\/v2\/posts\/314996\/revisions"}],"wp:featuredmedia":[{"embeddable":true,"href":"https:\/\/www.europesays.com\/es\/wp-json\/wp\/v2\/media\/314997"}],"wp:attachment":[{"href":"https:\/\/www.europesays.com\/es\/wp-json\/wp\/v2\/media?parent=314996"}],"wp:term":[{"taxonomy":"category","embeddable":true,"href":"https:\/\/www.europesays.com\/es\/wp-json\/wp\/v2\/categories?post=314996"},{"taxonomy":"post_tag","embeddable":true,"href":"https:\/\/www.europesays.com\/es\/wp-json\/wp\/v2\/tags?post=314996"}],"curies":[{"name":"wp","href":"https:\/\/api.w.org\/{rel}","templated":true}]}}