{"id":315016,"date":"2025-12-31T04:19:16","date_gmt":"2025-12-31T04:19:16","guid":{"rendered":"https:\/\/www.europesays.com\/es\/315016\/"},"modified":"2025-12-31T04:19:16","modified_gmt":"2025-12-31T04:19:16","slug":"frankenstein-y-la-inteligencia-artificial","status":"publish","type":"post","link":"https:\/\/www.europesays.com\/es\/315016\/","title":{"rendered":"Frankenstein y la inteligencia artificial"},"content":{"rendered":"<p style=\"text-align: justify;\">Hace m\u00e1s de doscientos a\u00f1os Mary Shelley escribi\u00f3 \u201cFrankenstein, o el moderno Prometeo\u201d, gran \u00e9xito de la taquilla hollywoodiense, muchos a\u00f1os despu\u00e9s. Menos se conoce el libro, cuya adaptaci\u00f3n a la gran pantalla no es del todo exacta.<\/p>\n<p style=\"text-align: justify;\">El citado libro que podr\u00eda haberse escrito en la actualidad, es una perfecta met\u00e1fora de lo que est\u00e1 ocurriendo con el desarrollo de la IA.<\/p>\n<p style=\"text-align: justify;\">V\u00edctor Frankenstein -que era el cient\u00edfico- cre\u00f3 un monstruo. Hoy cient\u00edficos, desarrolladores y tecn\u00f3logos llevan unos a\u00f1os creando otro monstruo y los mayores tecno se\u00f1ores invirtiendo billones de d\u00f3lares en \u00e9l.<\/p>\n<p style=\"text-align: justify;\">Sin reparar en aspectos \u00e9ticos fundamentales, como la dignidad humana o el bien com\u00fan, estamos viviendo el desarrollo de una tecnolog\u00eda llamada a sustituir e incluso dominar al hombre.<\/p>\n<p style=\"text-align: justify;\">Ya sabemos lo que le pas\u00f3 al monstruo de la novela. Una vez desarrollado, su inventor entra en p\u00e1nico al darse cuenta de su creaci\u00f3n. Pero ya es tarde. El monstruo comienza sus andanzas por el mundo. Al principio de manera inocente, descubriendo las emociones, el sentimiento, la bondad del ser humano, deseando parecerse a ellos. Pero al sentir desprecio -no deja de ser un monstruo con una desagradable apariencia humana- comienza a asesinar a personas del entorno del doctor. Persigue a su creador, y le propone para desaparecer de su vida que le fabrique una monstruo que pueda hacerle feliz. Pero el creador decide no aumentar el mal realizado. El monstruo entonces le amenaza con el mayor dolor que puede provocarle: \u201cEstar\u00e9 en tu noche de bodas\u201d. Y es en esa noche cuando asesina a su esposa, dej\u00e1ndole totalmente hundido. V\u00edctor Frankenstein muere lejos intentando dar caza a su creaci\u00f3n que huye por delante de su inteligencia.<\/p>\n<p style=\"text-align: justify;\">La Doctrina Social de la Iglesia dentro de los seis principios b\u00e1sicos para la empresa, nos invita a desarrollar buenos bienes y servicios. Intentar convertirnos en Dios y crear un ente superior al hombre capaz de dominarle y someterle -es decir, sin dignidad humana-, no es buena idea, y desde luego no contribuye al bien com\u00fan.<\/p>\n<p style=\"text-align: right;\">Alfonso Carcasona<\/p>\n","protected":false},"excerpt":{"rendered":"Hace m\u00e1s de doscientos a\u00f1os Mary Shelley escribi\u00f3 \u201cFrankenstein, o el moderno Prometeo\u201d, gran \u00e9xito de la taquilla&hellip;\n","protected":false},"author":2,"featured_media":315017,"comment_status":"","ping_status":"","sticky":false,"template":"","format":"standard","meta":{"footnotes":""},"categories":[91],"tags":[62253,73792,73794,73795,146,147,25,24,73793,15562,23],"class_list":{"0":"post-315016","1":"post","2":"type-post","3":"status-publish","4":"format-standard","5":"has-post-thumbnail","7":"category-entretenimiento","8":"tag-bioetica","9":"tag-doctrina-social","10":"tag-ecologia-integral","11":"tag-economia-y-sociedad","12":"tag-entertainment","13":"tag-entretenimiento","14":"tag-es","15":"tag-espana","16":"tag-huella-digital","17":"tag-liderazgo","18":"tag-spain"},"share_on_mastodon":{"url":"https:\/\/pubeurope.com\/@es\/115812261206815582","error":""},"_links":{"self":[{"href":"https:\/\/www.europesays.com\/es\/wp-json\/wp\/v2\/posts\/315016","targetHints":{"allow":["GET"]}}],"collection":[{"href":"https:\/\/www.europesays.com\/es\/wp-json\/wp\/v2\/posts"}],"about":[{"href":"https:\/\/www.europesays.com\/es\/wp-json\/wp\/v2\/types\/post"}],"author":[{"embeddable":true,"href":"https:\/\/www.europesays.com\/es\/wp-json\/wp\/v2\/users\/2"}],"replies":[{"embeddable":true,"href":"https:\/\/www.europesays.com\/es\/wp-json\/wp\/v2\/comments?post=315016"}],"version-history":[{"count":0,"href":"https:\/\/www.europesays.com\/es\/wp-json\/wp\/v2\/posts\/315016\/revisions"}],"wp:featuredmedia":[{"embeddable":true,"href":"https:\/\/www.europesays.com\/es\/wp-json\/wp\/v2\/media\/315017"}],"wp:attachment":[{"href":"https:\/\/www.europesays.com\/es\/wp-json\/wp\/v2\/media?parent=315016"}],"wp:term":[{"taxonomy":"category","embeddable":true,"href":"https:\/\/www.europesays.com\/es\/wp-json\/wp\/v2\/categories?post=315016"},{"taxonomy":"post_tag","embeddable":true,"href":"https:\/\/www.europesays.com\/es\/wp-json\/wp\/v2\/tags?post=315016"}],"curies":[{"name":"wp","href":"https:\/\/api.w.org\/{rel}","templated":true}]}}