{"id":315018,"date":"2025-12-31T04:20:24","date_gmt":"2025-12-31T04:20:24","guid":{"rendered":"https:\/\/www.europesays.com\/es\/315018\/"},"modified":"2025-12-31T04:20:24","modified_gmt":"2025-12-31T04:20:24","slug":"keldeo-protagoniza-el-evento-de-ano-nuevo-2026-en-pokemon-cafe-remix","status":"publish","type":"post","link":"https:\/\/www.europesays.com\/es\/315018\/","title":{"rendered":"Keldeo protagoniza el evento de A\u00f1o Nuevo 2026 en Pok\u00e9mon Caf\u00e9 ReMix"},"content":{"rendered":"<p>Traemos m\u00e1s noticias para los fans de <a href=\"https:\/\/www.nintenderos.com\/2024\/01\/pokemon-cafe-remix-confirma-nuevo-evento-centrado-en-goomy\/\" rel=\"nofollow noopener\" target=\"_blank\">Pok\u00e9mon Caf\u00e9 ReMix<\/a>: tenemos contenidos novedosos para esta app. Se han confirmado hoy mismo.<\/p>\n<p>Novedades en Pok\u00e9mon Caf\u00e9 ReMix<\/p>\n<p>S\u00ed, hablamos concretamente de un nuevo evento muy interesante. Tras conocer los\u00a0<a href=\"https:\/\/www.nintenderos.com\/2025\/06\/pokemon-cafe-remix-recibe-su-actualizacion-de-5o-aniversario\/\" rel=\"nofollow noopener\" target=\"_blank\">planes de quinto aniversario<\/a>, ahora tenemos detallado el evento <strong>A\u00f1o Nuevo con Keldeo<\/strong>, que incluye a Keldeo en el juego. Tendr\u00e1 lugar <strong>a partir de las 06:00 UTC del 1 de enero de 2026<\/strong>.<\/p>\n<p>Esta es la imagen publicada:<\/p>\n<p>Otros contenidos en esta categor\u00eda:<\/p>\n<p><img decoding=\"async\" class=\"aligncenter\" src=\"https:\/\/www.europesays.com\/es\/wp-content\/uploads\/2025\/12\/G8cSavnWEAAxJED.png\" alt=\"Imagen\"\/><\/p>\n<p>\u00bfLe hab\u00e9is dado una oportunidad al juego Caf\u00e9 ReMix? \u00bfQu\u00e9 os parece? Estaremos atentos a m\u00e1s detalles. Adem\u00e1s, pod\u00e9is consultar adem\u00e1s\u00a0<a class=\"c-link c-message_attachment__title_link\" href=\"https:\/\/www.nintenderos.com\/2023\/08\/todos-juegos-pokemon-nintendo-switch-2023\/\" target=\"_blank\" rel=\"noopener noreferrer nofollow\" data-qa=\"message_attachment_title_link\">todos los juegos de Pok\u00e9mon para Nintendo Switch<\/a>.\u00a0Tambi\u00e9n puedes consultar en la web\u00a0<a class=\"c-link c-message_attachment__title_link\" href=\"https:\/\/www.nintenderos.com\/2023\/06\/mejores-juegos-pokemon-historia\/\" data-qa=\"message_attachment_title_link\" rel=\"nofollow noopener\" target=\"_blank\">los mejores juegos de Pok\u00e9mon de la historia<\/a>.<\/p>\n<p><a class=\"external\" href=\"https:\/\/www.serebii.net\/\" rel=\"nofollow noopener\" target=\"_blank\">Fuente<\/a>.<\/p>\n","protected":false},"excerpt":{"rendered":"Traemos m\u00e1s noticias para los fans de Pok\u00e9mon Caf\u00e9 ReMix: tenemos contenidos novedosos para esta app. Se han&hellip;\n","protected":false},"author":2,"featured_media":315019,"comment_status":"","ping_status":"","sticky":false,"template":"","format":"standard","meta":{"footnotes":""},"categories":[81],"tags":[72478,119,123,124,25,24,73796,934,73797,117,121,122,23,118,120],"class_list":{"0":"post-315018","1":"post","2":"type-post","3":"status-publish","4":"format-standard","5":"has-post-thumbnail","7":"category-ciencia-y-tecnologia","8":"tag-ano-nuevo","9":"tag-ciencia","10":"tag-ciencia-y-tecnologia","11":"tag-cienciaytecnologia","12":"tag-es","13":"tag-espana","14":"tag-keldeo","15":"tag-pokemon","16":"tag-pokemon-cafe-remix","17":"tag-science","18":"tag-science-and-technology","19":"tag-scienceandtechnology","20":"tag-spain","21":"tag-technology","22":"tag-tecnologia"},"share_on_mastodon":{"url":"https:\/\/pubeurope.com\/@es\/115812265063346707","error":""},"_links":{"self":[{"href":"https:\/\/www.europesays.com\/es\/wp-json\/wp\/v2\/posts\/315018","targetHints":{"allow":["GET"]}}],"collection":[{"href":"https:\/\/www.europesays.com\/es\/wp-json\/wp\/v2\/posts"}],"about":[{"href":"https:\/\/www.europesays.com\/es\/wp-json\/wp\/v2\/types\/post"}],"author":[{"embeddable":true,"href":"https:\/\/www.europesays.com\/es\/wp-json\/wp\/v2\/users\/2"}],"replies":[{"embeddable":true,"href":"https:\/\/www.europesays.com\/es\/wp-json\/wp\/v2\/comments?post=315018"}],"version-history":[{"count":0,"href":"https:\/\/www.europesays.com\/es\/wp-json\/wp\/v2\/posts\/315018\/revisions"}],"wp:featuredmedia":[{"embeddable":true,"href":"https:\/\/www.europesays.com\/es\/wp-json\/wp\/v2\/media\/315019"}],"wp:attachment":[{"href":"https:\/\/www.europesays.com\/es\/wp-json\/wp\/v2\/media?parent=315018"}],"wp:term":[{"taxonomy":"category","embeddable":true,"href":"https:\/\/www.europesays.com\/es\/wp-json\/wp\/v2\/categories?post=315018"},{"taxonomy":"post_tag","embeddable":true,"href":"https:\/\/www.europesays.com\/es\/wp-json\/wp\/v2\/tags?post=315018"}],"curies":[{"name":"wp","href":"https:\/\/api.w.org\/{rel}","templated":true}]}}