{"id":315024,"date":"2025-12-31T04:24:12","date_gmt":"2025-12-31T04:24:12","guid":{"rendered":"https:\/\/www.europesays.com\/es\/315024\/"},"modified":"2025-12-31T04:24:12","modified_gmt":"2025-12-31T04:24:12","slug":"cocina-para-peques-sabores-divertidos-elabora-descubre-y-degusta-en-familia","status":"publish","type":"post","link":"https:\/\/www.europesays.com\/es\/315024\/","title":{"rendered":"Cocina para peques: sabores divertidos. Elabora, descubre y degusta en familia"},"content":{"rendered":"<p> Cocina para peques: sabores divertidos. Elabora, descubre y degusta en familia &#8211; Rivas Ciudad             <img loading=\"lazy\" decoding=\"async\" src=\"https:\/\/www.europesays.com\/es\/wp-content\/uploads\/2025\/09\/logo_rivas.png\" width=\"100\" height=\"110\" class=\"img_center img-responsive\"\/> <img loading=\"lazy\" decoding=\"async\" src=\"https:\/\/www.europesays.com\/es\/wp-content\/uploads\/2025\/12\/cocina-infantil-1.jpg\" width=\"1106\" height=\"669\" alt=\"Cocina para peques: sabores divertidos. Elabora, descubre y degusta en familia\"\/><\/p>\n<p>Enfocaremos esta actividad en la elaboraci\u00f3n de originales y saludables platos sin necesidad de horno, para que los m\u00e1s peques aprendan que comer sano puede<\/p>\n<p>ser divertido, creativo y delicioso.<\/p>\n<p>Se trabajar\u00e1n recetas sencillas como brochetas de fruta, mini s\u00e1ndwiches originales y postres fr\u00edos. Cada participante deber\u00e1 traer un recipiente para llevar sus creaciones a casa, \u00a1si sobran!<\/p>\n<tr>\n<td class=\"fw-bold m4p-title-info\">Fecha inicio:<\/td>\n<td>06\/02\/2026<\/td>\n<\/tr>\n<tr>\n<td class=\"fw-bold m4p-title-info\">Hora inicio:<\/td>\n<td>16:30<\/td>\n<td class=\"fw-bold m4p-title-info pl-40\">Hora fin:<\/td>\n<td>19:15<\/td>\n<\/tr>\n<p>M\u00c1S INFORMACI\u00d3N<\/p>\n<tr>\n<td class=\"fw-bold m4p-title-info m4p-w18\">Horario:<\/td>\n<td>\n<ul>\n<li>De 16:30-17:45: familias con menores entre 4 y 6 a\u00f1os.<\/li>\n<li>De 18:00-19:15: familias con menores entre 7 y 9 a\u00f1os.<\/li>\n<\/ul>\n<p> AFORO: 15 familias m\u00e1ximo.<\/td>\n<\/tr>\n<tr>\n<p> Informaci\u00f3n: centros de informaci\u00f3n y documentaci\u00f3n infantil de los centros municipales de recursos para la infancia Bhima Sangha y Rayuela. 912817373\/913222315.<br \/>\n \u00a0<br \/>\n \u00a0<\/p>\n<\/tr>\n<p>Organiza<\/p>\n<ul>\n<li class=\"m4p-organization\">Concejal\u00eda de Educaci\u00f3n, Infancia y Juventud<\/li>\n<\/ul>\n<p> INFORMACI\u00d3N RELACIONADA<\/p>\n<p>OFICINAS DEL SERVICIO DE ATENCI\u00d3N A LA CIUDADAN\u00cdA<\/p>\n<tr>\n<td style=\"width:33%\">\n<p>Oficina Servicios Administrativos<\/p>\n<p>\u2022\u00a0 Plaza de la Constituci\u00f3n, 1.<br \/>\u2022\u00a0 Lunes a viernes de 8:00 a <br \/>\u00a0\u00a0\u00a020:00 h.<br \/>\u2022\u00a0 S\u00e1bados de 9:00 a 13:00 h.<br \/>\u2022\u00a0 Agosto de 8:00 a 15:00 h.<\/p>\n<\/td>\n<td style=\"width:33%\">\n<p>Oficina Casa <br \/>Consistorial<\/p>\n<p>\u2022\u00a0 Plaza 19 de abril, s\/n<br \/>\u2022\u00a0 Lunes a viernes de 8:00 a <br \/>\u00a0\u00a0\u00a020:00 h. <br \/>\u2022\u00a0 Julio y agosto de 8:00 a <br \/>\u00a0\u00a0\u00a015:00 h.<\/p>\n<\/td>\n<td style=\"width:33%\">\n<p>Tambi\u00e9n puede contactar telef\u00f3nicamente:<\/p>\n<p>\u2022\u00a0 010 si llama desde tel\u00e9fonos <br \/>\u00a0\u00a0\u00a0fijos desde Rivas. <br \/>\u2022\u00a0 91 670 00 00, si lo hace <br \/>\u00a0\u00a0\u00a0desde m\u00f3viles.<\/p>\n<\/td>\n<\/tr>\n<p> <a href=\"#\" id=\"totop\">SUBIR<\/a>En nuestras p\u00e1ginas usamos cookies propias y de terceros para mejorar los servicios mediante el an\u00e1lisis de los h\u00e1bitos de navegaci\u00f3n. <br \/>Si contin\u00faa navegando, entendemos que acepta su uso. <a href=\"https:\/\/www.rivasciudad.es\/politica-de-cookies\/\" target=\"_blank\" rel=\"nofollow noopener\">Mas informaci\u00f3n y normas de uso<\/a>OK             <\/p>\n","protected":false},"excerpt":{"rendered":"Cocina para peques: sabores divertidos. Elabora, descubre y degusta en familia &#8211; Rivas Ciudad Enfocaremos esta actividad en&hellip;\n","protected":false},"author":2,"featured_media":315025,"comment_status":"","ping_status":"","sticky":false,"template":"","format":"standard","meta":{"footnotes":""},"categories":[5],"tags":[17,18,25,24,13,14,11,19,20,9,10,15,16,23,12,21,22],"class_list":{"0":"post-315024","1":"post","2":"type-post","3":"status-publish","4":"format-standard","5":"has-post-thumbnail","7":"category-titulares","8":"tag-breaking-news","9":"tag-breakingnews","10":"tag-es","11":"tag-espana","12":"tag-featured-news","13":"tag-featurednews","14":"tag-headlines","15":"tag-latest-news","16":"tag-latestnews","17":"tag-news","18":"tag-noticias","19":"tag-noticias-destacadas","20":"tag-noticiasdestacadas","21":"tag-spain","22":"tag-titulares","23":"tag-ultimas-noticias","24":"tag-ultimasnoticias"},"share_on_mastodon":{"url":"https:\/\/pubeurope.com\/@es\/115812280771673759","error":""},"_links":{"self":[{"href":"https:\/\/www.europesays.com\/es\/wp-json\/wp\/v2\/posts\/315024","targetHints":{"allow":["GET"]}}],"collection":[{"href":"https:\/\/www.europesays.com\/es\/wp-json\/wp\/v2\/posts"}],"about":[{"href":"https:\/\/www.europesays.com\/es\/wp-json\/wp\/v2\/types\/post"}],"author":[{"embeddable":true,"href":"https:\/\/www.europesays.com\/es\/wp-json\/wp\/v2\/users\/2"}],"replies":[{"embeddable":true,"href":"https:\/\/www.europesays.com\/es\/wp-json\/wp\/v2\/comments?post=315024"}],"version-history":[{"count":0,"href":"https:\/\/www.europesays.com\/es\/wp-json\/wp\/v2\/posts\/315024\/revisions"}],"wp:featuredmedia":[{"embeddable":true,"href":"https:\/\/www.europesays.com\/es\/wp-json\/wp\/v2\/media\/315025"}],"wp:attachment":[{"href":"https:\/\/www.europesays.com\/es\/wp-json\/wp\/v2\/media?parent=315024"}],"wp:term":[{"taxonomy":"category","embeddable":true,"href":"https:\/\/www.europesays.com\/es\/wp-json\/wp\/v2\/categories?post=315024"},{"taxonomy":"post_tag","embeddable":true,"href":"https:\/\/www.europesays.com\/es\/wp-json\/wp\/v2\/tags?post=315024"}],"curies":[{"name":"wp","href":"https:\/\/api.w.org\/{rel}","templated":true}]}}