{"id":315026,"date":"2025-12-31T04:30:17","date_gmt":"2025-12-31T04:30:17","guid":{"rendered":"https:\/\/www.europesays.com\/es\/315026\/"},"modified":"2025-12-31T04:30:17","modified_gmt":"2025-12-31T04:30:17","slug":"pogacar-el-unico-que-siempre-gana-sobre-una-bici","status":"publish","type":"post","link":"https:\/\/www.europesays.com\/es\/315026\/","title":{"rendered":"Pogacar, el \u00fanico que siempre gana sobre una bici"},"content":{"rendered":"<p class=\"ft-text ft-helper-closenews\">El <strong>Coll de Rates<\/strong>, en la sierra alicantina, viene a ser en la \u00e9poca invernal como un puerto de paso para buena parte de las figuras del pelot\u00f3n mundial que huye del fr\u00edo polar y busca el clima levantino para empezar a preparar con buen pie -o buen pedaleo, seg\u00fan se mire- una temporada ciclista llena de buenaventuras para todos; todos conf\u00edan en mejorar, en hacerlo mejor que el curso pasado y en un ambiente navide\u00f1o comenzar a so\u00f1ar en ganar el mayor n\u00famero de carreras en un 2026 que se estrena a finales de enero en tierras australianas.<\/p>\n<p class=\"ft-text\">Por el coll de Rates han pasado bicicletas montadas por los mejores jinetes del mundo. Pero s\u00f3lo uno, el de siempre, ha sido capaz de destrozar todas las escaladas realizadas desde que existen registros. Cuando todos tratan de rebajar alg\u00fan kilo sumado en las vacaciones, <strong>Tadej Pogacar<\/strong> ya muestra sus garras para anunciar que 2026, si se habla en t\u00e9rminos ciclistas, no ser\u00e1 distinto a 2024, ni a 2025, dos a\u00f1os en los que s\u00f3lo ha habido un dominador que ha sido derrotado m\u00ednimamente en un esprint en San Remo y una ca\u00edda en Roubaix, con <strong>Mathieu van der Poel<\/strong> como protagonista, y en una colina parisina, en Montmartre, el \u00faltimo d\u00eda del Tour por un super <strong>Wout van Aert<\/strong>, con el cansancio por una victoria amarrada y una rodilla maltrecha por el esfuerzo de las batallas en los Pirineos y los Alpes.<\/p>\n<p><img decoding=\"async\" src=\"https:\/\/www.europesays.com\/es\/wp-content\/uploads\/2025\/12\/69051074-175f-4554-a8c7-8345d532dde0_alta-libre-aspect-ratio_default_0.jpg\" width=\"1200\" height=\"965\" alt=\"Pogacar y Vingegart, en el pasado Tour.\" class=\"ft-helper-img-rd\" loading=\"lazy\"\/><\/p>\n<p class=\"ft-helper-fontColor-quaternary ft-helper-fontSize-body-S ft-helper-spacer-t-xxs\">Pogacar y Vingegart, en el pasado Tour.  \/ LE TOUR<\/p>\n<p class=\"ft-text\"><strong>Pogacar<\/strong>, sin cambios, como l\u00edder del equipo m\u00e1s fuerte, un UAE donde puede estar su rival del futuro (el mexicano <strong>Isaac del Toro<\/strong>), buscar\u00e1 en la nueva temporada una quinta victoria en el Tour para entrar en el club de los ilustres; entre ellos, <strong>Miguel Indur\u00e1in<\/strong>, el \u00fanico que ha ganado cinco veces de forma consecutiva en Par\u00eds despu\u00e9s de que <strong>Lance Amstrong<\/strong> qued\u00f3 excluido de la sociedad ciclista por culpa del dopaje.<\/p>\n<p class=\"ft-text\"><strong>Pogacar <\/strong>es el que tiene sometidos a los enemigos en dos aspectos; el f\u00edsico, porque es el mejor, y el psicol\u00f3gico, porque todos saben que seguirlo tras un ataque es morir en el intento. Lo constataron, por ejemplo, <strong>Del Toro<\/strong> y <strong>Juan Ayuso<\/strong>, el mejor entre los contrincantes espa\u00f1oles, en el Mundial de Ruanda. Y, sobre todo, <strong>Jonas Vingegaard<\/strong>, en cada uno de los demarrajes del fen\u00f3meno esloveno en los Tours de 2024 y 2025. Aunque, en las piernas del ciclista dan\u00e9s, revive la \u00fanica esperanza de poder noquear a <strong>Pogacar<\/strong> en una ronda francesa que comenzar\u00e1 en Barcelona para marcar en t\u00e9rminos deportivos un hito hist\u00f3rico en la capital catalana.<\/p>\n<p><img decoding=\"async\" src=\"https:\/\/www.europesays.com\/es\/wp-content\/uploads\/2025\/12\/0a9d8a6d-08a4-41af-b173-91435647c6be_alta-libre-aspect-ratio_default_0.jpg\" width=\"1200\" height=\"800\" alt=\"Pogacar, con el jersey de campe\u00f3n del mundo.\" class=\"ft-helper-img-rd\" loading=\"lazy\"\/><\/p>\n<p class=\"ft-helper-fontColor-quaternary ft-helper-fontSize-body-S ft-helper-spacer-t-xxs\">Pogacar, con el jersey de campe\u00f3n del mundo.  \/ LE TOUR<\/p>\n<p class=\"ft-text\"><strong>Vingegaard<\/strong> lo derrot\u00f3 en los Tours de 2022 y 2023 para caer luego en las garras del esloveno, aunque con la constancia de que por detr\u00e1s de ellos s\u00f3lo hay un desierto de verdaderos aspirantes a vestir el jersey amarillo, incluido <strong>Remco Evenepoel<\/strong>. Si <strong>Pogacar <\/strong>destroza el cron\u00f3metro subiendo a Rates en el mes de diciembre, si anuncia un calendario donde incluye lo que a\u00fan quiere ganar -Mil\u00e1n San Remo y Par\u00eds-Roubaix- y apuesta por carreras que nunca ha corrido -las vueltas a Romand\u00eda y Suiza- para tratar de encontrar alicientes en el camino hacia el Tour, para no aburrirse ganando una y otra vez lo mismo de todos los a\u00f1os, <strong>Pogacar <\/strong>aparece como el ciclista inalcanzable para todos, salvo alguna chispa en las cl\u00e1sicas de primavera.<\/p>\n<p>La comparaci\u00f3n con Merckx<\/p>\n<p class=\"ft-text\">2026 surge entonces como otro curso ciclista en el que <strong>Pogacar <\/strong>continuar\u00e1 atesorando triunfos para dar argumentos al debate de si es el mejor corredor de la historia y para que se encuentre con libros que recuerdan las haza\u00f1as de Eddy Merckx, todav\u00eda con un Tour m\u00e1s y otros cuatro Giros en el palmar\u00e9s, adem\u00e1s de la victoria en la Vuelta de 1973; una ronda espa\u00f1ola donde <strong>Pogacar<\/strong> quiere participar alguna vez, aunque dif\u00edcilmente ser\u00e1 en este nuevo a\u00f1o donde quiere luchar por conseguir un tercer mundial consecutivo, en una cita en Montreal muy dif\u00edcil de compaginar si corre en Espa\u00f1a.<\/p>\n<p class=\"ft-text\">Con 27 a\u00f1os, todav\u00eda muy joven para catalogarlo como un corredor veterano<strong>, Pogacar<\/strong> sigue siendo el \u00fanico habitante del para\u00edso ciclista, aunque para verlo debutar habr\u00e1 que esperar hasta el 8 de marzo, el d\u00eda en el que se disputa la <strong>Strade Bianche<\/strong>, la cl\u00e1sica toscana que circula muchos kil\u00f3metros a trav\u00e9s de pistas sin asfaltar.<\/p>\n<p data-close=\"closedContent\" class=\"subscribeHideForDisplay\">Suscr\u00edbete para seguir leyendo<\/p>\n","protected":false},"excerpt":{"rendered":"El Coll de Rates, en la sierra alicantina, viene a ser en la \u00e9poca invernal como un puerto&hellip;\n","protected":false},"author":2,"featured_media":315027,"comment_status":"","ping_status":"","sticky":false,"template":"","format":"standard","meta":{"footnotes":""},"categories":[273],"tags":[45,2237,313,312,168,25,24,4355,549,73798,23,167,463,1900],"class_list":{"0":"post-315026","1":"post","2":"type-post","3":"status-publish","4":"format-standard","5":"has-post-thumbnail","7":"category-ciclismo","8":"tag-45","9":"tag-bici","10":"tag-ciclismo","11":"tag-cycling","12":"tag-deportes","13":"tag-es","14":"tag-espana","15":"tag-gana","16":"tag-pogacar","17":"tag-protagonist","18":"tag-spain","19":"tag-sports","20":"tag-tadej-pogacar","21":"tag-unico"},"share_on_mastodon":{"url":"https:\/\/pubeurope.com\/@es\/115812304392164491","error":""},"_links":{"self":[{"href":"https:\/\/www.europesays.com\/es\/wp-json\/wp\/v2\/posts\/315026","targetHints":{"allow":["GET"]}}],"collection":[{"href":"https:\/\/www.europesays.com\/es\/wp-json\/wp\/v2\/posts"}],"about":[{"href":"https:\/\/www.europesays.com\/es\/wp-json\/wp\/v2\/types\/post"}],"author":[{"embeddable":true,"href":"https:\/\/www.europesays.com\/es\/wp-json\/wp\/v2\/users\/2"}],"replies":[{"embeddable":true,"href":"https:\/\/www.europesays.com\/es\/wp-json\/wp\/v2\/comments?post=315026"}],"version-history":[{"count":0,"href":"https:\/\/www.europesays.com\/es\/wp-json\/wp\/v2\/posts\/315026\/revisions"}],"wp:featuredmedia":[{"embeddable":true,"href":"https:\/\/www.europesays.com\/es\/wp-json\/wp\/v2\/media\/315027"}],"wp:attachment":[{"href":"https:\/\/www.europesays.com\/es\/wp-json\/wp\/v2\/media?parent=315026"}],"wp:term":[{"taxonomy":"category","embeddable":true,"href":"https:\/\/www.europesays.com\/es\/wp-json\/wp\/v2\/categories?post=315026"},{"taxonomy":"post_tag","embeddable":true,"href":"https:\/\/www.europesays.com\/es\/wp-json\/wp\/v2\/tags?post=315026"}],"curies":[{"name":"wp","href":"https:\/\/api.w.org\/{rel}","templated":true}]}}