{"id":315054,"date":"2025-12-31T04:55:15","date_gmt":"2025-12-31T04:55:15","guid":{"rendered":"https:\/\/www.europesays.com\/es\/315054\/"},"modified":"2025-12-31T04:55:15","modified_gmt":"2025-12-31T04:55:15","slug":"el-uno-a-uno-del-unicaja-en-la-victoria-ante-el-joventut","status":"publish","type":"post","link":"https:\/\/www.europesays.com\/es\/315054\/","title":{"rendered":"El uno a uno del Unicaja en la victoria ante el Joventut"},"content":{"rendered":"<p>Despedido al grito de MVP por los aficionados, el malague\u00f1o firm\u00f3 uno de sus mejores encuentros de la temporada. Castig\u00f3 los espacios que le dieron  &#8230; en la l\u00ednea de tres<\/p>\n<tr class=\"v-tbl__r\">\n<p>Minutos: 17:23<\/p>\n<p>Puntos: 14<\/p>\n<p>Rebotes: 4<\/p>\n<p>Asistencias: 4<\/p>\n<\/tr>\n<p><img decoding=\"async\" loading=\"lazy\" src=\"https:\/\/www.europesays.com\/es\/wp-content\/uploads\/2025\/12\/jugador_malagacf_409411767127947_20251230.jpg\" class=\"v-cmp-chp__img\" alt=\"7\" width=\"250\" height=\"50\"\/><\/p>\n<p>7<\/p>\n<p class=\"v-p\">Celebr\u00f3 su partido 200 con una gran actuaci\u00f3n. Metido siempre en el partido, con confianza y un mate que posiblemente es el mejor que se ha visto en el Carpena en mucho tiempo. Ahora s\u00f3lo falta que tenga continuidad.<\/p>\n<tr class=\"v-tbl__r\">\n<p>Minutos: 22:37<\/p>\n<p>Puntos: 11<\/p>\n<p>Rebotes: 1<\/p>\n<p>Asistencias: 4<\/p>\n<\/tr>\n<p><img decoding=\"async\" loading=\"lazy\" src=\"https:\/\/www.europesays.com\/es\/wp-content\/uploads\/2025\/12\/jugador_malagacf_610021767127947_20251230.jpg\" class=\"v-cmp-chp__img\" alt=\"7\" width=\"250\" height=\"50\"\/><\/p>\n<p>7<\/p>\n<p class=\"v-p\">Partido muy completo con tres triples, cinco asistencias y \u00a1cuatro recuperaciones! Jugador total. No le hacen falta grandes n\u00fameros para ser importante.<\/p>\n<tr class=\"v-tbl__r\">\n<p>Minutos: 20:11<\/p>\n<p>Puntos: 9<\/p>\n<p>Rebotes: 2<\/p>\n<p>Asistencias: 5<\/p>\n<\/tr>\n<p><img decoding=\"async\" loading=\"lazy\" src=\"https:\/\/www.europesays.com\/es\/wp-content\/uploads\/2025\/12\/jugador_malagacf_667531767127947_20251230.jpg\" class=\"v-cmp-chp__img\" alt=\"7\" width=\"250\" height=\"50\"\/><\/p>\n<p>7<\/p>\n<p class=\"v-p\">Su fichaje ha sido un acierto, como lo demuestra su evoluci\u00f3n desde que lleg\u00f3 al equipo. Firm\u00f3 minutos brillantes.<\/p>\n<tr class=\"v-tbl__r\">\n<p>Minutos: 14:31<\/p>\n<p>Puntos: 11<\/p>\n<p>Rebotes: 2<\/p>\n<p>Asistencias: 2<\/p>\n<\/tr>\n<p><img decoding=\"async\" loading=\"lazy\" src=\"https:\/\/www.europesays.com\/es\/wp-content\/uploads\/2025\/12\/jugador_malagacf_460241767127947_20251230.jpg\" class=\"v-cmp-chp__img\" alt=\"7\" width=\"250\" height=\"50\"\/><\/p>\n<p>7<\/p>\n<p class=\"v-p\">Revent\u00f3 el partido con los tres triples seguidos que logr\u00f3 en el \u00faltimo cuarto. Tiene una gran confianza en su tiro y esta temporada est\u00e1 especialmente acertado.<\/p>\n<tr class=\"v-tbl__r\">\n<p>Minutos: 18:59<\/p>\n<p>Puntos: 9<\/p>\n<p>Rebotes: 1<\/p>\n<p>Asistencias: 1<\/p>\n<\/tr>\n<p><img decoding=\"async\" loading=\"lazy\" src=\"https:\/\/www.europesays.com\/es\/wp-content\/uploads\/2025\/12\/jugador_malagacf_552251767127947_20251230.jpg\" class=\"v-cmp-chp__img\" alt=\"5\" width=\"250\" height=\"50\"\/><\/p>\n<p>5<\/p>\n<p class=\"v-p\">El que menos jug\u00f3 ante el Joventut, quiz\u00e1 por el buen partido de Barreiro y Audige. Le dio tiempo para anotar un triple.<\/p>\n<tr class=\"v-tbl__r\">\n<p>Minutos: 08:28<\/p>\n<p>Puntos: 3<\/p>\n<p>Rebotes: 1<\/p>\n<p>Asistencias: 0<\/p>\n<\/tr>\n<p><img decoding=\"async\" loading=\"lazy\" src=\"https:\/\/www.europesays.com\/es\/wp-content\/uploads\/2025\/12\/jugador_malagacf_470861767127947_20251230.jpg\" class=\"v-cmp-chp__img\" alt=\"6\" width=\"250\" height=\"50\"\/><\/p>\n<p>6<\/p>\n<p class=\"v-p\">Baj\u00f3 su producci\u00f3n ofensiva respecto a los \u00faltimos partidos, aunque anot\u00f3 los seis tiros libres que intent\u00f3.<\/p>\n<tr class=\"v-tbl__r\">\n<p>Minutos: 17:51<\/p>\n<p>Puntos: 9<\/p>\n<p>Rebotes: 2<\/p>\n<p>Asistencias: 1<\/p>\n<\/tr>\n<p><img decoding=\"async\" loading=\"lazy\" src=\"https:\/\/www.europesays.com\/es\/wp-content\/uploads\/2025\/12\/jugador_malagacf_730971767127947_20251230.jpg\" class=\"v-cmp-chp__img\" alt=\"4\" width=\"250\" height=\"50\"\/><\/p>\n<p class=\"v-a-pre-t__c\">\nJames Webb III<br \/>\nAla-P\u00edvot        <\/p>\n<p>4<\/p>\n<p class=\"v-p\">Quiz\u00e1 el jugador que estuvo m\u00e1s flojo en la rotaci\u00f3n cajista. Mal en los lanzamientos y con despistes defensivos.<\/p>\n<tr class=\"v-tbl__r\">\n<p>Minutos: 18:42<\/p>\n<p>Puntos: 5<\/p>\n<p>Rebotes: 6<\/p>\n<p>Asistencias: 1<\/p>\n<\/tr>\n<p><img decoding=\"async\" loading=\"lazy\" src=\"https:\/\/www.europesays.com\/es\/wp-content\/uploads\/2025\/12\/jugador_malagacf_145681767127947_20251230.jpg\" class=\"v-cmp-chp__img\" alt=\"6\" width=\"250\" height=\"50\"\/><\/p>\n<p class=\"v-a-pre-t__c\">\nEmir Sulejmanovi\u0107<br \/>\nAla-P\u00edvot        <\/p>\n<p>6<\/p>\n<p class=\"v-p\">Muy metido en el encuentro. En cada partido se le salen un par de acciones claras que podr\u00edan cambiar por completo las sensaciones sobre su papel en el equipo<\/p>\n<tr class=\"v-tbl__r\">\n<p>Minutos: 12:04<\/p>\n<p>Puntos: 5<\/p>\n<p>Rebotes: 4<\/p>\n<p>Asistencias: 2<\/p>\n<\/tr>\n<p><img decoding=\"async\" loading=\"lazy\" src=\"https:\/\/www.europesays.com\/es\/wp-content\/uploads\/2025\/12\/jugador_malagacf_968691767127948_20251230.jpg\" class=\"v-cmp-chp__img\" alt=\"7\" width=\"250\" height=\"50\"\/><\/p>\n<p class=\"v-a-pre-t__c\">\nKillian Tillie<br \/>\nAla-P\u00edvot        <\/p>\n<p>7<\/p>\n<p class=\"v-p\">Muchos minutos, lo cual indica que su entrenador estaba contento con \u00e9l. Est\u00e1 en una l\u00ednea positiva y sano, que es clave.<\/p>\n<tr class=\"v-tbl__r\">\n<p>Minutos: 21:18<\/p>\n<p>Puntos: 10<\/p>\n<p>Rebotes: 2<\/p>\n<p>Asistencias: 0<\/p>\n<\/tr>\n<p><img decoding=\"async\" loading=\"lazy\" src=\"https:\/\/www.europesays.com\/es\/wp-content\/uploads\/2025\/12\/jugador_malagacf_4299101767127948_20251230.jpg\" class=\"v-cmp-chp__img\" alt=\"7\" width=\"250\" height=\"50\"\/><\/p>\n<p>7<\/p>\n<p class=\"v-p\">Partido muy completo ante dos p\u00edvots de calidad como Tomic y Birgander. Anot\u00f3 y pas\u00f3 bien a sus compa\u00f1eros.<\/p>\n<tr class=\"v-tbl__r\">\n<p>Minutos: &#8211;<\/p>\n<p>Puntos: &#8211;<\/p>\n<p>Rebotes: &#8211;<\/p>\n<p>Asistencias: &#8211;<\/p>\n<\/tr>\n<p><img decoding=\"async\" loading=\"lazy\" src=\"https:\/\/www.europesays.com\/es\/wp-content\/uploads\/2025\/12\/jugador_malagacf_3202111767127948_20251230.jpg\" class=\"v-cmp-chp__img\" alt=\"6\" width=\"250\" height=\"50\"\/><\/p>\n<p>6<\/p>\n<p class=\"v-p\">Diez puntos en nueve minutos. M\u00e1xima producci\u00f3n para el estadounidense que sabe siempre qu\u00e9 hacer y cu\u00e1l es su funci\u00f3n.<\/p>\n<tr class=\"v-tbl__r\">\n<p>Minutos: 09:44<\/p>\n<p>Puntos: 10<\/p>\n<p>Rebotes: 2<\/p>\n<p>Asistencias: 2<\/p>\n<\/tr>\n<p class=\"v-p\">\u00a0<\/p>\n","protected":false},"excerpt":{"rendered":"Despedido al grito de MVP por los aficionados, el malague\u00f1o firm\u00f3 uno de sus mejores encuentros de la&hellip;\n","protected":false},"author":2,"featured_media":315055,"comment_status":"","ping_status":"","sticky":false,"template":"","format":"standard","meta":{"footnotes":""},"categories":[269],"tags":[1575,299,298,168,25,24,4079,23,167,2246,1261],"class_list":{"0":"post-315054","1":"post","2":"type-post","3":"status-publish","4":"format-standard","5":"has-post-thumbnail","7":"category-baloncesto","8":"tag-ante","9":"tag-baloncesto","10":"tag-basketball","11":"tag-deportes","12":"tag-es","13":"tag-espana","14":"tag-joventut","15":"tag-spain","16":"tag-sports","17":"tag-unicaja","18":"tag-victoria"},"share_on_mastodon":{"url":"https:\/\/pubeurope.com\/@es\/115812402990042487","error":""},"_links":{"self":[{"href":"https:\/\/www.europesays.com\/es\/wp-json\/wp\/v2\/posts\/315054","targetHints":{"allow":["GET"]}}],"collection":[{"href":"https:\/\/www.europesays.com\/es\/wp-json\/wp\/v2\/posts"}],"about":[{"href":"https:\/\/www.europesays.com\/es\/wp-json\/wp\/v2\/types\/post"}],"author":[{"embeddable":true,"href":"https:\/\/www.europesays.com\/es\/wp-json\/wp\/v2\/users\/2"}],"replies":[{"embeddable":true,"href":"https:\/\/www.europesays.com\/es\/wp-json\/wp\/v2\/comments?post=315054"}],"version-history":[{"count":0,"href":"https:\/\/www.europesays.com\/es\/wp-json\/wp\/v2\/posts\/315054\/revisions"}],"wp:featuredmedia":[{"embeddable":true,"href":"https:\/\/www.europesays.com\/es\/wp-json\/wp\/v2\/media\/315055"}],"wp:attachment":[{"href":"https:\/\/www.europesays.com\/es\/wp-json\/wp\/v2\/media?parent=315054"}],"wp:term":[{"taxonomy":"category","embeddable":true,"href":"https:\/\/www.europesays.com\/es\/wp-json\/wp\/v2\/categories?post=315054"},{"taxonomy":"post_tag","embeddable":true,"href":"https:\/\/www.europesays.com\/es\/wp-json\/wp\/v2\/tags?post=315054"}],"curies":[{"name":"wp","href":"https:\/\/api.w.org\/{rel}","templated":true}]}}