{"id":31506,"date":"2025-08-07T11:57:09","date_gmt":"2025-08-07T11:57:09","guid":{"rendered":"https:\/\/www.europesays.com\/es\/31506\/"},"modified":"2025-08-07T11:57:09","modified_gmt":"2025-08-07T11:57:09","slug":"cerebros-jovenes-neuronas-unicas-y-una-vida-social-activa","status":"publish","type":"post","link":"https:\/\/www.europesays.com\/es\/31506\/","title":{"rendered":"cerebros j\u00f3venes, neuronas \u00fanicas y una vida social activa"},"content":{"rendered":"<p style=\"\">Algunas personas octogenarias son capaces de recordar eventos cotidianos y experiencias de vida de la misma forma que lo hace otra 20 a 30 a\u00f1os m\u00e1s joven. Son los llamados <strong>SuperAbuelos<\/strong> (superagers en ingl\u00e9s), y representan una clave para avanzar en el envejecimiento saludable  &#8230; y en el estudio de las enfermedades asociadas al envejecimiento como las demencias, el alzh\u00e9imer o el p\u00e1rkinson. <\/p>\n<p class=\"voc-p\" style=\"\">Lo SuperAbuelos, explic\u00f3 a ABC Salud <a href=\"https:\/\/portalcientifico.upm.es\/es\/ipublic\/researcher\/313244\" target=\"_self\" data-voc-vtm-id=\"in-text-traffic\" title=\"Bryan Strange\" data-mrf-link=\"portalcientifico.upm.es\" rel=\"nofollow noopener\">Bryan Strange<\/a>, de la Universidad Polit\u00e9cnica de Madrid y director de un estudio publicado en 2023 en la revista \u00ab<a href=\"https:\/\/www.thelancet.com\/journals\/lanhl\/home\" target=\"_self\" data-voc-vtm-id=\"in-text-traffic\" title=\"The Lancet Healthy Longevity\" data-mrf-link=\"www.thelancet.com\" rel=\"nofollow noopener\">The Lancet Healthy Longevity<\/a>\u00bb, adem\u00e1s, \u00abno solo tienen un capacidad cognitiva similar a la de una persona de unos 50 a\u00f1os, sino que son mucho m\u00e1s \u00e1giles\u00bb. Es decir, se\u00f1ala, \u00abposeen una capacidad de movimiento mucho m\u00e1s r\u00e1pida para tareas cotidianas que la de adultos sanos de su misma edad. Y sus tasas ansiedad y depresi\u00f3n tambi\u00e9n sin mucho menores\u00bb. <\/p>\n<p class=\"voc-p\" style=\"\">Durante 25 a\u00f1os, un equipo de cient\u00edficos de la Universidad Northwestern Medicine de Chicago (EE.UU.) ha estado estudiando un grupo de SuperAbuelos para entender mejor qu\u00e9 los motiva. <\/p>\n<p class=\"voc-p\" style=\"\">Los primeros resultados, que se publican en la revista &#8216;<a href=\"https:\/\/alz-journals.onlinelibrary.wiley.com\/journal\/15525279\" target=\"_self\" data-voc-vtm-id=\"in-text-traffic\" title=\"Alzheimer &amp; Dementia\" data-mrf-link=\"alz-journals.onlinelibrary.wiley.com\" rel=\"nofollow noopener\">Alzheimer &amp; Dementia<\/a>&#8216;, confirman que esta personas \u00fanicas, con una memoria similar al de personas tres d\u00e9cadas m\u00e1s j\u00f3venes, desaf\u00edan la creencia arraigada de que el deterioro cognitivo es una parte inevitable del envejecimiento. Los datos de este trabajo muestran que los SuperAbuelos destacan por dos posibles mecanismos de protecci\u00f3n cerebral: la <strong>resistencia<\/strong>, al no desarrollar placas ni ovillos caracter\u00edsticos del Alzheimer, y la <strong>resiliencia<\/strong>, al no verse afectados por ellos. <\/p>\n<p class=\"voc-p\" style=\"\">Tras 25 a\u00f1os de seguimiento, los hallazgos muestran que conservan una estructura cerebral juvenil, con una corteza cerebral que no se adelgaza con la edad y una corteza cingulada anterior incluso m\u00e1s gruesa que la de adultos j\u00f3venes. Adem\u00e1s, presentan rasgos celulares excepcionales, como mayor cantidad de neuronas von Economo, <strong>vinculadas al comportamiento social, y neuronas entorrinales m\u00e1s grandes, esenciales para la memoria. <\/strong>A nivel de comportamiento, tienden a ser personas muy sociables y con relaciones interpersonales fuertes, independientemente de su estilo de vida o rutina de ejercicio. <\/p>\n<p class=\"voc-p\" style=\"\">A lo largo estos 25 a\u00f1os, los cient\u00edficos han observado algunas diferencias notables en el estilo de vida y la personalidad entre los SuperAbuelos y aquellos que envejecen de manera t\u00edpica, pero \u00ablo que realmente hemos encontrado en sus cerebros es lo que ha sido tan trascendental para nosotros\u00bb, destaca la investigadora Sandra Weintraub. <\/p>\n<p class=\"voc-p\" style=\"\">Al identificar los rasgos biol\u00f3gicos y conductuales asociados con el SuperAbuelos, los cient\u00edficos esperan descubrir nuevas estrategias para promover la resiliencia cognitiva y retrasar o prevenir el alzh\u00e9imer y otras enfermedades que causan deterioro cognitivo y demencia. \u00abNuestros hallazgos demuestran que<strong> una memoria excepcional en la vejez no solo es posible, sino que est\u00e1 vinculada a un perfil neurobiol\u00f3gico distintivo<\/strong>. Esto abre la puerta a nuevas intervenciones destinadas a preservar la salud cerebral hasta bien entrada la tercera edad\u00bb, afirma Weintraub. <\/p>\n<p><img decoding=\"async\" loading=\"lazy\" src=\"https:\/\/www.europesays.com\/es\/wp-content\/uploads\/2025\/08\/NU_17096.jpg\" class=\"voc-img\" width=\"760\" height=\"427\" alt=\"M. Marsel Mesulam\" data-voc-vtm-id=\"in-text-traffic\"\/><\/p>\n<p>M. Marsel Mesulam<\/p>\n<p>Shane Collins, Northwestern University<\/p>\n<p class=\"voc-p\" style=\"\">El t\u00e9rmino SuperAger fue acu\u00f1ado por M. Marsel Mesulam , quien fund\u00f3 el <a href=\"https:\/\/www.brain.northwestern.edu\/index.html\" target=\"_self\" data-voc-vtm-id=\"in-text-traffic\" title=\"Centro Mesulam de Neurolog\u00eda Cognitiva y Enfermedad de Alzheimer en Northwestern\" data-mrf-link=\"www.brain.northwestern.edu\" rel=\"nofollow noopener\">Centro Mesulam de Neurolog\u00eda Cognitiva y Enfermedad de Alzheimer en Northwestern<\/a> a fines de la d\u00e9cada de 1990. Desde el a\u00f1o 2000, una cohorte de 290 participantes del programa SuperAger ha pasado por el Centro Mesulam, y los cient\u00edficos han realizado autopsias a 77 cerebros <strong>SuperAger<\/strong> donados. <\/p>\n<p class=\"voc-p\" style=\"\">Algunos conten\u00edan prote\u00ednas amiloide y tau (tambi\u00e9n conocidas como placas y ovillos), que se sabe que desempe\u00f1an un papel clave en la progresi\u00f3n de la enfermedad de alzh\u00e9imer, pero otros no desarrollaron ninguna . \u00ab<strong>Nos dimos cuenta de que hay dos mecanismos que llevan a alguien a convertirse en un SuperAbuelo<\/strong> -explica Weintraub-. Uno es la resistencia: no producen las placas ni los ovillos. El otro es la resiliencia: los producen, pero no afectan a su cerebro\u00bb.<\/p>\n<p class=\"voc-p\" style=\"\"> Los hallazgos del seguimiento durante 25 a\u00f1os muestran, adem\u00e1s, que los SuperAbuelos tienen una estructura cerebral juvenil. \u00ab A diferencia de los cerebros que suelen envejecer, los SuperAbuelos no presentan un adelgazamiento significativo de su corteza (la capa externa del cerebro) e incluso presentan una corteza cingulada anterior m\u00e1s gruesa que los adultos j\u00f3venes. Esta regi\u00f3n crucial del cerebro desempe\u00f1a un papel fundamental en la integraci\u00f3n de la informaci\u00f3n relacionada con la toma de decisiones, las emociones y la motivaci\u00f3n\u00bb, detallen los cient\u00edficos. <\/p>\n<p class=\"voc-p\" style=\"\">Tambi\u00e9n presentan rasgos celulares \u00fanicos. \u00abTienen m\u00e1s neuronas von economo, c\u00e9lulas especializadas vinculadas al comportamiento social, y neuronas entorrinales m\u00e1s grandes, fundamentales para la memoria, que sus pares que envejecen t\u00edpicamente\u00bb. Y son m\u00e1s sociables; a pesar de tener diversos estilos de vida y distintos enfoques del ejercicio, los SuperAbuelos tienden a ser muy sociables y manifiestan fuertes relaciones interpersonales. <\/p>\n<p>\nEn Espa\u00f1a\n<\/p>\n<p class=\"voc-p\" style=\"\">En Espa\u00f1a, la Unidad de Investigaci\u00f3n del Centro Alzheimer Fundaci\u00f3n Reina Sof\u00eda coordina el <a href=\"https:\/\/www.fundacioncien.es\/proyectos-de-investigacion\/historico-de-grandes-proyectos\/proyecto-vallecas\" target=\"_self\" data-voc-vtm-id=\"in-text-traffic\" title=\"Proyecto Vallecas\" data-mrf-link=\"www.fundacioncien.es\" rel=\"nofollow noopener\">Proyecto Vallecas<\/a> en Madrid llevado a cabo por investigadores de la Fundaci\u00f3n Centro de Investigaci\u00f3n de Enfermedades Neurol\u00f3gicas (CIEN). <\/p>\n<p class=\"voc-p\" style=\"\">El Proyecto Vallecas en Madrid estudia a personas de entre 69 y 86 a\u00f1os sin trastornos neurol\u00f3gicos o psiqui\u00e1tricos graves. De 1.213 participantes reclutados entre 2011 y 2014, se identificaron 64 SuperAbuelos y 55 adultos mayores t\u00edpicos. Ambos grupos fueron evaluados con una prueba de memoria (FCSRT). <\/p>\n<p class=\"voc-p\" style=\"\">Los SuperAbuelos mostraron un rendimiento cognitivo similar al de personas 30 a\u00f1os m\u00e1s j\u00f3venes con igual nivel educativo, mientras que el grupo t\u00edpico se mantuvo dentro del rango esperado para su edad. Se trata una de las cohortes longitudinales m\u00e1s grandes de SuperAbuelos de 80 a\u00f1os o m\u00e1s, y ofrece valiosa informaci\u00f3n sobre cambios cerebrales y factores asociados al envejecimiento exitoso.<\/p>\n","protected":false},"excerpt":{"rendered":"Algunas personas octogenarias son capaces de recordar eventos cotidianos y experiencias de vida de la misma forma que&hellip;\n","protected":false},"author":2,"featured_media":31507,"comment_status":"","ping_status":"","sticky":false,"template":"","format":"standard","meta":{"footnotes":""},"categories":[92],"tags":[13264,16514,25,24,165,433,11290,166,2930,23,16513,16515,2606],"class_list":{"0":"post-31506","1":"post","2":"type-post","3":"status-publish","4":"format-standard","5":"has-post-thumbnail","7":"category-salud","8":"tag-activa","9":"tag-cerebros","10":"tag-es","11":"tag-espana","12":"tag-health","13":"tag-jovenes","14":"tag-neuronas","15":"tag-salud","16":"tag-social","17":"tag-spain","18":"tag-superabuelos","19":"tag-unicas","20":"tag-vida"},"share_on_mastodon":{"url":"","error":""},"_links":{"self":[{"href":"https:\/\/www.europesays.com\/es\/wp-json\/wp\/v2\/posts\/31506","targetHints":{"allow":["GET"]}}],"collection":[{"href":"https:\/\/www.europesays.com\/es\/wp-json\/wp\/v2\/posts"}],"about":[{"href":"https:\/\/www.europesays.com\/es\/wp-json\/wp\/v2\/types\/post"}],"author":[{"embeddable":true,"href":"https:\/\/www.europesays.com\/es\/wp-json\/wp\/v2\/users\/2"}],"replies":[{"embeddable":true,"href":"https:\/\/www.europesays.com\/es\/wp-json\/wp\/v2\/comments?post=31506"}],"version-history":[{"count":0,"href":"https:\/\/www.europesays.com\/es\/wp-json\/wp\/v2\/posts\/31506\/revisions"}],"wp:featuredmedia":[{"embeddable":true,"href":"https:\/\/www.europesays.com\/es\/wp-json\/wp\/v2\/media\/31507"}],"wp:attachment":[{"href":"https:\/\/www.europesays.com\/es\/wp-json\/wp\/v2\/media?parent=31506"}],"wp:term":[{"taxonomy":"category","embeddable":true,"href":"https:\/\/www.europesays.com\/es\/wp-json\/wp\/v2\/categories?post=31506"},{"taxonomy":"post_tag","embeddable":true,"href":"https:\/\/www.europesays.com\/es\/wp-json\/wp\/v2\/tags?post=31506"}],"curies":[{"name":"wp","href":"https:\/\/api.w.org\/{rel}","templated":true}]}}