{"id":315076,"date":"2025-12-31T05:08:07","date_gmt":"2025-12-31T05:08:07","guid":{"rendered":"https:\/\/www.europesays.com\/es\/315076\/"},"modified":"2025-12-31T05:08:07","modified_gmt":"2025-12-31T05:08:07","slug":"el-papa-leon-xiv-personaje-del-2025-segun-la-enciclopedia-treccani","status":"publish","type":"post","link":"https:\/\/www.europesays.com\/es\/315076\/","title":{"rendered":"El Papa Le\u00f3n XIV, personaje del 2025 seg\u00fan la Enciclopedia Treccani"},"content":{"rendered":"<p>\u00abPor haber orientado su pontificado hacia valores fundamentales de la experiencia cristiana\u00bb es la motivaci\u00f3n del Instituto de la Enciclopedia Italiana para la elecci\u00f3n del Pont\u00edfice como figura simb\u00f3lica del a\u00f1o que est\u00e1 a punto de concluir.&#13;\n<\/p>\n<p style=\"text-align: justify;\"><b>Vatican News<\/b><\/p>\n<p style=\"text-align: justify;\">Le\u00f3n XIV es el Personaje del A\u00f1o 2025 seg\u00fan el Instituto de la Enciclopedia Italiana Treccani, que ha elegido al Papa \u00abpor haber dado a su pontificado una impronta basada en valores fundamentales de la experiencia cristiana, como la sobriedad, la mesura y la escucha, expresi\u00f3n ideal de una Iglesia pobre para los pobres\u00bb. \u00abParsimonioso en su presencia y en sus palabras\u00bb, como recuerda el Libro del A\u00f1o Treccani 2025, Le\u00f3n XIV ha optado por difuminar su propia figura, reducir su exposici\u00f3n medi\u00e1tica y equilibrar posturas y audiencias, sustray\u00e9ndose con paciencia a los intentos de encasillarlo a la derecha o a la izquierda, tanto en el plano pol\u00edtico como en el teol\u00f3gico.<\/p>\n<p><b>Pont\u00edfice en un mundo complejo<\/b> <\/p>\n<p style=\"text-align: justify;\">Le\u00f3n XIV, primer Papa estadounidense, primer misionero en sentido moderno y primer hijo de la Orden de San Agust\u00edn \u2014se lee adem\u00e1s\u2014 est\u00e1 aplicando la capacidad de gobierno adquirida durante su larga misi\u00f3n en Per\u00fa y se encuentra ahora, como Pont\u00edfice, actuando en un mundo en el que potencias que aspiran a volver a ser \u00abnuevamente grandes\u00bb necesitan que otros se empeque\u00f1ezcan en la conciencia de sus propios derechos. En este escenario marcado por desaf\u00edos globales in\u00e9ditos e interconectados, el nuevo Papa est\u00e1 llamado a establecer el orden de prioridades de una agenda compleja, entre nudos que deben desatarse o cortarse, a trav\u00e9s de un camino hecho de decisiones selectivas, respuestas medidas y aplazamientos ponderados, que no promete un consenso f\u00e1cil ni inmediato para un pontificado comprometido con la promoci\u00f3n de una paz \u00abdesarmada y desarmante\u00bb.<\/p>\n<p><b>Importante protagonista de la escena internacional<\/b> <\/p>\n<p style=\"text-align: justify;\">El Libro del A\u00f1o Treccani 2025 \u2014que llega a su vigesimosexta edici\u00f3n\u2014 recorre 365 d\u00edas marcados por tensiones b\u00e9licas, econ\u00f3micas y sociales, pero tambi\u00e9n por sorprendentes acontecimientos de la historia, la actualidad y la cultura, entre los cuales se encuentra, precisamente, la elecci\u00f3n del nuevo Papa. Un relato apasionante a lo largo de 600 p\u00e1ginas, 1.169 noticias en profundidad, 108 art\u00edculos de grandes autores, 95 recuadros editoriales, 81 gr\u00e1ficos y mapas y 446 im\u00e1genes. \u00abHemos intentado narrar con exhaustividad y profundidad de an\u00e1lisis un a\u00f1o dif\u00edcil \u2014observa el director Marcello Sorgi\u2014 gracias a la s\u00f3lida base profesional de la Enciclopedia Treccani y a una red de colaboraciones externas cualificadas que garantizan una mirada amplia y rigurosa sobre un presente muy complejo, y hemos identificado precisamente en la Iglesia del papa Le\u00f3n XIV a un nuevo e importante protagonista de la escena internacional, de ah\u00ed la decisi\u00f3n de nombrarlo Personaje del A\u00f1o\u00bb.<\/p>\n","protected":false},"excerpt":{"rendered":"\u00abPor haber orientado su pontificado hacia valores fundamentales de la experiencia cristiana\u00bb es la motivaci\u00f3n del Instituto de&hellip;\n","protected":false},"author":2,"featured_media":315077,"comment_status":"","ping_status":"","sticky":false,"template":"","format":"standard","meta":{"footnotes":""},"categories":[42],"tags":[17,18,402,9573,13,14,11,61,62,63,64,628,19,20,49065,2508,9,10,15,16,400,11506,12631,12,21,22,403,65,66,67],"class_list":{"0":"post-315076","1":"post","2":"type-post","3":"status-publish","4":"format-standard","5":"has-post-thumbnail","7":"category-internacional","8":"tag-breaking-news","9":"tag-breakingnews","10":"tag-cultura-y-sociedad","11":"tag-evangelizacion","12":"tag-featured-news","13":"tag-featurednews","14":"tag-headlines","15":"tag-internacional","16":"tag-international","17":"tag-international-news","18":"tag-internationalnews","19":"tag-italia","20":"tag-latest-news","21":"tag-latestnews","22":"tag-magisterio-pontificio","23":"tag-misioneros","24":"tag-news","25":"tag-noticias","26":"tag-noticias-destacadas","27":"tag-noticiasdestacadas","28":"tag-papa-leon-xiv","29":"tag-paz","30":"tag-santa-sede","31":"tag-titulares","32":"tag-ultimas-noticias","33":"tag-ultimasnoticias","34":"tag-vaticano","35":"tag-world","36":"tag-world-news","37":"tag-worldnews"},"share_on_mastodon":{"url":"https:\/\/pubeurope.com\/@es\/115812453753726496","error":""},"_links":{"self":[{"href":"https:\/\/www.europesays.com\/es\/wp-json\/wp\/v2\/posts\/315076","targetHints":{"allow":["GET"]}}],"collection":[{"href":"https:\/\/www.europesays.com\/es\/wp-json\/wp\/v2\/posts"}],"about":[{"href":"https:\/\/www.europesays.com\/es\/wp-json\/wp\/v2\/types\/post"}],"author":[{"embeddable":true,"href":"https:\/\/www.europesays.com\/es\/wp-json\/wp\/v2\/users\/2"}],"replies":[{"embeddable":true,"href":"https:\/\/www.europesays.com\/es\/wp-json\/wp\/v2\/comments?post=315076"}],"version-history":[{"count":0,"href":"https:\/\/www.europesays.com\/es\/wp-json\/wp\/v2\/posts\/315076\/revisions"}],"wp:featuredmedia":[{"embeddable":true,"href":"https:\/\/www.europesays.com\/es\/wp-json\/wp\/v2\/media\/315077"}],"wp:attachment":[{"href":"https:\/\/www.europesays.com\/es\/wp-json\/wp\/v2\/media?parent=315076"}],"wp:term":[{"taxonomy":"category","embeddable":true,"href":"https:\/\/www.europesays.com\/es\/wp-json\/wp\/v2\/categories?post=315076"},{"taxonomy":"post_tag","embeddable":true,"href":"https:\/\/www.europesays.com\/es\/wp-json\/wp\/v2\/tags?post=315076"}],"curies":[{"name":"wp","href":"https:\/\/api.w.org\/{rel}","templated":true}]}}