{"id":315078,"date":"2025-12-31T05:10:43","date_gmt":"2025-12-31T05:10:43","guid":{"rendered":"https:\/\/www.europesays.com\/es\/315078\/"},"modified":"2025-12-31T05:10:43","modified_gmt":"2025-12-31T05:10:43","slug":"san-lorenzo-de-el-escorial-acoge-una-nueva-edicion-de-la-feria-de-las-artes-escenicas-madferia-del-26-al-30-de-enero","status":"publish","type":"post","link":"https:\/\/www.europesays.com\/es\/315078\/","title":{"rendered":"San Lorenzo de El Escorial acoge una nueva edici\u00f3n de la feria de las artes esc\u00e9nicas MADferia, del 26 al 30 de enero"},"content":{"rendered":"<p>Del 26 al 30 de enero, San Lorenzo de El Escorial repite como una de las sedes de MADferia, <strong>tras la buena experiencia del a\u00f1o pasado, en la que, no solo se acogi\u00f3 a alrededor de 400 profesionales<\/strong> de todo el panorama nacional de la cultura y las artes esc\u00e9nicas, sino que <strong>los vecinos del municipio pudieron participar activamente <\/strong>a trav\u00e9s de distintas propuestas art\u00edsticas de la feria.<\/p>\n<p>Adem\u00e1s de los espect\u00e1culos programados en Madrid, <strong>podr\u00e1n verse actividades esc\u00e9nicas en el Real Coliseo Carlos III y en el Teatro Auditorio.<\/strong> Se trata de <a href=\"https:\/\/madferia.com\/programacion\/\" rel=\"nofollow noopener\" target=\"_blank\">17 propuestas<\/a> de teatro, danza, circo-clown y performance. Con esta diversidad de propuestas se abarca no solo a un p\u00fablico adulto, sino tambi\u00e9n a obras enfocadas a un p\u00fablico infantil y juvenil.<\/p>\n<p>Adem\u00e1s, como en ediciones anteriores, <strong>MADferia tambi\u00e9n incluir\u00e1 una decena de\u00a0actividades profesionales\u00a0destinadas a fomentar el encuentro, la reflexi\u00f3n y el debate<\/strong> entre los asistentes, como la\u00a0\u201cJornada eMAD\u201d,\u00a0la\u00a0\u201cLanzadera: p\u00edldoras de innovaci\u00f3n\u201d, que da visibilidad a proyectos emergentes e innovadores de emprendimiento en gesti\u00f3n cultural, \u201cEncuentros con la Creaci\u00f3n\u201d, donde se presentar\u00e1n proyectos en fase de creaci\u00f3n de las distintas disciplinas de las artes esc\u00e9nicas, adem\u00e1s de otras actividades como CAFEMAD, las charlas que la Comisi\u00f3n de la Mujer de Artemad dedica a profesionales femeninas del sector, o el Taller de COFAE, la Coordinadora de Ferias de Artes Esc\u00e9nicas del Estado.<\/p>\n<p>Adem\u00e1s, de forma transversal y permanente, durante toda la feria estar\u00e1 en funcionamiento el Espacio MADpro, el punto de encuentro oficial de MADferia, donde los profesionales podr\u00e1n mantener reuniones r\u00e1pidas que hayan agendado a trav\u00e9s de la APP de MADferia.\u00a0<\/p>\n<p><a href=\"https:\/\/madferia.com\/programacion\/\" rel=\"nofollow noopener\" target=\"_blank\"><strong>Puedes consultar aqu\u00ed la programaci\u00f3n completa.<\/strong><\/a><\/p>\n","protected":false},"excerpt":{"rendered":"Del 26 al 30 de enero, San Lorenzo de El Escorial repite como una de las sedes de&hellip;\n","protected":false},"author":2,"featured_media":315079,"comment_status":"","ping_status":"","sticky":false,"template":"","format":"standard","meta":{"footnotes":""},"categories":[5],"tags":[17,18,25,24,13,14,11,19,20,9,10,15,16,23,12,21,22],"class_list":{"0":"post-315078","1":"post","2":"type-post","3":"status-publish","4":"format-standard","5":"has-post-thumbnail","7":"category-titulares","8":"tag-breaking-news","9":"tag-breakingnews","10":"tag-es","11":"tag-espana","12":"tag-featured-news","13":"tag-featurednews","14":"tag-headlines","15":"tag-latest-news","16":"tag-latestnews","17":"tag-news","18":"tag-noticias","19":"tag-noticias-destacadas","20":"tag-noticiasdestacadas","21":"tag-spain","22":"tag-titulares","23":"tag-ultimas-noticias","24":"tag-ultimasnoticias"},"share_on_mastodon":{"url":"https:\/\/pubeurope.com\/@es\/115812461581005491","error":""},"_links":{"self":[{"href":"https:\/\/www.europesays.com\/es\/wp-json\/wp\/v2\/posts\/315078","targetHints":{"allow":["GET"]}}],"collection":[{"href":"https:\/\/www.europesays.com\/es\/wp-json\/wp\/v2\/posts"}],"about":[{"href":"https:\/\/www.europesays.com\/es\/wp-json\/wp\/v2\/types\/post"}],"author":[{"embeddable":true,"href":"https:\/\/www.europesays.com\/es\/wp-json\/wp\/v2\/users\/2"}],"replies":[{"embeddable":true,"href":"https:\/\/www.europesays.com\/es\/wp-json\/wp\/v2\/comments?post=315078"}],"version-history":[{"count":0,"href":"https:\/\/www.europesays.com\/es\/wp-json\/wp\/v2\/posts\/315078\/revisions"}],"wp:featuredmedia":[{"embeddable":true,"href":"https:\/\/www.europesays.com\/es\/wp-json\/wp\/v2\/media\/315079"}],"wp:attachment":[{"href":"https:\/\/www.europesays.com\/es\/wp-json\/wp\/v2\/media?parent=315078"}],"wp:term":[{"taxonomy":"category","embeddable":true,"href":"https:\/\/www.europesays.com\/es\/wp-json\/wp\/v2\/categories?post=315078"},{"taxonomy":"post_tag","embeddable":true,"href":"https:\/\/www.europesays.com\/es\/wp-json\/wp\/v2\/tags?post=315078"}],"curies":[{"name":"wp","href":"https:\/\/api.w.org\/{rel}","templated":true}]}}