{"id":315094,"date":"2025-12-31T05:27:11","date_gmt":"2025-12-31T05:27:11","guid":{"rendered":"https:\/\/www.europesays.com\/es\/315094\/"},"modified":"2025-12-31T05:27:11","modified_gmt":"2025-12-31T05:27:11","slug":"la-incidencia-de-la-gripe-baja-por-segunda-semana-consecutiva-y-las-infecciones-respiratorias-caen-un-25-2","status":"publish","type":"post","link":"https:\/\/www.europesays.com\/es\/315094\/","title":{"rendered":"La incidencia de la gripe baja por segunda semana consecutiva y las infecciones respiratorias caen un 25%"},"content":{"rendered":"<p>Los contagios de gripe han bajado por segunda semana consecutiva en la Comunitat Valenciana con lo que la incidencia de infecciones respiratorias agudas (IRA) ha ca\u00eddo un 25,3% hasta los 885,9 casos cada 100.000 habitantes frente a los 1.186,5 del periodo anterior.<\/p>\n<p> As\u00ed, se desprende del \u00faltimo informe del Sistema de Vigilancia de Infecciones Respiratorias Agudas de la Comunitat Valenciana (SiVIRA) de la Conselleria de Sanidad, en la \u00faltima semana del a\u00f1o, la 52\u00ba, (del 22 al 28 de diciembre).<\/p>\n<p>De este modo, el pico de la presente campa\u00f1a se ha alcanzado hasta el momento en la semana 49\u00ba del a\u00f1o cuando se lleg\u00f3 a los 1.192,5 casos y la incidencia al cierre de 2025 es la cifra m\u00e1s baja desde la semana 47\u00ba, del 17 al 23 de noviembre, cuando se situaba en 787,8 casos. Por su parte, la incidencia nacional, seg\u00fan los \u00faltimos datos que corresponden a la semana anterior, a la 51\u00aa, se sit\u00faa en 834,1 casos.<\/p>\n<p>En concreto, la gripe ha bajado un 31,46% al pasar de 333,2 casos por 100.000 habitantes a 227,7 casos. Por su parte, el virus respiratorio sincitial (VRS), causante de la bronquiolitis, tambi\u00e9n ha bajado de 108 casos a 70,9 casos. Por contra, la covid ha subido de 21,4 casos y 26,6 casos.<\/p>\n<p>La incidencia de los virus respiratorios ha bajado en todos los tramos de edades. As\u00ed, en el grupo m\u00e1s afectado, los menores de 4 a\u00f1os, ha ca\u00eddo de 4.282,1 casos a 3.114,9 casos, mientras que entre los mayores de 65 a\u00f1os la incidencia ha descendido de 981,7 casos a 746,9 casos.<\/p>\n<p> Por su parte, la incidencia de ingresos hospitalarios ha subido de 25,3 casos a 25,7 casos.<\/p>\n","protected":false},"excerpt":{"rendered":"Los contagios de gripe han bajado por segunda semana consecutiva en la Comunitat Valenciana con lo que la&hellip;\n","protected":false},"author":2,"featured_media":315095,"comment_status":"","ping_status":"","sticky":false,"template":"","format":"standard","meta":{"footnotes":""},"categories":[92],"tags":[3582,25,24,165,12643,166,23,25206,1529,21],"class_list":{"0":"post-315094","1":"post","2":"type-post","3":"status-publish","4":"format-standard","5":"has-post-thumbnail","7":"category-salud","8":"tag-comunidades","9":"tag-es","10":"tag-espana","11":"tag-health","12":"tag-noticias-interesantes","13":"tag-salud","14":"tag-spain","15":"tag-t-800","16":"tag-ultima-hora","17":"tag-ultimas-noticias"},"share_on_mastodon":{"url":"https:\/\/pubeurope.com\/@es\/115812528492281641","error":""},"_links":{"self":[{"href":"https:\/\/www.europesays.com\/es\/wp-json\/wp\/v2\/posts\/315094","targetHints":{"allow":["GET"]}}],"collection":[{"href":"https:\/\/www.europesays.com\/es\/wp-json\/wp\/v2\/posts"}],"about":[{"href":"https:\/\/www.europesays.com\/es\/wp-json\/wp\/v2\/types\/post"}],"author":[{"embeddable":true,"href":"https:\/\/www.europesays.com\/es\/wp-json\/wp\/v2\/users\/2"}],"replies":[{"embeddable":true,"href":"https:\/\/www.europesays.com\/es\/wp-json\/wp\/v2\/comments?post=315094"}],"version-history":[{"count":0,"href":"https:\/\/www.europesays.com\/es\/wp-json\/wp\/v2\/posts\/315094\/revisions"}],"wp:featuredmedia":[{"embeddable":true,"href":"https:\/\/www.europesays.com\/es\/wp-json\/wp\/v2\/media\/315095"}],"wp:attachment":[{"href":"https:\/\/www.europesays.com\/es\/wp-json\/wp\/v2\/media?parent=315094"}],"wp:term":[{"taxonomy":"category","embeddable":true,"href":"https:\/\/www.europesays.com\/es\/wp-json\/wp\/v2\/categories?post=315094"},{"taxonomy":"post_tag","embeddable":true,"href":"https:\/\/www.europesays.com\/es\/wp-json\/wp\/v2\/tags?post=315094"}],"curies":[{"name":"wp","href":"https:\/\/api.w.org\/{rel}","templated":true}]}}