{"id":315106,"date":"2025-12-31T05:33:45","date_gmt":"2025-12-31T05:33:45","guid":{"rendered":"https:\/\/www.europesays.com\/es\/315106\/"},"modified":"2025-12-31T05:33:45","modified_gmt":"2025-12-31T05:33:45","slug":"se-solapan-el-dolor-el-trauma-y-haber-sobrevivido-a-sus-hijos","status":"publish","type":"post","link":"https:\/\/www.europesays.com\/es\/315106\/","title":{"rendered":"Se solapan el dolor, el trauma y haber sobrevivido a sus hijos"},"content":{"rendered":"<p class=\"paragraph\" id=\"paragraph_1\">El 26 de diciembre de 2025, el para\u00edso se convirti\u00f3 en tragedia y el mar se llev\u00f3 todos los sue\u00f1os y el futuro de una familia al completo. No s\u00f3lo de los que fallecieron en el dram\u00e1tico naufragio ocurrido frente a la isla de Padar (Indonesia), tambi\u00e9n los de Andrea Ortu\u00f1o, la madre que logr\u00f3 sobrevivir y que ahora enfrenta el inicio de un proceso largo y doloroso: el duelo<\/p>\n<p class=\"paragraph\" id=\"paragraph_2\">Los hechos sucedieron cuando la embarcaci\u00f3n tur\u00edstica en la que viajaban sufri\u00f3 una aver\u00eda en el motor y acab\u00f3 hundi\u00e9ndose debido a las malas condiciones meteorol\u00f3gicas. Mientras ella estaba con una de sus peque\u00f1as en cubierta y<strong> ambas lograron ser rescatadas<\/strong>, su marido, Fernando, y otros tres hijos quedaron atrapados en el interior. Al cierre de esta edici\u00f3n, s\u00f3lo se hab\u00eda encontrado uno de los cuatro cuerpos.<\/p>\n<p class=\"paragraph\" id=\"paragraph_3\">El suceso tiene particularidades que lo hacen m\u00e1s complicado debido a un contexto familiar que necesita ser explicado y que <strong>extiende el proceso de la p\u00e9rdida a otra madre y otro padre<\/strong>. Andrea y el entrenador del Valencia CF Femenino B Fernando Mart\u00edn Carreras \u00fanicamente ten\u00edan un ni\u00f1o en com\u00fan, que no les hab\u00eda acompa\u00f1ado en estas vacaciones debido a su corta edad permaneciendo en Espa\u00f1a.<\/p>\n<p><img decoding=\"async\" alt=\"Los equipos de rescate de Indonesia recuperan el cad\u00e1ver de la ni\u00f1a espa\u00f1ola desaparecida.\" data-imgm=\"true\" height=\"180\" loading=\"lazy\"  src=\"https:\/\/www.europesays.com\/es\/wp-content\/uploads\/2025\/12\/1003744071940_260691061_1024x576.jpg\"  width=\"320\"\/><\/p>\n<p>                                                            Los equipos de rescate de Indonesia recuperan el cad\u00e1ver de la ni\u00f1a espa\u00f1ola desaparecida.<\/p>\n<p>                    Efe<\/p>\n<p class=\"paragraph\" id=\"paragraph_5\">Ambos se hab\u00edan casado hace un a\u00f1o aproximadamente, <strong>aportando a su nueva familia descendientes de anteriores parejas<\/strong>. Andrea Ortu\u00f1o, cuatro hijos, de los cuales viajaron a Indonesia tres, entre ellos la superviviente de siete a\u00f1os; otra ni\u00f1a, cuyo cad\u00e1ver ella misma tuvo que identificar; y un chico, a\u00fan desaparecido. El progenitor de estos menores, de origen uruguayo, ya se encuentra en la isla. <\/p>\n<p class=\"paragraph\" id=\"paragraph_6\">Fernando tambi\u00e9n llegaba a esa relaci\u00f3n con otro hijo llamado Mateo, fruto de una larga relaci\u00f3n con una empresaria de cosm\u00e9tica valenciana llamada Silvia, y que tampoco logr\u00f3 salir con vida del accidente. As\u00ed, el devastador accidente ha dejado<strong> cuatro familias rotas y dos madres, devastadas<\/strong>.<\/p>\n<p class=\"paragraph\" id=\"paragraph_7\">Comienza para ellas la etapa m\u00e1s dif\u00edcil de su vida; mismo dolor, diferentes circunstancias que<strong> marcar\u00e1n el devenir de ese duelo traum\u00e1tico<\/strong> y el camino hacia un futuro marcado por la ausencia. La terapia psicol\u00f3gica ser\u00e1 crucial \u2014acompa\u00f1ada de la medicaci\u00f3n\u2014 para tratar de recomponer los trocitos de su propia existencia.<\/p>\n<p class=\"paragraph\" id=\"paragraph_8\">Para entender mejor el proceso, Magas ha consultado con <strong>dos expertas en psicolog\u00eda<\/strong>, que coinciden en afirmar lo complicado de la situaci\u00f3n, aunque afrontado desde diferentes prismas.<\/p>\n<p>S\u00edndrome de la madre superviviente<\/p>\n<p class=\"paragraph\" id=\"paragraph_9\">Andrea Ortu\u00f1o ha perdido dos hijos y ha sobrevivido a la tragedia junto a su hija peque\u00f1a por un capricho del destino. \u00bfC\u00f3mo afrontar este doble sentimiento entre la vida y la muerte? La psic\u00f3loga Lara Ferreiro responde: \u00abPuede <strong>aparecer el s\u00edndrome de la madre superviviente<\/strong>, al preguntarse &#8216;por qu\u00e9 yo&#8217;. Se debaten entre el dolor y el agradecimiento por estar viva y hay una gran dificultad para proyectar el futuro. La culpa es normal, es importante que ella sepa que sobrevivir no es traicionarles\u00bb. <\/p>\n<p class=\"paragraph\" id=\"paragraph_10\">\u00abEs un dolor extremo, porque la p\u00e9rdida de un hijo es lo m\u00e1s traum\u00e1tico que te puede pasar, m\u00e1s que tu pareja; <strong>es morir en vida<\/strong>\u00ab, a\u00f1ade. Como explica tambi\u00e9n la directora del centro de psicolog\u00eda &#8216;Aprende a escucharte&#8217;, Ana Villarubia, es la dura paradoja de la supervivencia.<\/p>\n<p class=\"paragraph\" id=\"paragraph_11\">\u00abSon muchas las v\u00edctimas directas de esta tragedia. Tanto los que sobrevivieron all\u00ed in situ como los que quedaron aqu\u00ed en Espa\u00f1a se enfrentan a l<strong>a atroz tortura de la responsabilidad extrema<\/strong> que se torna en culpa, a ese proceso en el que se revisita cada decisi\u00f3n del pasado deseando, anhelando y ansiando poderlo cambiar. Deshacerse de esos pensamientos intrusivos ser\u00e1 parte del proceso de elaboraci\u00f3n del duelo\u00bb, asegura.<\/p>\n<p class=\"paragraph\" id=\"paragraph_12\">En efecto, lejos de la isla asi\u00e1tica, se encontraba otra madre, la de Mateo, el hijo que tuvo con Fernando Mart\u00edn Carreras. Ella no estuvo presente y enterarse de lo sucedido estando a miles de kil\u00f3metros y sin esperarlo tambi\u00e9n es un shock paralizante.<\/p>\n<p class=\"paragraph\" id=\"paragraph_13\">\u00abSe trata de un <strong>duelo iniciado a distancia<\/strong>, sin posibilidad de poder haber hecho algo por proteger a unos hijos que en ese momento est\u00e1n confiados al otro progenitor. En este caso, la aceptaci\u00f3n de la fatalidad es la \u00fanica v\u00eda posible para no enfrentarse a aquella persona que sufre tanto o m\u00e1s que uno mismo y que es la que principalmente puede servir de apoyo\u00bb, dice Villarubia.<\/p>\n<p class=\"paragraph\" id=\"paragraph_14\">Y, sin embargo, reconoce que, tristemente, una situaci\u00f3n como esta puede romper relaciones: <strong>\u00abLa mente humana tiende a buscar culpables<\/strong> all\u00ed donde no los hay, all\u00ed donde lo que ha de prevalecer es el v\u00ednculo. Esto \u00faltimo resulta mucho m\u00e1s terap\u00e9utico: refugiarse en eso\u00bb.<\/p>\n<p class=\"paragraph\" id=\"paragraph_15\">La culpa vuelve a ser protagonista, seg\u00fan explica Ferreiro: <strong>\u00abPiensas &#8216;no deber\u00eda hacerle dejado ir&#8230;&#8217;.<\/strong> Adem\u00e1s, el no haber estado presente hace que la mente se vaya a lo peor a imaginar cosas muy duras. Los duelos diferidos suelen ser los m\u00e1s complejos\u00bb.<\/p>\n<p class=\"paragraph\" id=\"paragraph_16\">El hecho de que este caso sea tan medi\u00e1tico ayuda en cuanto a la visibilizaci\u00f3n y oportunidad de medios de rescate, aunque tambi\u00e9n puede afectar mucho emocionalmente, porque se convierte en p\u00fablico.<\/p>\n<p class=\"paragraph\" id=\"paragraph_17\">Pero no todo es negativo. As\u00ed lo analiza la experta en duelo traum\u00e1tico: \u00abEl calor y el apoyo de toda la sociedad pueden ser \u00fatiles por varios motivos: est\u00e1n lejos y ayuda a no sentirse solos y desvalidos y <strong>el agradecimiento es la mejor estrategia<\/strong> y el afrontamiento m\u00e1s humano para reconciliarte con la vida en un momento en el que la tragedia se ha cebado contigo y te ha roto todos los pilares b\u00e1sicos de tu existencia\u00bb.<\/p>\n<p class=\"paragraph\" id=\"paragraph_18\">Ambas profesionales coinciden en afirmar que la terapia, pese a ser compleja y larga, es el \u00fanico modo de tratar de salir adelante. \u00abSe da un solapamiento entre el dolor, el trauma y la supervivencia. Entre el 40 y el 60% de supervivientes de este tipo de tragedias <strong>desarrollan m\u00faltiples traumas, depresi\u00f3n, estr\u00e9s, ansiedad<\/strong>&#8230; Es important\u00edsimo el papel del psic\u00f3logo\u00bb, afirma Lara Ferreiro.<\/p>\n<p class=\"paragraph\" id=\"paragraph_19\">El tratamiento ha de ser necesariamente integral, tal y como lo estructura Villarubia.<\/p>\n<ul class=\"content__summary-list content__summary-list--bullets\">\n<li class=\"summary-list__item\">Apoyo m\u00e9dico para calmar la angustia y poder descansar.<\/li>\n<li class=\"summary-list__item\">Apoyo psicol\u00f3gico (quiz\u00e1 de por vida) para elaborar la ausencia, acallar pensamientos irracionales y convivir en esa b\u00fasqueda de una direcci\u00f3n valiosa alternativa.<\/li>\n<li class=\"summary-list__item\">Apoyo social para que los suyos sean recordados y ocupen un lugar f\u00edsico y simb\u00f3lico en este mundo, a pesar de que ese lugar ya nunca pueda ser f\u00edsico.<\/li>\n<li class=\"summary-list__item\">Apoyo vecinal y de la familia extensa que es fundamental.<\/li>\n<li class=\"summary-list__item\">Apoyo institucional para darle trascendencia p\u00fablica y para saberse respaldados. Tambi\u00e9n deben acompa\u00f1ar las autoridades para entender que no est\u00e1n solos a pesar de la tremenda y desgarradora soledad percibida, para que les doten de los medios necesarios en cada etapa, que ir\u00e1n variando\u2026<\/li>\n<\/ul>\n<p class=\"paragraph\" id=\"paragraph_20\">En este camino, Andrea Ordu\u00f1o tiene una <strong>raz\u00f3n poderosa para seguir adelante<\/strong>, que a su vez es un reto. Tiene un hijo peque\u00f1o, que se qued\u00f3 en Valencia mientras ellos viajaban, otro mayor, que no les acompa\u00f1\u00f3, y a la peque\u00f1a de siete a\u00f1os que sobrevivi\u00f3 a la cat\u00e1strofe. Ayudarla en su propio duelo y seguir cuid\u00e1ndolos a todos la &#8216;obliga&#8217; a levantarse.<\/p>\n<p><img decoding=\"async\" alt=\"Equipos de rescate de Indonesia durante la b\u00fasqueda de desaparecidos.\" data-imgm=\"true\" height=\"180\" loading=\"lazy\"  src=\"https:\/\/www.europesays.com\/es\/wp-content\/uploads\/2025\/12\/1003744071015_260679653_1024x576.jpg\"  width=\"320\"\/><\/p>\n<p>                                                            Equipos de rescate de Indonesia durante la b\u00fasqueda de desaparecidos.<\/p>\n<p>                    EFE.<\/p>\n<p class=\"paragraph\" id=\"paragraph_21\">\u00abSe agarrar\u00e1 a esto y puede ser positivo, aunque tambi\u00e9n hay que tener cuidado con<strong> poner su duelo en segundo plano e invisibilizar su sufrimiento<\/strong>\u00ab, advierte Ferreiro. Lo mismo opina su compa\u00f1era de profesi\u00f3n, que incide en otro aspecto importante que es en s\u00ed mismo, como comentan, un desaf\u00edo.<\/p>\n<p>Seguir adelante<\/p>\n<p class=\"paragraph\" id=\"paragraph_22\">\u00abUn hijo del que cuidar, a\u00fan con la devastadora p\u00e9rdida de todo lo dem\u00e1s, permite reunir fuerzas, pero tambi\u00e9n es importante entender que no se le puede proteger de todo y de todos, que no se le podr\u00e1 ahorrar el sufrimiento, que llevar\u00e1 un proceso emocional en ocasiones paralelo y en otras ocasiones independiente en el que <strong>no sufrir no podr\u00e1 ser una opci\u00f3n<\/strong>\u00ab, analiza.<\/p>\n<p class=\"paragraph\" id=\"paragraph_23\">En su opini\u00f3n, Andrea y su peque\u00f1a tendr\u00e1n que redise\u00f1ar sus esquemas y sus prop\u00f3sitos de vida, encontr\u00e1ndole un nuevo sentido a un futuro que jam\u00e1s hubieran imaginado.<\/p>\n<p class=\"paragraph\" id=\"paragraph_24\">Mientras las autoridades indonesias siguen trabajando por recuperar los cuerpos de Fernando y los dos ni\u00f1os \u2014el de la otra v\u00edctima ya fue hallado\u2014, la familia de Ortu\u00f1o asegura que <strong>no se marchar\u00e1 de all\u00ed mientras no est\u00e9n \u00abtodos juntos\u00bb<\/strong> y que su \u00abobsesi\u00f3n\u00bb es que aparezcan. Para ella, como tambi\u00e9n en el caso de Silvia, dar con sus seres queridos es crucial para empezar a sanar.<\/p>\n<p class=\"paragraph\" id=\"paragraph_25\">\u00abEncontrarlos\u2026 o al menos intentarlo. \u00bfRecord\u00e1is el caso de la mam\u00e1 de Anna y Olivia? Solo encontr\u00f3 el cuerpo de una de sus hijas, pero en \u00e9l simboliz\u00f3 el de ambas. Si qued\u00f3 \u201ctranquila\u201d y pudo empezar su duelo con cierta paz dentro del drama. Es importante sentir que su parte est\u00e1 hecha al 200 por 100, que puso todo de s\u00ed misma para regresar todos a Espa\u00f1a\u00bb, asegura Ana Villarubia.<\/p>\n<p class=\"paragraph\" id=\"paragraph_26\">Por su parte, Ferreiro incide en una frase rotunda: \u00ab<strong>sin cuerpo no hay duelo<\/strong>. Encontrarlos es clave, porque puedes enterrarlos, ir al cementerio, supone un s\u00edmbolo de cierre\u00bb. No hay una duraci\u00f3n m\u00e1gica para afrontar el dolor de una p\u00e9rdida, pero lo que s\u00ed est\u00e1 constatado es que el 10% de las personas desarrollan un duelo patol\u00f3gico muy dif\u00edcil de gestionar.<\/p>\n<p class=\"paragraph\" id=\"paragraph_27\">Andrea sigue y seguir\u00e1 en Indonesia pendiente de las labores de rescate. En Espa\u00f1a, Silvia Garc\u00eda, seg\u00fan ha declarado una persona muy pr\u00f3xima a ella en el diario Las Provincias, se encuentra en un estado de \u00abprofunda devastaci\u00f3n emocional\u00bb. Ha perdido a<strong> su \u00fanico hijo<\/strong><strong>, de nueve a\u00f1os,<\/strong> que hab\u00eda heredado la pasi\u00f3n por el f\u00fatbol de su padre, Fernando. Ahora, su familia y su c\u00edrculo \u00edntimo de amigos la apoyan en la desolaci\u00f3n. <\/p>\n<p class=\"paragraph\" id=\"paragraph_28\">Y, como insisten las psic\u00f3logas consultadas por este medio, ese soporte debe permanecer a lo largo del tiempo. Los duelos ser\u00e1n largos.<\/p>\n","protected":false},"excerpt":{"rendered":"El 26 de diciembre de 2025, el para\u00edso se convirti\u00f3 en tragedia y el mar se llev\u00f3 todos&hellip;\n","protected":false},"author":2,"featured_media":315107,"comment_status":"","ping_status":"","sticky":false,"template":"","format":"standard","meta":{"footnotes":""},"categories":[5],"tags":[17,18,25,24,13,14,11,12606,19,20,1913,9,10,15,16,13476,23,12,21,22],"class_list":{"0":"post-315106","1":"post","2":"type-post","3":"status-publish","4":"format-standard","5":"has-post-thumbnail","7":"category-titulares","8":"tag-breaking-news","9":"tag-breakingnews","10":"tag-es","11":"tag-espana","12":"tag-featured-news","13":"tag-featurednews","14":"tag-headlines","15":"tag-indonesia","16":"tag-latest-news","17":"tag-latestnews","18":"tag-maternidad","19":"tag-news","20":"tag-noticias","21":"tag-noticias-destacadas","22":"tag-noticiasdestacadas","23":"tag-salud-y-bienestar","24":"tag-spain","25":"tag-titulares","26":"tag-ultimas-noticias","27":"tag-ultimasnoticias"},"share_on_mastodon":{"url":"https:\/\/pubeurope.com\/@es\/115812552148789589","error":""},"_links":{"self":[{"href":"https:\/\/www.europesays.com\/es\/wp-json\/wp\/v2\/posts\/315106","targetHints":{"allow":["GET"]}}],"collection":[{"href":"https:\/\/www.europesays.com\/es\/wp-json\/wp\/v2\/posts"}],"about":[{"href":"https:\/\/www.europesays.com\/es\/wp-json\/wp\/v2\/types\/post"}],"author":[{"embeddable":true,"href":"https:\/\/www.europesays.com\/es\/wp-json\/wp\/v2\/users\/2"}],"replies":[{"embeddable":true,"href":"https:\/\/www.europesays.com\/es\/wp-json\/wp\/v2\/comments?post=315106"}],"version-history":[{"count":0,"href":"https:\/\/www.europesays.com\/es\/wp-json\/wp\/v2\/posts\/315106\/revisions"}],"wp:featuredmedia":[{"embeddable":true,"href":"https:\/\/www.europesays.com\/es\/wp-json\/wp\/v2\/media\/315107"}],"wp:attachment":[{"href":"https:\/\/www.europesays.com\/es\/wp-json\/wp\/v2\/media?parent=315106"}],"wp:term":[{"taxonomy":"category","embeddable":true,"href":"https:\/\/www.europesays.com\/es\/wp-json\/wp\/v2\/categories?post=315106"},{"taxonomy":"post_tag","embeddable":true,"href":"https:\/\/www.europesays.com\/es\/wp-json\/wp\/v2\/tags?post=315106"}],"curies":[{"name":"wp","href":"https:\/\/api.w.org\/{rel}","templated":true}]}}