{"id":315108,"date":"2025-12-31T05:41:12","date_gmt":"2025-12-31T05:41:12","guid":{"rendered":"https:\/\/www.europesays.com\/es\/315108\/"},"modified":"2025-12-31T05:41:12","modified_gmt":"2025-12-31T05:41:12","slug":"un-imperial-valencia-basket-se-coloca-lider-de-la-euroliga-86-73","status":"publish","type":"post","link":"https:\/\/www.europesays.com\/es\/315108\/","title":{"rendered":"Un imperial Valencia Basket se coloca l\u00edder de la Euroliga (86-73)"},"content":{"rendered":"<p class=\"ft-text\">El <strong>Valencia Basket<\/strong> dobleg\u00f3 este martes al mejorado <strong>Partizan de Belgrado de Joan Pe\u00f1arroya<\/strong>, que le llev\u00f3 a remolque casi tres cuartos pero al que finalmente desbord\u00f3 en el \u00faltimo parcial de la mano del talentoso Darius Thompson y de su hambre por el rebote ofensivo, para <strong>cerrar 2025 y la primera vuelta en lo m\u00e1s alto de la Euroliga<\/strong>.<\/p>\n<p class=\"ft-text\">Duro y concentrado para doblegar a un rival que supo jugar coral de la mano de <strong>Nick Calathes<\/strong> y directo sin \u00e9l, el conjunto &#8216;taronja&#8217; cerr\u00f3 una brillante primera vuelta. Su balance de 13 triunfos en 19 partidos es el mejor de la competici\u00f3n junto con el del <strong>Hapoel Tel Aviv<\/strong>, el \u00fanico que le ha ganado en su casa, y a la espera de ver si se les une este mi\u00e9rcoles el Panathiniakos<\/p>\n<p><img decoding=\"async\" src=\"https:\/\/www.europesays.com\/es\/wp-content\/uploads\/2025\/12\/50d192e0-80cb-43d0-a6b9-0f79449c27a1_alta-libre-aspect-ratio_default_0.jpg\" width=\"1200\" height=\"747\" alt=\"Valencia Basket-Partizan de Pe\u00f1arroya.\" class=\"ft-helper-img-rd\" loading=\"lazy\"\/><\/p>\n<p class=\"ft-helper-fontColor-quaternary ft-helper-fontSize-body-S ft-helper-spacer-t-xxs\">Valencia Basket-Partizan de Pe\u00f1arroya.  \/ Francisco Calabuig <\/p>\n<p class=\"ft-text\">Pese al lastre de sus tres \u00faltimas derrotas, arranc\u00f3 el Partizan con una pegajosa defensa que hizo dudar al Valencia y decidido a explotar en ataque el buen f\u00edsico de su quinteto inicial sin recurrir apenas a la circulaci\u00f3n. Comandado por el certero <strong>Sterling Brown<\/strong>, el equipo serbio acert\u00f3 en sus primeros siete tiros para firmar un 6-17 de salida en apenas cinco minutos.<\/p>\n<p class=\"ft-text\">La entrada de <strong>Omari Moore <\/strong>dio mordiente al Valencia y la de <strong>Neal Sako<\/strong>, pese a sus problemas para anotar, aport\u00f3 energ\u00eda cerca de ambas canastas. Con esos dos ingredientes, los locales se metieron en el partido y un par de fogonazos de Thompson acabaron de encender su mecha, aunque no le dio a los locales para ponerse por delante.<\/p>\n<p class=\"ft-text\">La presencia de <strong>Calathes <\/strong>transform\u00f3 los ataques serbios. El griego hizo correr la pelota de una esquina a otra y la defensa &#8216;taronja&#8217; sufri\u00f3 yendo detr\u00e1s de ella sin poder interceptarla. Cuando el Valencia se abri\u00f3 para ocupar m\u00e1s pista, el base abri\u00f3 otra v\u00eda de agua por el centro y los visitantes consiguieron mantenerse arriba (29-35, m.16).<\/p>\n<p class=\"ft-text\">Su regreso al banquillo a coger aire tras siete minutos en la pista dej\u00f3 hu\u00e9rfano al Partizan y en menos de un minuto, los locales, de la mano de<strong> Papi Badio y Matt Costello<\/strong>, empataron con un par de triples. Trat\u00f3 <strong>Pe\u00f1arroya<\/strong> de frenar esa din\u00e1mica con un tiempo muerto y un juego mucho m\u00e1s directo que aliment\u00f3 a Isaac Bonga y lo consigui\u00f3.<\/p>\n<p><img decoding=\"async\" src=\"https:\/\/www.europesays.com\/es\/wp-content\/uploads\/2025\/12\/25af4044-52a0-4c6a-bef3-42b64da45c01_alta-libre-aspect-ratio_default_0.jpg\" width=\"1200\" height=\"781\" alt=\"Valencia Basket-Partizan de Pe\u00f1arroya.\" class=\"ft-helper-img-rd\" loading=\"lazy\"\/><\/p>\n<p class=\"ft-helper-fontColor-quaternary ft-helper-fontSize-body-S ft-helper-spacer-t-xxs\">Valencia Basket-Partizan de Pe\u00f1arroya.  \/ Francisco Calabuig<\/p>\n<p class=\"ft-text\">Sorprendido por la reacci\u00f3n de un rival al que ve\u00eda desbordado, el Valencia se tuvo que contentar con llegar al descanso con el marcador empatado <strong>(43-43, m.20)<\/strong>.<\/p>\n<p class=\"ft-text\">Tras el descanso, Pe\u00f1arroya reserv\u00f3 de nuevo a<strong> Calathes y Bonga <\/strong>aguant\u00f3 a los serbios en un intercambio de canastas en el un par de nuevos aciertos desde fuera de <strong>Badio y Costello<\/strong> no bastaron al Valencia.<\/p>\n<p class=\"ft-text\">Los locales siguieron a lo suyo. Subieron la tensi\u00f3n defensiva y con la mejor versi\u00f3n de la temporada de Sako mantuvieron el control del rebote en su canasta y pelearon por los rechaces en la contraria. Dos triples de Darius Thompson en los \u00faltimos compases del tercer cuarto premiaron la tenacidad &#8216;taronja&#8217; y giraron el partido <strong>(65-63, m.30)<\/strong>.<\/p>\n<p class=\"ft-text\">De nuevo pudo caerse el equipo de Belgrado y otra vez aguant\u00f3 el tipo, para satisfacci\u00f3n de los m\u00e1s de trescientos seguidores que le acompa\u00f1aron pero ya esta vez a remolque. A\u00fan as\u00ed la brecha tras la dimisi\u00f3n irrevocable de <strong>Zeljko Obradovic <\/strong>parece empezar a cerrarse.<\/p>\n<p class=\"ft-text\">Con el choque ajustado, el Partizan encaden\u00f3 una falta de<strong> Jabari Parker<\/strong> con una antideportiva de <strong>Cameron Paine<\/strong>, su \u00faltimo fichaje, y se perdi\u00f3 en las protestas<strong> (75-68, m.36)<\/strong>.<\/p>\n<p class=\"ft-text\">El Valencia supo sacar partido a su hambre por el rebote ofensivo y tres triples de<strong> Nate Reuvers, Jaime Pradilla y Badio <\/strong>acabaron con la resistencia serbia y firmaron la s\u00e9ptima victoria &#8216;taronja&#8217; en sus \u00faltimos ocho choques de Euroliga.<\/p>\n","protected":false},"excerpt":{"rendered":"El Valencia Basket dobleg\u00f3 este martes al mejorado Partizan de Belgrado de Joan Pe\u00f1arroya, que le llev\u00f3 a&hellip;\n","protected":false},"author":2,"featured_media":315109,"comment_status":"","ping_status":"","sticky":false,"template":"","format":"standard","meta":{"footnotes":""},"categories":[269],"tags":[299,1918,298,14179,168,25,24,44243,5564,23,167,235,2916],"class_list":{"0":"post-315108","1":"post","2":"type-post","3":"status-publish","4":"format-standard","5":"has-post-thumbnail","7":"category-baloncesto","8":"tag-baloncesto","9":"tag-basket","10":"tag-basketball","11":"tag-coloca","12":"tag-deportes","13":"tag-es","14":"tag-espana","15":"tag-imperial","16":"tag-lider","17":"tag-spain","18":"tag-sports","19":"tag-valencia","20":"tag-valencia-basket"},"share_on_mastodon":{"url":"https:\/\/pubeurope.com\/@es\/115812583604877988","error":""},"_links":{"self":[{"href":"https:\/\/www.europesays.com\/es\/wp-json\/wp\/v2\/posts\/315108","targetHints":{"allow":["GET"]}}],"collection":[{"href":"https:\/\/www.europesays.com\/es\/wp-json\/wp\/v2\/posts"}],"about":[{"href":"https:\/\/www.europesays.com\/es\/wp-json\/wp\/v2\/types\/post"}],"author":[{"embeddable":true,"href":"https:\/\/www.europesays.com\/es\/wp-json\/wp\/v2\/users\/2"}],"replies":[{"embeddable":true,"href":"https:\/\/www.europesays.com\/es\/wp-json\/wp\/v2\/comments?post=315108"}],"version-history":[{"count":0,"href":"https:\/\/www.europesays.com\/es\/wp-json\/wp\/v2\/posts\/315108\/revisions"}],"wp:featuredmedia":[{"embeddable":true,"href":"https:\/\/www.europesays.com\/es\/wp-json\/wp\/v2\/media\/315109"}],"wp:attachment":[{"href":"https:\/\/www.europesays.com\/es\/wp-json\/wp\/v2\/media?parent=315108"}],"wp:term":[{"taxonomy":"category","embeddable":true,"href":"https:\/\/www.europesays.com\/es\/wp-json\/wp\/v2\/categories?post=315108"},{"taxonomy":"post_tag","embeddable":true,"href":"https:\/\/www.europesays.com\/es\/wp-json\/wp\/v2\/tags?post=315108"}],"curies":[{"name":"wp","href":"https:\/\/api.w.org\/{rel}","templated":true}]}}