{"id":315131,"date":"2025-12-31T05:55:51","date_gmt":"2025-12-31T05:55:51","guid":{"rendered":"https:\/\/www.europesays.com\/es\/315131\/"},"modified":"2025-12-31T05:55:51","modified_gmt":"2025-12-31T05:55:51","slug":"los-hermanos-pou-lamentan-la-muerte-del-montanero-de-irun-en-el-alud-de-panticosa","status":"publish","type":"post","link":"https:\/\/www.europesays.com\/es\/315131\/","title":{"rendered":"Los hermanos Pou lamentan la muerte del monta\u00f1ero de Irun en el alud de Panticosa"},"content":{"rendered":"<p>\n        El <strong>mundo de la monta\u00f1a<\/strong>\u00a0est\u00e1 de luto y contin\u00faa conmocionado por el <a href=\"https:\/\/www.noticiasdenavarra.com\/sucesos\/2025\/12\/29\/tres-fallecidos-alud-panticosa-expertos-suerte-10522926.html\" title=\"alud mortal registrado en Panticosa\" target=\"_blank\" class=\"link copy\" rel=\"nofollow noopener\"><strong>alud mortal registrado en Panticosa<\/strong><\/a> este lunes, 29 de diciembre. Una <strong>avalancha <\/strong>que <strong>cost\u00f3 la vida a tres personas<\/strong>, entre ellas el <strong>monta\u00f1ero guipuzcoano Eneko Arrastua<\/strong>. Les sorprendi\u00f3 en el <strong>pico Tablato<\/strong>, muy cerca de la zona del Balneario, junto a otras cinco personas.\n<\/p>\n<p>  Un irundarra entre los tres fallecidos en un alud en el Balneario de Panticosa<\/p>\n<p class=\"article-body__text \">\n        El irundarra <a href=\"https:\/\/www.noticiasdenavarra.com\/sucesos\/2025\/12\/30\/grupo-corredores-irun-parte-fallecidos-10523662.html\" title=\"Eneko Arrastua\" target=\"_blank\" class=\"link copy\" rel=\"nofollow noopener\"><strong>Eneko Arrastua<\/strong><\/a>, un hombre muy aficionado al esqu\u00ed y a correr por el monte, que pertenec\u00eda al<strong> grupo Kbrnzs<\/strong>, antes conocidos como los Mugalaris de Irun, muy populares en la localidad, falleci\u00f3 junto con el popular pediatra <strong>Jorge Garc\u00eda Dihinx<\/strong>, que trabajaba en el Hospital San Jorge de Huesca y era conocido por su labor divulgadora en redes sociales, y su pareja, la corredora <strong>Natalia Rom\u00e1n<\/strong>.\n<\/p>\n<p class=\"article-body__text \">\n        <strong>Tres expertos monta\u00f1eros<\/strong>, muy conocidos en la zona y con <strong>conocimientos de meteorolog\u00eda<\/strong>, tal y como as\u00ed lo hizo saber el presidente del Gobierno de Arag\u00f3n, Jorge Azc\u00f3n. A las numerosas muestras de condolencia se ha sumado ahora la de los <strong>hermanos Pou<\/strong>, referentes internacionales de <strong>la <\/strong><a href=\"https:\/\/www.noticiasdenavarra.com\/tags\/escalada\/\" title=\"escalada\" target=\"_blank\" class=\"link copy\" rel=\"nofollow noopener\"><strong>escalada<\/strong><\/a><strong> y el alpinismo<\/strong>.\n<\/p>\n<p>            <a href=\"https:\/\/www.noticiasdenavarra.com\/sucesos\/2025\/12\/29\/tres-fallecidos-alud-panticosa-expertos-suerte-10522926.html\" title=\"Los tres fallecidos en un alud en Panticosa eran expertos monta\u00f1eros: &quot;Un golpe de mala suerte&quot;\" class=\"new__media\" rel=\"nofollow noopener\" target=\"_blank\"><\/p>\n<p>                <img alt=\"Los tres fallecidos en un alud en Panticosa eran expertos monta\u00f1eros: &quot;Un golpe de mala suerte&quot;\" data-src=\"https:\/\/www.europesays.com\/es\/wp-content\/uploads\/2025\/12\/38ad0eda-7a1e-4d21-8e5f-6186bc5a87fc_16-9-aspect-ratio_default_0.jpg\" class=\"lozad\"\/><\/p>\n<p>        <\/a><\/p>\n<p>        <a href=\"https:\/\/www.noticiasdenavarra.com\/sucesos\/2025\/12\/29\/tres-fallecidos-alud-panticosa-expertos-suerte-10522926.html\" title=\"Los tres fallecidos en un alud en Panticosa eran expertos monta\u00f1eros: &quot;Un golpe de mala suerte&quot;\" class=\"new__headline\" rel=\"nofollow noopener\" target=\"_blank\"><br \/>\n            Los tres fallecidos en un alud en Panticosa eran expertos monta\u00f1eros: \u00abUn golpe de mala suerte\u00bb<br \/>\n        <\/a><\/p>\n<p>  Eneko Pou expresa en redes sociales su pesar por el fallecimiento de Eneko Arrastua\u00a0en el alud de Panticosa<\/p>\n<p class=\"article-body__text \">\n        Este mismo lunes los <strong>hermanos Pou, <\/strong>compart\u00edan a trav\u00e9s de sus redes sociales, donde en <a href=\"https:\/\/www.noticiasdenavarra.com\/tags\/instagram\/\" title=\"Instagram\" target=\"_blank\" class=\"link copy\" rel=\"nofollow noopener\"><strong>Instagram<\/strong><\/a><strong> <\/strong>cuentan con m\u00e1s de 145.000 seguidores y en X m\u00e1s de 25.000, un mensaje en el que <strong>Eneko Pou <\/strong>traslada el p\u00e9same de ambos hermanos a las familias, amistades y a toda la comunidad monta\u00f1era. Una tragedia ocurrida, tal y como as\u00ed lo hace saber, en el Pico Tablato, <strong>una zona que ellos mismos conocen bien<\/strong> por haberla recorrido en varias ocasiones con esqu\u00eds.\n<\/p>\n<blockquote class=\"twitter-tweet\" data-lang=\"es\" wp_automatic_readability=\"6.7272727272727\">\n<p lang=\"es\" dir=\"ltr\">Con mucha pena nos ha llegado la noticia del fallecimiento en una avalancha de Jorge Garcia-Dihinix, Natalia Rom\u00e1n y Eneko Arrastua&#8230;Nuestro m\u00e1s sincero pesame a faliliares amigos y a toda la comunidad monta\u00f1era&#8230;DEP \ud83d\ude4f <a href=\"https:\/\/t.co\/PJp7CH4vCN\" rel=\"nofollow\">pic.twitter.com\/PJp7CH4vCN<\/a><\/p>\n<p>\u2014 Hermanos Pou (@hermanospou) <a href=\"https:\/\/twitter.com\/hermanospou\/status\/2005732326723264801?ref_src=twsrc%5Etfw\" rel=\"nofollow noopener\" target=\"_blank\">29 de diciembre de 2025<\/a><\/p><\/blockquote>\n<p class=\"article-body__text \">\n        \u00abCon mucha pena nos ha llegado la noticia del fallecimiento en una avalancha de Jorge Garc\u00eda-Dihinx, Natalia Rom\u00e1n y Eneko Arrastua. Es una monta\u00f1a que <strong>hemos subido varias veces con esqu\u00eds<\/strong>, y estas cosas, por desgracia, le pueden pasar a cualquiera\u00bb, comienza explicando Eneko Pou. Pero el relato del alpinista y escalador no se queda ah\u00ed.\n<\/p>\n<p class=\"article-photo__footer\">\n            Imagen compartida por los hermanos Pou en su cuenta de Instagram            Instagram        <\/p>\n<p class=\"article-body__text \">\n        Su mensaje tiene un acento especial en el recuerdo de Eneko Arrastua, monta\u00f1ero de Irun, cuya muerte ha causado una <strong>profunda conmoci\u00f3n en <\/strong><a href=\"https:\/\/www.noticiasdenavarra.com\/tags\/gipuzkoa\/\" title=\"Gipuzkoa\" target=\"_blank\" class=\"link copy\" rel=\"nofollow noopener\"><strong>Gipuzkoa<\/strong><\/a><strong> <\/strong>y en el conjunto de Euskadi. Los hermanos subrayan que Arrastua era un compa\u00f1ero m\u00e1s de la familia monta\u00f1era, alguien con una larga trayectoria en el esqu\u00ed de monta\u00f1a en el Pirineo.\n<\/p>\n<p class=\"article-body__text \">\n        Tambi\u00e9n recuerdan a<strong> Jorge Garc\u00eda-Dihinx<\/strong>, autor de varias gu\u00edas de esqu\u00ed de monta\u00f1a del Pirineo aragon\u00e9s, y a <strong>Natalia Rom\u00e1n<\/strong>, deportista muy conocida en el \u00e1mbito de la competici\u00f3n y el esqu\u00ed de traves\u00eda.\n<\/p>\n<p class=\"article-body__text \">\n        \u00abDeseamos a todo el mundo unas felices fiestas, pero sobre todo que tengan<strong> mucho cuidado en la monta\u00f1a<\/strong>\u00ab, concluye diciendo Eneko Pou.\n<\/p>\n<p>            <script async src=\"https:\/\/platform.twitter.com\/widgets.js\" charset=\"utf-8\"><\/script><\/p>\n","protected":false},"excerpt":{"rendered":"El mundo de la monta\u00f1a\u00a0est\u00e1 de luto y contin\u00faa conmocionado por el alud mortal registrado en Panticosa este&hellip;\n","protected":false},"author":2,"featured_media":315132,"comment_status":"","ping_status":"","sticky":false,"template":"","format":"standard","meta":{"footnotes":""},"categories":[8],"tags":[73742,17,18,73809,25,24,13,14,11,9215,7600,73808,19,20,17597,4920,9,10,15,16,52824,65857,23,12,21,22],"class_list":{"0":"post-315131","1":"post","2":"type-post","3":"status-publish","4":"format-standard","5":"has-post-thumbnail","7":"category-espana","8":"tag-alud","9":"tag-breaking-news","10":"tag-breakingnews","11":"tag-conmocionados","12":"tag-es","13":"tag-espana","14":"tag-featured-news","15":"tag-featurednews","16":"tag-headlines","17":"tag-hermanos","18":"tag-irun","19":"tag-lamentan","20":"tag-latest-news","21":"tag-latestnews","22":"tag-montanero","23":"tag-muerte","24":"tag-news","25":"tag-noticias","26":"tag-noticias-destacadas","27":"tag-noticiasdestacadas","28":"tag-panticosa","29":"tag-pou","30":"tag-spain","31":"tag-titulares","32":"tag-ultimas-noticias","33":"tag-ultimasnoticias"},"share_on_mastodon":{"url":"https:\/\/pubeurope.com\/@es\/115812642488902470","error":""},"_links":{"self":[{"href":"https:\/\/www.europesays.com\/es\/wp-json\/wp\/v2\/posts\/315131","targetHints":{"allow":["GET"]}}],"collection":[{"href":"https:\/\/www.europesays.com\/es\/wp-json\/wp\/v2\/posts"}],"about":[{"href":"https:\/\/www.europesays.com\/es\/wp-json\/wp\/v2\/types\/post"}],"author":[{"embeddable":true,"href":"https:\/\/www.europesays.com\/es\/wp-json\/wp\/v2\/users\/2"}],"replies":[{"embeddable":true,"href":"https:\/\/www.europesays.com\/es\/wp-json\/wp\/v2\/comments?post=315131"}],"version-history":[{"count":0,"href":"https:\/\/www.europesays.com\/es\/wp-json\/wp\/v2\/posts\/315131\/revisions"}],"wp:featuredmedia":[{"embeddable":true,"href":"https:\/\/www.europesays.com\/es\/wp-json\/wp\/v2\/media\/315132"}],"wp:attachment":[{"href":"https:\/\/www.europesays.com\/es\/wp-json\/wp\/v2\/media?parent=315131"}],"wp:term":[{"taxonomy":"category","embeddable":true,"href":"https:\/\/www.europesays.com\/es\/wp-json\/wp\/v2\/categories?post=315131"},{"taxonomy":"post_tag","embeddable":true,"href":"https:\/\/www.europesays.com\/es\/wp-json\/wp\/v2\/tags?post=315131"}],"curies":[{"name":"wp","href":"https:\/\/api.w.org\/{rel}","templated":true}]}}