{"id":315143,"date":"2025-12-31T06:10:11","date_gmt":"2025-12-31T06:10:11","guid":{"rendered":"https:\/\/www.europesays.com\/es\/315143\/"},"modified":"2025-12-31T06:10:11","modified_gmt":"2025-12-31T06:10:11","slug":"de-katy-perry-en-el-espacio-al-tanga-con-vello-pubico-de-kim-kardashian-2025-resumido-en-21-momentos-muy-pop-placeres-s-moda","status":"publish","type":"post","link":"https:\/\/www.europesays.com\/es\/315143\/","title":{"rendered":"De Katy Perry en el espacio al tanga con vello p\u00fabico de Kim Kardashian: 2025 resumido en 21 momentos muy pop | Placeres | S Moda"},"content":{"rendered":"<p class=\"\">Si algo ha reafirmado 2025 es que la cultura pop sigue siendo imprevisible y que nada conecta m\u00e1s a la humanidad que eso, su necesidad de conexi\u00f3n. Recordaremos 2025 por viajes de millonarias al espacio, esc\u00e1ndalos de alfombra roja, los genes de Sydney Sweeney y momentos virales como el regreso de Amaia Montero, la kiss-cam del concierto de Coldplay que acab\u00f3 en divorcios, el tanga con pelo de Kim Kardashian o el adi\u00f3s a Giorgio Armani. Estos son los momentos que hicieron que el a\u00f1o quedara grabado en nuestra memoria colectiva.<\/p>\n<p>M\u00e1s informaci\u00f3n<\/p>\n<p class=\"\">El a\u00f1o arranc\u00f3 con una canci\u00f3n que no era nueva sino algo mejor: vintage. Pretty Little Baby (1962) de Connie Francis se convirti\u00f3 en fen\u00f3meno global gracias a TikTok y millones de usuarios la utilizaron para ense\u00f1ar sus rutinas de belleza. La canci\u00f3n incluso entr\u00f3 en listas virales de Spotify, confirmando que el archivo emocional es oro puro para las nuevas generaciones.<\/p>\n<p class=\"\">En febrero lleg\u00f3 la primera pol\u00e9mica del a\u00f1o en la esfera de las celebridades. Minutos antes de los Grammy, Kanye West y Bianca Censori acced\u00edan a la alfombra roja con el \u00fanico prop\u00f3sito de llamar la atenci\u00f3n, algo que claramente consiguieron. Todo marchaba con normalidad hasta que, tras unos gestos un tanto tensos, <a href=\"https:\/\/elpais.com\/smoda\/famosos\/2025-02-03\/bianca-censori-posa-desnuda-en-los-grammy-el-turbio-papel-de-kanye-west-en-sus-relaciones-vuelve-al-debate.html\" target=\"_blank\" rel=\"nofollow noopener\" title=\"https:\/\/elpais.com\/smoda\/famosos\/2025-02-03\/bianca-censori-posa-desnuda-en-los-grammy-el-turbio-papel-de-kanye-west-en-sus-relaciones-vuelve-al-debate.html\">Bianca Censori se retiraba el abrigo para mostrar su cuerpo pr\u00e1cticamente desnudo<\/a>, cubierto \u00fanicamente por un tejido tipo media transparente y lo que parec\u00eda un ap\u00f3sito del tono de su piel para cubrir su vulva. Mientras, Kanye posaba con actitud desafiante y vestido completamente. Las im\u00e1genes despertaron mucho debate sobre si la aparici\u00f3n de la pareja fue una completa humillaci\u00f3n mis\u00f3gina de \u00e9l, conocido por ejercer un control f\u00e9rreo sobre la imagen de sus parejas.<\/p>\n<p><img alt=\"Kanye West y Bianca Censori protagonizaron uno de los momentos m\u00e1s perturbadores del a\u00f1o en la alfombra roja de los Grammy.\" decoding=\"auto\" class=\"_re lazyload a_m-v\" height=\"600\"  width=\"414\"  src=\"https:\/\/www.europesays.com\/es\/wp-content\/uploads\/2025\/12\/CNN4YDIACREALIG5JT7ZYS3BTA.jpg\" loading=\"lazy\"\/>Kanye West y Bianca Censori protagonizaron uno de los momentos m\u00e1s perturbadores del a\u00f1o en la alfombra roja de los Grammy.Jon Kopaloff (WireImage)<\/p>\n<p class=\"\">El 14 de abril sucedi\u00f3 uno de los momentos m\u00e1s dist\u00f3picos del a\u00f1o: <a href=\"https:\/\/elpais.com\/gente\/2025-04-14\/el-vuelo-espacial-solo-para-mujeres-de-jeff-bezos-con-su-prometida-o-katy-perry-como-tripulantes-completa-su-mision.html\" target=\"_blank\" rel=\"nofollow noopener\" title=\"https:\/\/elpais.com\/gente\/2025-04-14\/el-vuelo-espacial-solo-para-mujeres-de-jeff-bezos-con-su-prometida-o-katy-perry-como-tripulantes-completa-su-mision.html\">Katy Perry se embarc\u00f3 en un vuelo suborbital<\/a> \u201csolo para mujeres\u201d a bordo de una nave de Blue Origin, de Jeff Bezos. Junto a ella, la periodista y <a href=\"https:\/\/elpais.com\/gente\/2025-06-27\/jeff-bezos-y-lauren-sanchez-se-casan-hoy-en-la-isla-de-san-giorgio-y-bailaran-sobre-el-agua-de-venecia.html\" target=\"_blank\" rel=\"noreferrer nofollow noopener\" title=\"https:\/\/elpais.com\/gente\/2025-06-27\/jeff-bezos-y-lauren-sanchez-se-casan-hoy-en-la-isla-de-san-giorgio-y-bailaran-sobre-el-agua-de-venecia.html\">entonces prometida<\/a> del magnate <a href=\"https:\/\/elpais.com\/gente\/2025-11-29\/la-filantropia-anonima-es-historia-de-jeff-bezos-y-lauren-sanchez-al-matrimonio-tang-los-nuevos-royals-de-los-donativos.html\" target=\"_blank\" rel=\"noreferrer nofollow noopener\" title=\"https:\/\/elpais.com\/gente\/2025-11-29\/la-filantropia-anonima-es-historia-de-jeff-bezos-y-lauren-sanchez-al-matrimonio-tang-los-nuevos-royals-de-los-donativos.html\">Lauren Sanchez,<\/a> la presentadora Gayle King, la ingeniera aeroespacial Aisha Bowe, la activista Amanda Nguyen y la productora Kerianne Flynn. Kris Jenner y Kim Kardashian siguieron el lanzamiento en directo y el vuelo dur\u00f3 exactamente 11 minutos. En ese tiempo la cantante flot\u00f3 en gravedad cero con una margarita en la mano mientras cantaba What a Wonderful World. Al aterrizar bes\u00f3 el suelo y durante la aventura asegur\u00f3: \u201cEstoy superconectada al amor\u201d.<\/p>\n<p class=\"\">Las tripulantes lucieron un traje hecho de neopreno el\u00e1stico resistente al fuego con pantalones acampanados, en lugar del cl\u00e1sico uniforme de tejido brillante de la compa\u00f1\u00eda, bastante m\u00e1s holgado. \u201cLa simplicidad era importante, as\u00ed como la comodidad y el ajuste. Pero tambi\u00e9n quer\u00edamos algo que fuera un poco arriesgado, como un traje de motocr\u00f3s. O un traje de esqu\u00ed. Favorecedor y sexi\u201d, coment\u00f3 Fernando Garc\u00eda, dise\u00f1ador del uniforme y cofundador de la marca Monse. En un encuentro previo con la revista estadounidense Elle, Perry afirm\u00f3: \u201cEl espacio finalmente ser\u00e1 glamuroso\u201d. \u201c\u00a1Vamos a tener extensiones de pesta\u00f1as volando en la c\u00e1psula!\u201d, brome\u00f3 luego Sanchez. Los memes y las cr\u00edticas llegaron a la estratosfera digital.<\/p>\n<p class=\"\">Para terminar el a\u00f1o, Perry ha vuelto a ser titular por otra aventura, esta vez personal, al confirmar su romance con el ex primer ministro canadiense Justin Trudeau.<\/p>\n<p class=\"\">La primavera continu\u00f3 con un fuerte car\u00e1cter de moda: mientras las calles de Par\u00eds, Mil\u00e1n y Copenhague alzaron <a href=\"https:\/\/elpais.com\/smoda\/moda\/2024-06-14\/por-que-las-speedcat-de-puma-tienen-todas-las-papeletas-de-convertirse-en-las-zapatillas-de-la-temporada.html\" target=\"_blank\" rel=\"noreferrer nofollow noopener\" title=\"https:\/\/elpais.com\/smoda\/moda\/2024-06-14\/por-que-las-speedcat-de-puma-tienen-todas-las-papeletas-de-convertirse-en-las-zapatillas-de-la-temporada.html\">las Puma Speedcat<\/a> a la zapatilla del a\u00f1o, tras la saturaci\u00f3n por las Adidas Samba, para cuando llegamos a junio el fen\u00f3meno Labubu explot\u00f3 en las redes sociales. <a href=\"https:\/\/elpais.com\/estilo-de-vida\/2025-06-07\/el-motivo-emocional-tras-la-nueva-fiebre-por-los-labubu-los-munecos-pop-que-se-aman-o-se-odian.html\" target=\"_blank\" rel=\"noreferrer nofollow noopener\" title=\"https:\/\/elpais.com\/estilo-de-vida\/2025-06-07\/el-motivo-emocional-tras-la-nueva-fiebre-por-los-labubu-los-munecos-pop-que-se-aman-o-se-odian.html\">Estos mu\u00f1ecos de vinilo,<\/a> dise\u00f1ados por Kasing Lung y vendidos por Pop Mart se agotaron en horas y algunas ediciones especiales llegaron a alcanzar los 170.000 euros en reventa en China. Pronto empezaron a colgar de bolsos de lujo en medio mundo, inspiraron imitaciones y se convirtieron en un ejemplo de c\u00f3mo el producto m\u00e1s insospechado puede dominar la conversaci\u00f3n cultural. <\/p>\n<p><img alt=\"Los mu\u00f1ecos Labubu se colgaron de todo tipo de bolsos.\" decoding=\"auto\" class=\"_re lazyload a_m-v\" height=\"621\"  width=\"414\"  src=\"https:\/\/www.europesays.com\/es\/wp-content\/uploads\/2025\/12\/5CQXC5CNBNA63NIYRAR64JIHTI.jpg\" loading=\"lazy\"\/>Los mu\u00f1ecos Labubu se colgaron de todo tipo de bolsos.Claudio Lavenia (Getty Images)<\/p>\n<p class=\"\">En cuestiones de belleza, este ha sido el a\u00f1o en el que las influencers han mostrado en redes sociales que en casa utilizan siempre m\u00e1scaras de luz led roja, que al dormir <a href=\"https:\/\/elpais.com\/smoda\/belleza\/2025-10-15\/momificarse-por-las-noches-para-despertarse-mas-guapa-las-redes-caen-en-la-obsesion-de-las-rutinas-de-noche-extremas.html\" target=\"_blank\" rel=\"nofollow noopener\" title=\"https:\/\/elpais.com\/smoda\/belleza\/2025-10-15\/momificarse-por-las-noches-para-despertarse-mas-guapa-las-redes-caen-en-la-obsesion-de-las-rutinas-de-noche-extremas.html\">se medio momifican<\/a> (con todo tipo de cintas adhesivas corporales de cuestionada eficacia) y que cuando viajan en avi\u00f3n se ponen rodillos en el pelo para aterrizar con melenas Disney.<\/p>\n<p><img alt=\"Las zapatillas Speedcat de Puma pasaron a ser las m\u00e1s deseadas en las im\u00e1genes de 'street style' de los desfiles.\" decoding=\"auto\" class=\"_re lazyload a_m-v\" height=\"623\"  width=\"414\"  src=\"https:\/\/www.europesays.com\/es\/wp-content\/uploads\/2025\/12\/HSCQK2UUMJAA7O3L77ISW73UQI.jpg\" loading=\"lazy\"\/>Las zapatillas Speedcat de Puma pasaron a ser las m\u00e1s deseadas en las im\u00e1genes de &#8216;street style&#8217; de los desfiles.WWD (WWD via Getty Images)<\/p>\n<p class=\"\">En el verano, el mundo de la moda comenz\u00f3 una rutina intensa: <a href=\"https:\/\/elpais.com\/smoda\/moda\/2025-10-01\/jonathan-anderson-debuta-en-dior-redefiniendo-la-idea-de-buen-gusto.html\" target=\"_blank\" rel=\"nofollow noopener\" title=\"https:\/\/elpais.com\/smoda\/moda\/2025-10-01\/jonathan-anderson-debuta-en-dior-redefiniendo-la-idea-de-buen-gusto.html\">Jonathan Anderson<\/a> present\u00f3 su primera colecci\u00f3n masculina para Dior en Par\u00eds y <a href=\"https:\/\/elpais.com\/smoda\/moda\/2025-09-20\/el-gran-recambio-de-la-moda-nunca-tantas-firmas-habian-estrenado-a-la-vez-director-creativo-que-esta-pasando-en-el-lujo.html\" target=\"_blank\" rel=\"noreferrer nofollow noopener\" title=\"https:\/\/elpais.com\/smoda\/moda\/2025-09-20\/el-gran-recambio-de-la-moda-nunca-tantas-firmas-habian-estrenado-a-la-vez-director-creativo-que-esta-pasando-en-el-lujo.html\">las sillas de las direcciones creativas<\/a> de las grandes marcas empezaron a bailar. Pierpaolo Piccioli dej\u00f3 Valentino por Balenciaga, Haider Ackermann lleg\u00f3 a Tom Ford, Glenn Martens a Maison Margiela y Grace Wales Bonner fue anunciada al frente de la colecci\u00f3n masculina de Herm\u00e8s.<\/p>\n<p class=\"\">Julio fue un mes caluroso: Pedro Pascal se elev\u00f3 a obsesi\u00f3n global gracias a una portada en Vanity Fair y su estatus de internet daddy. Desde The Last of Us hasta Gladiator II y Materialistas, su combinaci\u00f3n de talento, carisma y estilo convierten cada una de sus apariciones en un fen\u00f3meno viral. Su imagen representa la mezcla perfecta de masculinidad segura y accesible, convirti\u00e9ndose en referente cultural. Un icono del a\u00f1o, con permiso de Jacob Elordi, que este 2025 ha apuntalado su estatus del hombre m\u00e1s estiloso, con sus bolsos de Bottega Veneta, Louis Vuitton o Celine, sus campa\u00f1as publicitarias de lujo y sus apariciones en la primera fila de los desfiles de grandes marcas. Este a\u00f1o las redes tambi\u00e9n han puesto el foco sobre su aire de euskalguapo, enfatizado por su corte de pelo \u2014corto a los lados y m\u00e1s largo y texturizado en la parte superior\u2014 y por su historia personal: en la promoci\u00f3n de su serie El camino estrecho (2025) detall\u00f3 que su abuelo, Joaqu\u00edn Elordi, naci\u00f3 en Ondarroa (Vizcaya) y emigr\u00f3 a Australia huyendo del r\u00e9gimen franquista, explicando con orgullo esa herencia familiar.<\/p>\n<p><img alt=\"Jacob Elordi explorando su herencia vasca en el estreno de 'Frankenstein' en Londres.\" decoding=\"auto\" class=\"_re lazyload a_m-v\" height=\"621\"  width=\"414\"  src=\"https:\/\/www.europesays.com\/es\/wp-content\/uploads\/2025\/12\/T4IXJBWRYZB6VGMEMDMBIMFYAY.jpg\" loading=\"lazy\"\/>Jacob Elordi explorando su herencia vasca en el estreno de &#8216;Frankenstein&#8217; en Londres.Stuart C. Wilson (Getty Images for BFI)<\/p>\n<p class=\"\">En 2025 asistimos al spoiler de todos los detalles de la comedia m\u00e1s anunciada del a\u00f1o: a lo largo del verano se grab\u00f3<a href=\"https:\/\/elpais.com\/smoda\/moda\/2025-07-30\/del-jersey-azul-ceruleo-al-nuevo-vestido-de-7000-euros-los-looks-mas-iconicos-de-el-diablo-se-viste-de-prada.html\" target=\"_blank\" rel=\"noreferrer nofollow noopener\" title=\"https:\/\/elpais.com\/smoda\/moda\/2025-07-30\/del-jersey-azul-ceruleo-al-nuevo-vestido-de-7000-euros-los-looks-mas-iconicos-de-el-diablo-se-viste-de-prada.html\"> la secuela de El Diablo Viste de Prada,<\/a> con Meryl Streep y Anne Hathaway. Con aparici\u00f3n sorpresa<a href=\"https:\/\/elpais.com\/smoda\/moda\/2025-09-27\/meryl-streep-acude-por-sorpresa-al-desfile-de-dolce-gabbana-metida-en-la-piel-de-miranda-priestly-de-el-diablo-viste-de-prada.html\" target=\"_blank\" rel=\"noreferrer nofollow noopener\" title=\"https:\/\/elpais.com\/smoda\/moda\/2025-09-27\/meryl-streep-acude-por-sorpresa-al-desfile-de-dolce-gabbana-metida-en-la-piel-de-miranda-priestly-de-el-diablo-viste-de-prada.html\"> en el desfile real de Dolce &amp; Gabbana<\/a> en septiembre incluida. Un destripe sistem\u00e1tico y diario de looks y escenas que nos dej\u00f3 la sensaci\u00f3n de que ya hemos visto la pel\u00edcula (que se estrenar\u00e1 en 2026) o de que ya no le queda ning\u00fan misterio. \u00bfEs que tambi\u00e9n vamos a consumir cine como si fuera TikTok?<\/p>\n<p><img alt=\"Meryl Streep volvi\u00f3 a convertirse en Miranda para la segunda parte de 'El diablo viste de Prada'. Las fotograf\u00edas con sus estilismos recorrieron todas las redes sociales este verano.\" decoding=\"auto\" class=\"_re lazyload a_m-v\" height=\"621\"  width=\"414\"  src=\"https:\/\/www.europesays.com\/es\/wp-content\/uploads\/2025\/12\/DBSIXTQN4BBUNAE2OJURXM7E54.jpg\" loading=\"lazy\"\/>Meryl Streep volvi\u00f3 a convertirse en Miranda para la segunda parte de &#8216;El diablo viste de Prada&#8217;. Las fotograf\u00edas con sus estilismos recorrieron todas las redes sociales este verano.TheStewartofNY (GC Images)<\/p>\n<p class=\"\">Sobre las mismas fechas sucedi\u00f3 uno de los momentos m\u00e1s virales del a\u00f1o. En Foxborough, Massachusetts, una pareja se abrazaba en la grada VIP del concierto de Coldplay. Una escena de lo m\u00e1s rom\u00e1ntica hasta que los enfoc\u00f3 la kiss-cam y se zafaron como si dieran calambre: \u201cO est\u00e1n teniendo un affaire o son muy t\u00edmidos\u201d, brome\u00f3 Chris Martin. Resulta que ambos estaban casados, y no el uno con el otro. La reacci\u00f3n inmediata, los memes virales y los chismes p\u00fablicos sobre su vida privada provocaron la renuncia de ambos protagonistas en su trabajo. Aquello se convirti\u00f3 en un ejemplo de c\u00f3mo la privacidad y la vida profesional se pueden desmoronar de un plumazo en la era digital.<\/p>\n<p><img alt=\"Pedro Pascal se convirti\u00f3 en el favorito de internet.\" decoding=\"auto\" class=\"_re lazyload a_m-v\" height=\"621\"  width=\"414\"  src=\"https:\/\/www.europesays.com\/es\/wp-content\/uploads\/2025\/12\/4D76DIMUSNEFFLE2FV2ZDA4XDE.jpg\" loading=\"lazy\"\/>Pedro Pascal se convirti\u00f3 en el favorito de internet.Lionel Hahn (Getty Images)<\/p>\n<p class=\"\">Agosto culmin\u00f3 con otra pol\u00e9mica inesperada, aunque con un cariz no del todo impredecible. <a href=\"https:\/\/elpais.com\/smoda\/moda\/sydney-sweeney-estoy-acostumbrada-al-rechazo-ahora-se-me-conoce-pero-me-he-pasado-10-anos-haciendo-castings-en-los-que-decian-no.html\" target=\"_blank\" rel=\"noreferrer nofollow noopener\" title=\"https:\/\/elpais.com\/smoda\/moda\/sydney-sweeney-estoy-acostumbrada-al-rechazo-ahora-se-me-conoce-pero-me-he-pasado-10-anos-haciendo-castings-en-los-que-decian-no.html\">La actriz Sydney Sweeney,<\/a> famosa por su papel en Euphoria y por la decena de contratos de imagen con marcas de maquillaje o moda, estrenaba un anuncio para la marca de vaqueros American Eagle, una firma estadounidense que gusta mucho a la Generaci\u00f3n Z, bajo el lema \u201cSydney Sweeney Has Great Jeans\u201d (tiene buenos vaqueros) con un v\u00eddeo y en una valla publicitaria en Times Square. La expresi\u00f3n son\u00f3 a juego de palabras entre jeans y genes, estrat\u00e9gicamente hom\u00f3fona. Internet estall\u00f3 ante la provocaci\u00f3n: de un lado, quienes se llevaron las manos al teclado por las connotaciones supremacistas blancas, eugen\u00e9sicas y racistas; por el otro, perfiles de ultraderecha que vieron el \u201c\u00faltimo clavo en el ata\u00fad de lo woke\u201d. <a href=\"https:\/\/www.reuters.com\/business\/media-telecom\/great-jeans-sydney-sweeney-campaign-fuels-american-eagle-rally-2025-07-24\/\" target=\"_self\" rel=\"nofollow noopener\" title=\"https:\/\/www.reuters.com\/business\/media-telecom\/great-jeans-sydney-sweeney-campaign-fuels-american-eagle-rally-2025-07-24\/\">Las acciones de American Eagle subieron<\/a> un 10 por ciento en los d\u00edas posteriores a la presentaci\u00f3n del anuncio e incluso el presidente Trump entr\u00f3 al trapo, desvelando (sin pruebas verificadas) que la actriz era votante del Partido Republicano. La reputaci\u00f3n de Sweeney se vio tocada tras una fallida entrevista en la que no quiso aclarar el tema y un verano de <a href=\"https:\/\/elpais.com\/smoda\/famosos\/2025-12-08\/de-sonar-con-el-oscar-a-perder-la-guerra-cultural-sydney-sweeney-y-el-precio-de-convertirse-en-el-rostro-de-la-polarizacion.html\" target=\"_self\" rel=\"nofollow noopener\" title=\"https:\/\/elpais.com\/smoda\/famosos\/2025-12-08\/de-sonar-con-el-oscar-a-perder-la-guerra-cultural-sydney-sweeney-y-el-precio-de-convertirse-en-el-rostro-de-la-polarizacion.html\">varios fracasos en taquilla<\/a>. Este caldo de cultivo hizo que, en apenas cinco meses, Sweeney pasara de ser uno de los grandes iconos medi\u00e1ticos de la Generaci\u00f3n Z a una especie de meme de la guerra cultural.<\/p>\n<p class=\"\">Llegamos al oto\u00f1o con varios momentos dif\u00edciles de olvidar. Kim Kardashian, como buena provocadora cultural que es, lanz\u00f3 en su marca Skims el producto m\u00e1s comentado desde <a href=\"https:\/\/elpais.com\/smoda\/a-que-huele-la-vela-que-tiene-el-aroma-de-la-vagina-de-gwyneth-paltrow.html\" target=\"_blank\" rel=\"nofollow noopener\" title=\"https:\/\/elpais.com\/smoda\/a-que-huele-la-vela-que-tiene-el-aroma-de-la-vagina-de-gwyneth-paltrow.html\">la vela con olor a vagina, de Gwyneth Paltrow<\/a>: <a href=\"https:\/\/elpais.com\/gente\/2025-10-15\/kim-kardashian-lanza-una-linea-de-tangas-de-vello-pubico-de-colores-falso-y-las-reacciones-dividen-internet.html\" target=\"_blank\" rel=\"nofollow noopener\" title=\"https:\/\/elpais.com\/gente\/2025-10-15\/kim-kardashian-lanza-una-linea-de-tangas-de-vello-pubico-de-colores-falso-y-las-reacciones-dividen-internet.html\">un tanga transparente decorado con pelo<\/a> sint\u00e9tico que simulaba the ultimate Bush, como lo defini\u00f3 ella misma. El art\u00edculo se llamaba Faux Hair Micro String Thong, costaba 42 d\u00f3lares y se agot\u00f3 en horas. La idea dividi\u00f3 opiniones entre memes y debate sobre los est\u00e1ndares de belleza, la libertad de expresi\u00f3n corporal y la capitalizaci\u00f3n de la anatom\u00eda femenina.<\/p>\n<p class=\"\">Y entonces, conocimos a <a href=\"https:\/\/elpais.com\/television\/2025-04-10\/the-white-lotus-y-lo-que-se-pierde-con-el-doblaje.html\" target=\"_blank\" rel=\"nofollow noopener\" title=\"https:\/\/elpais.com\/television\/2025-04-10\/the-white-lotus-y-lo-que-se-pierde-con-el-doblaje.html\">Victoria Ratliff<\/a>. Una Nati Abascal de Carolina del Norte, interpretada por Parker Posey en la tercera temporada de The White Lotus, este personaje se convirti\u00f3 de inmediato en una sensaci\u00f3n en redes sociales, con su negaci\u00f3n absoluta de la realidad, su disociaci\u00f3n del mundo y su privilegio ciego. Sus palabras predilectas \u2014Lorazepan, Tsunaaami, Piper\u2014 se convirtieron en gif de manera viral.<\/p>\n<p class=\"\">En octubre se confirm\u00f3 <a href=\"https:\/\/elpais.com\/cultura\/2025-10-15\/amaia-montero-regresa-a-la-oreja-de-van-gogh-y-pablo-benegas-responde-no-les-voy-a-acompanar.html\" target=\"_blank\" rel=\"noreferrer nofollow noopener\" title=\"https:\/\/elpais.com\/cultura\/2025-10-15\/amaia-montero-regresa-a-la-oreja-de-van-gogh-y-pablo-benegas-responde-no-les-voy-a-acompanar.html\">el regreso de Amaia Montero<\/a> a La Oreja de Van Gogh, apenas unas semanas despu\u00e9s de que <a href=\"https:\/\/elpais.com\/cultura\/2025-04-08\/una-hora-y-media-con-leire-martinez-en-un-momento-determinado-aprendi-a-poner-limites-y-esto-no-gusto.html\" target=\"_blank\" rel=\"noreferrer nofollow noopener\" title=\"https:\/\/elpais.com\/cultura\/2025-04-08\/una-hora-y-media-con-leire-martinez-en-un-momento-determinado-aprendi-a-poner-limites-y-esto-no-gusto.html\">Leire Mart\u00ednez anunciara su abrupta salida<\/a> del grupo. Espa\u00f1a se qued\u00f3 agridulce ante uno de los retornos m\u00e1s aclamados por la generaci\u00f3n milenial y el aireado mal rollo. Sea como fuere, el grupo vendi\u00f3 m\u00e1s de 100.000 entradas en tan solo una hora, con sold out en ciudades tan ic\u00f3nicas para ellos como San Sebasti\u00e1n. Y el bombazo reactiv\u00f3 el inter\u00e9s emocional por una de las bandas m\u00e1s populares del pop espa\u00f1ol.<\/p>\n<p><img decoding=\"auto\" class=\"_re lazyload a_m-v\" height=\"586\"  width=\"414\"  src=\"https:\/\/www.europesays.com\/es\/wp-content\/uploads\/2025\/12\/C3V322ECPNH7RBQJFRELK7ZLNE.jpg\" loading=\"lazy\"\/>La imagen que presentaba el regreso de La Oreja de Van Gogh.<\/p>\n<p class=\"\">A comienzos de noviembre lleg\u00f3 un giro inesperado. El joven socialista <a href=\"https:\/\/elpais.com\/internacional\/2025-11-05\/el-joven-socialista-zohran-mamdani-conquista-nueva-york-con-su-promesa-de-cambio-frente-a-trump.html\" target=\"_blank\" rel=\"nofollow noopener\" title=\"https:\/\/elpais.com\/internacional\/2025-11-05\/el-joven-socialista-zohran-mamdani-conquista-nueva-york-con-su-promesa-de-cambio-frente-a-trump.html\">Zohran Mamdani<\/a>, de 34 a\u00f1os, conquistaba Nueva York con su promesa de cambio frente a Trump y se convert\u00eda en el primer alcalde musulm\u00e1n de la ciudad. Con un discurso alrededor de una visi\u00f3n progresista y de izquierda, centrado en pol\u00edticas sociales expansivas y en la inclusi\u00f3n, no ha parado de decir que Nueva York \u201cseguir\u00e1 siendo una ciudad de inmigrantes\u201d. Su \u00e9xito se debe en gran parte una campa\u00f1a fulgurante, apoyada en un dominio fuera de lo com\u00fan del lenguaje de las redes sociales.<\/p>\n<p class=\"\">Parece que han pasado ya varias vidas pero en realidad ha sido poco m\u00e1s de un mes desde que <a href=\"https:\/\/elpais.com\/cultura\/2025-10-27\/rosalia-lanza-berghain-flamenco-violines-sexo-y-bjork-en-un-club-berlines.html\" target=\"_blank\" rel=\"nofollow noopener\" title=\"https:\/\/elpais.com\/cultura\/2025-10-27\/rosalia-lanza-berghain-flamenco-violines-sexo-y-bjork-en-un-club-berlines.html\">Rosal\u00eda lo cambi\u00f3 todo<\/a> con el lanzamiento de Lux, el 7 de noviembre. Con temas en 13 idiomas, colaboraciones de Bj\u00f6rk e Yves Tumor y eventos sorpresa que paralizaron Times Square y Madrid, Rosal\u00eda se coron\u00f3 como la diosa moderna de la cultura pop que es. El mundo entero alab\u00f3 lo sobresaliente de Berghain y del disco completo: desde el legendario compositor Andrew Lloyd Webber (\u201cNo solo el \u00e1lbum del a\u00f1o, sino, creo, el de la d\u00e9cada\u201d, dijo en un v\u00eddeo) hasta cantantes de \u00f3pera, la publicaci\u00f3n Pitchfork o la London Symphony Orchestra, que colabora en el disco.<\/p>\n<p><img alt=\"Rosal\u00eda, personaje del a\u00f1o tras la publicaci\u00f3n de su nuevo \u00e1lbum, 'Lux'.\" decoding=\"auto\" class=\"_re lazyload a_m-v\" height=\"621\"  width=\"414\"  src=\"https:\/\/www.europesays.com\/es\/wp-content\/uploads\/2025\/12\/FPL7ZDIXDBHZVM73M2SPHRF6LY.jpg\" loading=\"lazy\"\/>Rosal\u00eda, personaje del a\u00f1o tras la publicaci\u00f3n de su nuevo \u00e1lbum, &#8216;Lux&#8217;.Neil Mockford (Getty Images)<\/p>\n<p class=\"\">Nos acercamos al invierno con <a href=\"https:\/\/elpais.com\/smoda\/moda\/2025-12-02\/blanco-transparente-y-con-escote-armado-el-vestido-con-el-que-sienna-miller-ha-anunciado-su-embarazo.html\" target=\"_blank\" rel=\"nofollow noopener\" title=\"https:\/\/elpais.com\/smoda\/moda\/2025-12-02\/blanco-transparente-y-con-escote-armado-el-vestido-con-el-que-sienna-miller-ha-anunciado-su-embarazo.html\">Sienna Miller anunciando su tercer embarazo<\/a>, a los 43 a\u00f1os, en los Fashion Awards de Londres, vestida con un luminoso vestido blanco semitransparente de Givenchy y junto a su pareja Oli Green. Un hito, el de gestar en la cuarentena, que hace unos a\u00f1os habr\u00eda sido impensable para una celebridad en activo, y que, m\u00e1s all\u00e1 de lo personal, refleja c\u00f3mo est\u00e1 cambiando el prisma social sobre la maternidad tard\u00eda (<a href=\"https:\/\/elpais.com\/gente\/2025-02-05\/gisele-bundchen-madre-de-su-tercer-hijo-y-el-primero-con-su-novio-joaquim-valente.html\" target=\"_blank\" rel=\"noreferrer nofollow noopener\" title=\"https:\/\/elpais.com\/gente\/2025-02-05\/gisele-bundchen-madre-de-su-tercer-hijo-y-el-primero-con-su-novio-joaquim-valente.html\">Gisele B\u00fcndchen dio a luz<\/a> a comienzos de a\u00f1o a su tercer hijo a los 44 a\u00f1os) pero tambi\u00e9n que las decisiones del cuerpo femenino siguen bajo un fuerte escrutinio p\u00fablico.<\/p>\n<p><img decoding=\"auto\" class=\"_re lazyload a_m-v\" height=\"582\"  width=\"414\"  src=\"https:\/\/www.europesays.com\/es\/wp-content\/uploads\/2025\/12\/56THTQ5LUNC6XLP5TC7C7I4VKU.jpg\" loading=\"lazy\"\/>LONDON, ENGLAND &#8211; DECEMBER 01: Sienna Miller attends The Fashion Awards 2025 presented by Pandora at the Royal Albert Hall on December 01, 2025 in London, England. (Photo by Samir Hussein\/WireImage)Samir Hussein (Samir Hussein\/WireImage)<\/p>\n<p class=\"\">El a\u00f1o cierra con cambios hist\u00f3ricos en el universo de la moda: tras 37 a\u00f1os, <a href=\"https:\/\/elpais.com\/smoda\/2025-09-02\/la-sucesora-de-anna-wintour-en-vogue-es-chloe-malle-hija-de-candice-bergen-y-louis-malle.html\" target=\"_blank\" rel=\"nofollow noopener\" title=\"https:\/\/elpais.com\/smoda\/2025-09-02\/la-sucesora-de-anna-wintour-en-vogue-es-chloe-malle-hija-de-candice-bergen-y-louis-malle.html\">Anna Wintour dej\u00f3 el cargo de directora de Vogue USA<\/a> con Chloe Malle como nueva \u201cjefa de contenido\u201d, que es como se llama ahora a las responsables de las cabeceras. Otro hito lo ha firmado Inditex, que por primera vez desde 2017 super\u00f3 en beneficios a LVMH, y Prada complet\u00f3 la compra de Versace por 1.375 millones de d\u00f3lares. La nota triste fue el adi\u00f3s a <a href=\"https:\/\/elpais.com\/smoda\/moda\/2025-09-04\/de-la-invencion-de-las-alfombras-rojas-a-las-modelos-sonrientes-todas-las-revoluciones-que-armani-inicio-en-la-moda.html\" target=\"_blank\" rel=\"nofollow noopener\" title=\"https:\/\/elpais.com\/smoda\/moda\/2025-09-04\/de-la-invencion-de-las-alfombras-rojas-a-las-modelos-sonrientes-todas-las-revoluciones-que-armani-inicio-en-la-moda.html\">Giorgio Armani, uno de los dise\u00f1adores m\u00e1s influyentes del \u00faltimo siglo<\/a>, que falleci\u00f3 a los 91 a\u00f1os el pasado mes de septiembre.<\/p>\n<p class=\"\">Y as\u00ed es como recordaremos lo que nos movi\u00f3, nos entretuvo y nos cambi\u00f3 en 2025.<\/p>\n","protected":false},"excerpt":{"rendered":"Si algo ha reafirmado 2025 es que la cultura pop sigue siendo imprevisible y que nada conecta m\u00e1s&hellip;\n","protected":false},"author":2,"featured_media":315144,"comment_status":"","ping_status":"","sticky":false,"template":"","format":"standard","meta":{"footnotes":""},"categories":[170],"tags":[32811,3451,146,147,25,24,7181,256,33775,8751,4885,7903,1023,184,185,23264,73810,72601,4147,65932,23,14277],"class_list":{"0":"post-315143","1":"post","2":"type-post","3":"status-publish","4":"format-standard","5":"has-post-thumbnail","7":"category-musica","8":"tag-anna-wintour","9":"tag-belleza","10":"tag-entertainment","11":"tag-entretenimiento","12":"tag-es","13":"tag-espana","14":"tag-estilo-vida","15":"tag-famosos","16":"tag-giorgio-armani","17":"tag-jacob-elordi","18":"tag-katy-perry","19":"tag-kim-kardashian","20":"tag-moda","21":"tag-music","22":"tag-musica","23":"tag-pasarelas-moda","24":"tag-pedro-pascual","25":"tag-resumen-anual","26":"tag-rosalia","27":"tag-sienna-miller","28":"tag-spain","29":"tag-sydney-sweeney"},"share_on_mastodon":{"url":"https:\/\/pubeurope.com\/@es\/115812697791725921","error":""},"_links":{"self":[{"href":"https:\/\/www.europesays.com\/es\/wp-json\/wp\/v2\/posts\/315143","targetHints":{"allow":["GET"]}}],"collection":[{"href":"https:\/\/www.europesays.com\/es\/wp-json\/wp\/v2\/posts"}],"about":[{"href":"https:\/\/www.europesays.com\/es\/wp-json\/wp\/v2\/types\/post"}],"author":[{"embeddable":true,"href":"https:\/\/www.europesays.com\/es\/wp-json\/wp\/v2\/users\/2"}],"replies":[{"embeddable":true,"href":"https:\/\/www.europesays.com\/es\/wp-json\/wp\/v2\/comments?post=315143"}],"version-history":[{"count":0,"href":"https:\/\/www.europesays.com\/es\/wp-json\/wp\/v2\/posts\/315143\/revisions"}],"wp:featuredmedia":[{"embeddable":true,"href":"https:\/\/www.europesays.com\/es\/wp-json\/wp\/v2\/media\/315144"}],"wp:attachment":[{"href":"https:\/\/www.europesays.com\/es\/wp-json\/wp\/v2\/media?parent=315143"}],"wp:term":[{"taxonomy":"category","embeddable":true,"href":"https:\/\/www.europesays.com\/es\/wp-json\/wp\/v2\/categories?post=315143"},{"taxonomy":"post_tag","embeddable":true,"href":"https:\/\/www.europesays.com\/es\/wp-json\/wp\/v2\/tags?post=315143"}],"curies":[{"name":"wp","href":"https:\/\/api.w.org\/{rel}","templated":true}]}}